{"id":50376,"date":"2016-05-25T07:35:42","date_gmt":"2016-05-25T10:35:42","guid":{"rendered":"http:\/\/www.hoymercedes.com.ar\/principal\/?p=50376"},"modified":"2016-05-24T22:49:06","modified_gmt":"2016-05-25T01:49:06","slug":"damian-defelippe-en-telefe-noticias-video","status":"publish","type":"post","link":"https:\/\/www.hoymercedes.com.ar\/principal\/2016\/05\/25\/damian-defelippe-en-telefe-noticias-video\/","title":{"rendered":"Dami\u00e1n Defelippe en Telefe Noticias (video)"},"content":{"rendered":"<p><img loading=\"lazy\" decoding=\"async\" data-attachment-id=\"50377\" data-permalink=\"https:\/\/www.hoymercedes.com.ar\/principal\/2016\/05\/25\/damian-defelippe-en-telefe-noticias-video\/25-damian-defelippe\/#main\" data-orig-file=\"https:\/\/www.hoymercedes.com.ar\/principal\/wp-content\/uploads\/2016\/05\/25-Damian-Defelippe.jpg\" data-orig-size=\"448,336\" data-comments-opened=\"1\" data-image-meta=\"{&quot;aperture&quot;:&quot;2.2&quot;,&quot;credit&quot;:&quot;&quot;,&quot;camera&quot;:&quot;MotoE2(4G-LTE)&quot;,&quot;caption&quot;:&quot;&quot;,&quot;created_timestamp&quot;:&quot;1464038105&quot;,&quot;copyright&quot;:&quot;&quot;,&quot;focal_length&quot;:&quot;2.471&quot;,&quot;iso&quot;:&quot;160&quot;,&quot;shutter_speed&quot;:&quot;0.02999&quot;,&quot;title&quot;:&quot;&quot;,&quot;orientation&quot;:&quot;0&quot;}\" data-image-title=\"25 Damian Defelippe\" data-image-description=\"\" data-image-caption=\"\" data-large-file=\"https:\/\/www.hoymercedes.com.ar\/principal\/wp-content\/uploads\/2016\/05\/25-Damian-Defelippe.jpg\" class=\"aligncenter size-full wp-image-50377\" src=\"https:\/\/www.hoymercedes.com.ar\/principal\/wp-content\/uploads\/2016\/05\/25-Damian-Defelippe.jpg\" alt=\"25 Damian Defelippe\" width=\"448\" height=\"336\" srcset=\"https:\/\/www.hoymercedes.com.ar\/principal\/wp-content\/uploads\/2016\/05\/25-Damian-Defelippe.jpg 448w, https:\/\/www.hoymercedes.com.ar\/principal\/wp-content\/uploads\/2016\/05\/25-Damian-Defelippe-150x113.jpg 150w\" sizes=\"auto, (max-width: 448px) 100vw, 448px\" \/>Por Ariel Musante \/ En la noche de este lunes se emiti\u00f3 en el noticiero del Canal Telefe un informe sobre la Selecci\u00f3n argentina de Amputados en la que el mercedino es arquero hace varios a\u00f1os. Los futbolistas pudieron contar su historia y luego mostraron su destreza en el campo de juego.<\/p>\n<p>En Telef\u00e9 Noticias se emiti\u00f3 este lunes un informe sobre la Selecci\u00f3n argentina de F\u00fatbol de Amputados y su arquero titular, el mercedino Dami\u00e1n Defelippe, particip\u00f3 en \u00e9l. Algunos jugadores contaron su experiencia y tambi\u00e9n mostraron su habilidad en la cancha.<\/p>\n<p><a href=\"http:\/\/telefenoticias.com.ar\/actualidad\/futbol-esperanza-la-seleccion-con-muletas\/\" target=\"_blank\" rel=\"noopener\">Dami\u00e1n Defelippe Video<\/a><\/p>\n<p><span class=\"embed-youtube\" style=\"text-align:center; display: block;\"><iframe loading=\"lazy\" class=\"youtube-player\" width=\"1200\" height=\"675\" src=\"https:\/\/www.youtube.com\/embed\/SJfxjNtpB_w?version=3&#038;rel=1&#038;showsearch=0&#038;showinfo=1&#038;iv_load_policy=1&#038;fs=1&#038;hl=es-ES&#038;autohide=2&#038;wmode=transparent\" allowfullscreen=\"true\" style=\"border:0;\" sandbox=\"allow-scripts allow-same-origin allow-popups allow-presentation allow-popups-to-escape-sandbox\"><\/iframe><\/span><\/p>\n<p>&nbsp;<\/p>\n","protected":false},"excerpt":{"rendered":"<p>Por Ariel Musante \/ En la noche de este lunes se emiti\u00f3 en el noticiero del Canal Telefe un informe &#8230; <a title=\"Dami\u00e1n Defelippe en Telefe Noticias (video)\" class=\"read-more\" href=\"https:\/\/www.hoymercedes.com.ar\/principal\/2016\/05\/25\/damian-defelippe-en-telefe-noticias-video\/\" aria-label=\"Leer m\u00e1s sobre Dami\u00e1n Defelippe en Telefe Noticias (video)\">Leer m\u00e1s<\/a><\/p>\n","protected":false},"author":1,"featured_media":50377,"comment_status":"open","ping_status":"open","sticky":false,"template":"","format":"standard","meta":{"_monsterinsights_skip_tracking":false,"_monsterinsights_sitenote_active":false,"_monsterinsights_sitenote_note":"","_monsterinsights_sitenote_category":0,"jetpack_post_was_ever_published":false,"_jetpack_newsletter_access":"","_jetpack_dont_email_post_to_subs":false,"_jetpack_newsletter_tier_id":0,"_jetpack_memberships_contains_paywalled_content":false,"_jetpack_memberships_contains_paid_content":false,"footnotes":"","jetpack_publicize_message":"","jetpack_publicize_feature_enabled":true,"jetpack_social_post_already_shared":true,"jetpack_social_options":{"image_generator_settings":{"template":"highway","default_image_id":0,"font":"","enabled":false},"version":2},"_wpas_customize_per_network":false},"categories":[21],"tags":[2789,204,1003,8733,9331],"class_list":["post-50376","post","type-post","status-publish","format-standard","has-post-thumbnail","hentry","category-deportes","tag-damian-defelippe","tag-deportes-2","tag-futbol","tag-musante","tag-seleccion-de-amputados","generate-columns","tablet-grid-50","mobile-grid-100","grid-parent","grid-50"],"jetpack_publicize_connections":[],"jetpack_featured_media_url":"https:\/\/www.hoymercedes.com.ar\/principal\/wp-content\/uploads\/2016\/05\/25-Damian-Defelippe.jpg","wps_subtitle":"Informe sobre el F\u00fatbol de Amputados","jetpack_sharing_enabled":true,"_links":{"self":[{"href":"https:\/\/www.hoymercedes.com.ar\/principal\/wp-json\/wp\/v2\/posts\/50376","targetHints":{"allow":["GET"]}}],"collection":[{"href":"https:\/\/www.hoymercedes.com.ar\/principal\/wp-json\/wp\/v2\/posts"}],"about":[{"href":"https:\/\/www.hoymercedes.com.ar\/principal\/wp-json\/wp\/v2\/types\/post"}],"author":[{"embeddable":true,"href":"https:\/\/www.hoymercedes.com.ar\/principal\/wp-json\/wp\/v2\/users\/1"}],"replies":[{"embeddable":true,"href":"https:\/\/www.hoymercedes.com.ar\/principal\/wp-json\/wp\/v2\/comments?post=50376"}],"version-history":[{"count":0,"href":"https:\/\/www.hoymercedes.com.ar\/principal\/wp-json\/wp\/v2\/posts\/50376\/revisions"}],"wp:featuredmedia":[{"embeddable":true,"href":"https:\/\/www.hoymercedes.com.ar\/principal\/wp-json\/wp\/v2\/media\/50377"}],"wp:attachment":[{"href":"https:\/\/www.hoymercedes.com.ar\/principal\/wp-json\/wp\/v2\/media?parent=50376"}],"wp:term":[{"taxonomy":"category","embeddable":true,"href":"https:\/\/www.hoymercedes.com.ar\/principal\/wp-json\/wp\/v2\/categories?post=50376"},{"taxonomy":"post_tag","embeddable":true,"href":"https:\/\/www.hoymercedes.com.ar\/principal\/wp-json\/wp\/v2\/tags?post=50376"}],"curies":[{"name":"wp","href":"https:\/\/api.w.org\/{rel}","templated":true}]}}