{"id":5039,"date":"2011-06-17T02:30:53","date_gmt":"2011-06-17T02:30:53","guid":{"rendered":"http:\/\/www.hoymercedes.com.ar\/principal\/?p=5039"},"modified":"2011-06-17T02:30:53","modified_gmt":"2011-06-17T02:30:53","slug":"el-intendente-carlos-selva-se-refirio-a-los-proximos-actos-en-mercedes","status":"publish","type":"post","link":"https:\/\/www.hoymercedes.com.ar\/principal\/2011\/06\/17\/el-intendente-carlos-selva-se-refirio-a-los-proximos-actos-en-mercedes\/","title":{"rendered":"El Intendente Carlos Selva se refiri\u00f3  a los pr\u00f3ximos actos en Mercedes"},"content":{"rendered":"<p>Anunci\u00f3 la presencia una vez m\u00e1s del Programa Pescado para Todos. Tambi\u00e9n se refiri\u00f3 a los festejos del 259\u00ba aniversario de la ciudad confirmando la participaci\u00f3n en el Instituto Mart\u00edn Rodr\u00edguez de los Aut\u00e9nticos Decadentes<\/p>\n<p>El intendente Carlos Selva convoc\u00f3  ayer a los medios de prensa de la ciudad para brindar un informe acerca de los pr\u00f3ximos actos que se concretar\u00e1n a lo largo de casi toda una semana comenzando con el anuncio de la llegada a nuestro medio nuevamente  del Programa Pescados para Todos, sostuvo \u201cen las ultimas horas del mi\u00e9rcoles nos lleg\u00f3 la informaci\u00f3n desde el Ministerio del Interior de la presencia en Mercedes a partir de este viernes pero para trabajar el s\u00e1bado y el domingo de los camiones pertenecientes a Pescados para Todos que volver\u00e1 a instalarse en la Estaci\u00f3n Trocha en los horarios que ya los vecinos de Mercedes conocen un programa del gobierno nacional que realmente ha tenido una aceptaci\u00f3n muy importante en nuestra comunidad por eso esta nueva visita que nos estar\u00e1n haciendo\u201d.<\/p>\n<p>M\u00e1s adelante se refiri\u00f3 a la realizaci\u00f3n desde este viernes del Primer Encuentro de Teatro callejero manifestando \u201ctendremos  desde este viernes hasta el d\u00eda lunes el Encuentro de Teatro Callejero, una iniciativa que naci\u00f3 en la Direcci\u00f3n de Cultura y con el trabajo de Fabi\u00e1n Morales y de Yuyo Montaldo.<\/p>\n<p>Ser\u00e1 17 cuerpos que estar\u00e1n presentando sus obras en los SUM, las plazas, en el CIC, el Jard\u00edn Maternal 2 con entrada libre y gratuita  para todos.<\/p>\n<p>Dentro de la agenda que tendremos no debemos olvidar los actos del 20 que me estaban diciendo hay probabilidades de lluvia, as\u00ed que no me pregunten que podr\u00eda pasar porque realmente no lo se, me estoy refiriendo al desfile c\u00edvico militar previsto para el d\u00eda lunes adem\u00e1s del acto protocolar por el D\u00eda de la Bandera en Plaza Belgrano.<\/p>\n<p>El martes vamos a tener las Jornadas de Salud en el marco del convenio que hicimos por la provincia que se ha sumado a la iniciativa de controlar a todos los participantes en los Juegos Bonaerenses por lo cual nos mandan los m\u00f3viles de salud con toda la aparatolog\u00eda necesaria y nosotros debemos poner los m\u00e9dicos que atiendan en los mismos realizando los diferentes controles. Este apoyo llega desde la Secretar\u00eda de Deportes provincial y se realizar\u00e1 en el Martin Rodr\u00edguez.<\/p>\n<p>El mi\u00e9rcoles 22 tendremos en el CIC, un lugar que orgullosamente mostramos comenzaremos a poner en Red  Inform\u00e1tica a los CAPS de Mercedes, esto quiere decir que cualquier m\u00e9dico desde donde se encuentre podr\u00e1 acceder a cualquier historia cl\u00ednica de un paciente que se haya atendido en cualquiera delos Centro que tenemos en el radio urbano o rural, incluso desde un celular, es una herramienta fundamental para el segundo nivel de atenci\u00f3n  que es en nuestro caso el hospital ya que cualquier m\u00e9dico del mismo podr\u00e1 articular su accionar con los m\u00e9dicos de las Salas con la particularidad que a la historia cl\u00ednica consultada no se le podr\u00e1 borrar nada dado el sistema especial que tiene pero si agregar nuevas prestaciones que se hayan efectuado.<\/p>\n<p>El jueves tendremos expresiones culturales en el teatro Intendente Julio C\u00e9sar Gioscio y en el Sal\u00f3n del Concejo Deliberante, una de ellas es la exposici\u00f3n de pintura de nuestra amiga la artista pl\u00e1stica Bety Campi para luego el viernes en materia de Turismo Social estaremos enviando a integrantes de la Tercera Edad  a trav\u00e9s de los programas de la Secretaria de Turismo de la Provincia a una visita guiada a  San Vicente concretamente a la Quinta 17 de Octubre donde estuviera viviendo en General Juan Domingo Per\u00f3n.<\/p>\n<p>El s\u00e1bado 25 estaremos viviendo un nuevo aniversario de nuestra ciudad, el 259 y hay que separar actos y festejos en dos etapas.<\/p>\n<p>Nosotros dese hace tiempo hac\u00edamos  todo lo protocolar en la plaza San Luis, luego el desfile sobre la 29 ye inmediatamente de finalizado el mismo comenzaba tambi\u00e9n sobre la 29 el gran festejo popular.<\/p>\n<p>Este a\u00f1os como no hay desfile vamos a organizar la fiesta de los mercedinos en el Mart\u00edn Rodr\u00edguez donde  desde las 14.00 hasta las 20.00 tendremos una gran movida con la presentaci\u00f3n de diferentes atracciones art\u00edsticas, humoristas, grupos de m\u00fasica de diferentes g\u00e9neros y el cierre con un grupo que ya vino a Mercedes dejando un muy buen recuerdo , un grupo que siempre quisimos volver a tener pero nunca se nos daba la posibilidad de estar disponible cuando nosotros pretend\u00edamos traerlo  y que es nada menos que Los Aut\u00e9nticos Decadentes  que viene a nuestra ciudad gracias al aporte del gobierno de la Provincia de Buenos Aires a trav\u00e9s de Loter\u00eda y Casinos, y como viene ocurriendo desde hace cuatro a\u00f1os este evento es totalmente libre y gratuita, con la participaci\u00f3n de artesanos, algunos puestos de venta de tortas fritas y empanadas, una cantina que no podr\u00e1 vender bebidas con alcohol y otros ingredientes para pasar la tarde con la familia disfrutando de un d\u00eda especial para toda la ciudad\u201d.<\/p>\n<p>&nbsp;<\/p>\n","protected":false},"excerpt":{"rendered":"<p>Anunci\u00f3 la presencia una vez m\u00e1s del Programa Pescado para Todos. Tambi\u00e9n se refiri\u00f3 a los festejos del 259\u00ba aniversario &#8230; <a title=\"El Intendente Carlos Selva se refiri\u00f3  a los pr\u00f3ximos actos en Mercedes\" class=\"read-more\" href=\"https:\/\/www.hoymercedes.com.ar\/principal\/2011\/06\/17\/el-intendente-carlos-selva-se-refirio-a-los-proximos-actos-en-mercedes\/\" aria-label=\"Leer m\u00e1s sobre El Intendente Carlos Selva se refiri\u00f3  a los pr\u00f3ximos actos en Mercedes\">Leer m\u00e1s<\/a><\/p>\n","protected":false},"author":1,"featured_media":0,"comment_status":"open","ping_status":"open","sticky":false,"template":"","format":"standard","meta":{"_monsterinsights_skip_tracking":false,"_monsterinsights_sitenote_active":false,"_monsterinsights_sitenote_note":"","_monsterinsights_sitenote_category":0,"jetpack_post_was_ever_published":false,"_jetpack_newsletter_access":"","_jetpack_dont_email_post_to_subs":false,"_jetpack_newsletter_tier_id":0,"_jetpack_memberships_contains_paywalled_content":false,"_jetpack_memberships_contains_paid_content":false,"footnotes":"","jetpack_publicize_message":"","jetpack_publicize_feature_enabled":true,"jetpack_social_post_already_shared":false,"jetpack_social_options":{"image_generator_settings":{"template":"highway","default_image_id":0,"font":"","enabled":false},"version":2},"_wpas_customize_per_network":false},"categories":[5],"tags":[10,18],"class_list":["post-5039","post","type-post","status-publish","format-standard","hentry","category-politica","tag-mercedes","tag-selva","generate-columns","tablet-grid-50","mobile-grid-100","grid-parent","grid-50"],"jetpack_publicize_connections":[],"jetpack_featured_media_url":"","wps_subtitle":"","jetpack_sharing_enabled":true,"_links":{"self":[{"href":"https:\/\/www.hoymercedes.com.ar\/principal\/wp-json\/wp\/v2\/posts\/5039","targetHints":{"allow":["GET"]}}],"collection":[{"href":"https:\/\/www.hoymercedes.com.ar\/principal\/wp-json\/wp\/v2\/posts"}],"about":[{"href":"https:\/\/www.hoymercedes.com.ar\/principal\/wp-json\/wp\/v2\/types\/post"}],"author":[{"embeddable":true,"href":"https:\/\/www.hoymercedes.com.ar\/principal\/wp-json\/wp\/v2\/users\/1"}],"replies":[{"embeddable":true,"href":"https:\/\/www.hoymercedes.com.ar\/principal\/wp-json\/wp\/v2\/comments?post=5039"}],"version-history":[{"count":0,"href":"https:\/\/www.hoymercedes.com.ar\/principal\/wp-json\/wp\/v2\/posts\/5039\/revisions"}],"wp:attachment":[{"href":"https:\/\/www.hoymercedes.com.ar\/principal\/wp-json\/wp\/v2\/media?parent=5039"}],"wp:term":[{"taxonomy":"category","embeddable":true,"href":"https:\/\/www.hoymercedes.com.ar\/principal\/wp-json\/wp\/v2\/categories?post=5039"},{"taxonomy":"post_tag","embeddable":true,"href":"https:\/\/www.hoymercedes.com.ar\/principal\/wp-json\/wp\/v2\/tags?post=5039"}],"curies":[{"name":"wp","href":"https:\/\/api.w.org\/{rel}","templated":true}]}}