{"id":50423,"date":"2016-05-26T15:01:15","date_gmt":"2016-05-26T18:01:15","guid":{"rendered":"http:\/\/www.hoymercedes.com.ar\/principal\/?p=50423"},"modified":"2016-05-26T15:01:15","modified_gmt":"2016-05-26T18:01:15","slug":"el-fronton-vencio-a-estudiantes-y-supero-a-trocha","status":"publish","type":"post","link":"https:\/\/www.hoymercedes.com.ar\/principal\/2016\/05\/26\/el-fronton-vencio-a-estudiantes-y-supero-a-trocha\/","title":{"rendered":"El Front\u00f3n venci\u00f3 a Estudiantes y super\u00f3 a Trocha"},"content":{"rendered":"<p>&nbsp;<\/p>\n<p><img loading=\"lazy\" decoding=\"async\" data-attachment-id=\"50425\" data-permalink=\"https:\/\/www.hoymercedes.com.ar\/principal\/2016\/05\/26\/el-fronton-vencio-a-estudiantes-y-supero-a-trocha\/26-primera-3\/#main\" data-orig-file=\"https:\/\/www.hoymercedes.com.ar\/principal\/wp-content\/uploads\/2016\/05\/26-Primera-3.png\" data-orig-size=\"440,360\" data-comments-opened=\"1\" data-image-meta=\"{&quot;aperture&quot;:&quot;0&quot;,&quot;credit&quot;:&quot;&quot;,&quot;camera&quot;:&quot;&quot;,&quot;caption&quot;:&quot;&quot;,&quot;created_timestamp&quot;:&quot;0&quot;,&quot;copyright&quot;:&quot;&quot;,&quot;focal_length&quot;:&quot;0&quot;,&quot;iso&quot;:&quot;0&quot;,&quot;shutter_speed&quot;:&quot;0&quot;,&quot;title&quot;:&quot;&quot;,&quot;orientation&quot;:&quot;0&quot;}\" data-image-title=\"26 Primera (3)\" data-image-description=\"\" data-image-caption=\"\" data-large-file=\"https:\/\/www.hoymercedes.com.ar\/principal\/wp-content\/uploads\/2016\/05\/26-Primera-3.png\" class=\"aligncenter size-full wp-image-50425\" src=\"https:\/\/www.hoymercedes.com.ar\/principal\/wp-content\/uploads\/2016\/05\/26-Primera-3.png\" alt=\"26 Primera (3)\" width=\"440\" height=\"360\" srcset=\"https:\/\/www.hoymercedes.com.ar\/principal\/wp-content\/uploads\/2016\/05\/26-Primera-3.png 440w, https:\/\/www.hoymercedes.com.ar\/principal\/wp-content\/uploads\/2016\/05\/26-Primera-3-150x123.png 150w\" sizes=\"auto, (max-width: 440px) 100vw, 440px\" \/><\/p>\n<p><strong><em>Por Ariel Musante \/ Se complet\u00f3 la sexta fecha de la Primera Divisi\u00f3n de la Liga Mercedina y los de San Andr\u00e9s de Giles aprovecharon que la Carbonilla qued\u00f3 libre y venciendo a Estudiantes pasaron al frente en el campeonato. Quilmes empat\u00f3 con Palometas y Comunicaciones es la sorpresa: venci\u00f3 a Ateneo y se prende en la pelea.<\/em><\/strong><\/p>\n<p>Empiezan a cortarse los equipos que buscar\u00e1n el primer lugar clasificatorio en la tabla a la Liguilla en el Apertura de la Liga Mercedina y cuando ya se jug\u00f3 la mitad del campeonato, empiezan a verse los primeros que se cortan en la lucha de los puestos de vanguardia y los que estar\u00e1n en el segundo pelot\u00f3n.<\/p>\n<p>Este mi\u00e9rcoles se aprovech\u00f3 el feriado para que se jueguen los cuatro partidos que restaban de la fecha seis, todos en la ciudad de Mercedes y en cancha de la LMF, comenz\u00f3 temprano el feriado con f\u00fatbol con la victoria de Comunicaciones por 1 a 0 ante Ateneo, meti\u00e9ndose de lleno en la conversaci\u00f3n de los primeros puestos, ya que el cartero alcanz\u00f3 a Mercedes y al t\u00e9rmino de la jornada le est\u00e1 forzando el tercer puesto. El \u00fanico gol del encuentro lo hizo Germ\u00e1n Lucero.<\/p>\n<p>Luego fue el turno de Quilmes ante Palometas. Ambos equipos necesitaban ganar porque sab\u00edan que no sumar de a tres era alejarse, para el Cervecero, de la lucha por la punta y para el Granate, de los puestos de Liguilla. Sin embargo, terminaron empatados en uno. Los goles llegaron en el \u00faltimo cuarto de hora. Primero Facundo Paganini de cabeza tras un tiro libre y luego, a cinco del final, Agust\u00edn Malano dentro del \u00e1rea luego de un centro desde la izquierda de Alejandro Castro.<\/p>\n<p>El tercer partido era el de Estudiantes y El Front\u00f3n, en uno de los encuentros esperados de la jornada por lo que en la previa pod\u00edan aportar ambos y cumplieron. El primer tiempo tuvo una primera media hora interesante, con un partido de ida y vuelta en el que los de San Andr\u00e9s de Giles mostraban mejor juego asociado, aunque los de Losino supieron enarbolar jugadas que terminaron en las manos de Roncoroni. El primer gol del partido fue para la visita, luego de que el Pincha malograra una situaci\u00f3n, la contra surgi\u00f3 con Pedro Gussoni y tras una distracci\u00f3n de la defensa y el arquero Borrasca y Morada, desde el suelo, pudo convertir el 1 a 0. Un centro desde la izquierda de Juan Lombardo fue cabeceado por Alday y Roncoroni con buenos reflejos ataj\u00f3, pero dio un rebote largo que fue tomado por N\u00e9stor Lescano para fusilar al arquero metiendo la pelota en la red.<\/p>\n<p>El \u00faltimo cuarto de hora del primer tiempo y los primeros 15 del segundo fueron lo peor que se vio el partido, donde abundaron las amonestaciones, el juego desprolijo y las protestas. Sin embargo, la \u00faltima media hora de partido fue interesante, ya que Estudiantes intent\u00f3 adelantar sus filas para ganarlo y eso le dio los espacios necesarios para el contragolpe letal de El Front\u00f3n que hizo figura a un Borrasca que en una sola no pudo salvar su arco y que termin\u00f3 con la victoria del nuevo puntero. Buena jugada de Pacheco, frontal al \u00e1rea, empal\u00f3 la pelota sobre la defensa y habilit\u00f3 a Lozano que pate\u00f3 por arriba del arquero para poner el 2 a 1. Estudiantes se fue quedando sin respuestas y termin\u00f3 perdiendo el partido y terreno en el torneo.<\/p>\n<p>El \u00faltimo partido de la jornada fue el del empate 2 a 2 entre V\u00e9lez y Juventud, un resultado que m\u00e1s que sumar, rest\u00f3 para ambos. Comenz\u00f3 ganando el equipo del barrio El Molino con gol de Luciano Apariente y luego lleg\u00f3 el empate del Lechero a trav\u00e9s de Dami\u00e1n Mu\u00f1oz. Luego, Agust\u00edn Tapia volvi\u00f3 a poner arriba al cuadro mercedino, pero el empate final lleg\u00f3 gracias a Mauro Correa.<\/p>\n<p>&nbsp;<\/p>\n<p><strong>S\u00edntesis<\/strong><\/p>\n<p>Ateneo 0: Maximiliano Gim\u00e9nez, Mat\u00edas Dono, Nelson Denis, Maximiliano Arzani, Mariano Villone, Agust\u00edn Flaherty, Jorge Montenegro, Mauro Filipini, \u00c1ngel Pucheta, Maximiliano Becerra y Nicol\u00e1s P\u00e9rez. Relevos: Camilo Andreoli, Franco L\u00f3pez, Jonathan Damonte, Exequiel G\u00f3mez, Alejandro Cardozo y Diego Gorosito. DT: Ariel Pilia<\/p>\n<p>Comunicaciones 1: Mat\u00edas Ag\u00fcero, Gustavo Morales, Agust\u00edn Silva, Juli\u00e1n Ag\u00fcero, Franco Torres, Oscar Morales, Enzo Mendoza, Mario Morales, Nery Lazarte, Germ\u00e1n Lucero y Mariano Mart\u00edn. Relevos: Gabriel Cejas, Juan Cruz Torres, Diego Gianaschi, Jonatan Bartolomeo, Mart\u00edn Ag\u00fcero, Mart\u00edn S\u00e1nchez y Marcos Camargo. DT: Julio Torres.<\/p>\n<p>Gol: Germ\u00e1n Lucero para Comunicaciones.<\/p>\n<p>&nbsp;<\/p>\n<p>Quilmes 1: Federico Grosso, Lucas Montero, Mat\u00edas Fern\u00e1ndez, Rolando Schiavi, Federico Blanco, Maximiliano Lobos, Mariano Brehinier, Facundo Quiroga, Diego Ludue\u00f1a, Agust\u00edn Malano, Gino Jada Traus. Relevos: Francisco Bavastro, Nicol\u00e1s Mangoni, Federico Malano, Joaqu\u00edn Villa, Juan Giorgione, Alejandro Carrera. DT: Juan Ignacio Menendez.<\/p>\n<p>Palometas 1: Jos\u00e9 Ventura, Fausto Can\u00e9, Facundo Pinto, Manuel Gonz\u00e1lez, Gustavo Medone, Facundo Paganini, David Bertera, Nicol\u00e1s Aranda, Carlos Schefer, Nicol\u00e1s Rodr\u00edguez, Diego Figueredo. Relevos: Ari Zambrano, Marcelo Carpanetto, Federico Flores Arce, Maximiliano Annovelli, Federico Luque y Edward Doria. DT: Santiago Portessi.<\/p>\n<p>Goles: Agust\u00edn Malano para Quilmes. Facundo Paganini para Palometas.<\/p>\n<p>&nbsp;<\/p>\n<p>Estudiantes 1: Tom\u00e1s Borrasca, Leandro Vignau, Lucas Picone, Nicol\u00e1s Nava, Juan Lombardo, Federico Bassi, Ra\u00fal Quintana, Gast\u00f3n Godoy, Ort\u00edz, N\u00e9stor Lescano y Mario Alday. Relevos: Esteban Risio, Leandro Arg\u00fcello, Agust\u00edn Vivas, Gustavo Mi\u00f1o y Agust\u00edn Dur\u00e1n. DT: Ra\u00fal Lossino.<\/p>\n<p>El Front\u00f3n 2: Roncoroni, Pablo D\u00edaz, Fabricio Paganini, Juan Gasparro, Daniel Busca, Pedro Gussoni, Federico Grosso, Mart\u00edn Bonetti, Gast\u00f3n Lozano, Blas Tallarico y Alejandro Morada. Relevos: Rodr\u00edguez, Marino, Pacheco, Curva, Damico, Juan Ram\u00edrez y Jos\u00e9 Mansilla.<\/p>\n<p>Goles: N\u00e9stor Lescano para Estudiantes. Alejandro Morada y Gast\u00f3n Lozano para El Front\u00f3n.<\/p>\n<p>&nbsp;<\/p>\n<p>V\u00e9lez 2: David Br\u00edzolis, Mariano Carretero, Patricio Vardacas, Agust\u00edn Cuello, Carlos Pacheco, C\u00e9sar Douat, Sebasti\u00e1n Rodr\u00edguez, Lucas Ver\u00f3n, Luciano Apariente, Agust\u00edn Tapia, Deivi Gonz\u00e1lez. Relevos: Sebasti\u00e1n Viola, Daniel Jara, Jonathan Ull\u00faa, Joaqu\u00edn Fern\u00e1ndez. DT: Oscar Pinilla<\/p>\n<p>Juventud 2: Pablo Fontana, Juan Cruz Calvo, Ezequiel Rojas, Ferm\u00edn Salaverry, Daniel Mu\u00f1oz, Federico Clarac, Sebasti\u00e1n Parodi, Mart\u00edn Correa, Hern\u00e1n Carreto, Mauro Correa, Mat\u00edas S\u00e1nchez. Relevos: Ezequiel Bondanza, Alejo Mess\u00eda, Juan Mess\u00eda, Nicol\u00e1s Minetti y Gonz\u00e1lez. DT: Daniel Correa.<\/p>\n<p>Goles: Luciano Apariente y Agust\u00edn Tapia para V\u00e9lez. Daniel Mu\u00f1oz y Mauro Correa para Juventud.<br \/>\n<strong>Pr\u00f3xima fecha 8\u00b0<\/strong><\/p>\n<p>S\u00e1bado 28 de mayo, cancha Liga Mercedina<br \/>\n13 hs. Estudiantes Vs. Pabell\u00f3n Argentino<br \/>\n15 hs. Ateneo Vs. El Front\u00f3n<\/p>\n<p>Domingo 29 de mayo, cancha Liga Mercedina<br \/>\n11 hs. Trocha Vs. El Tim\u00f3n<br \/>\n13 hs. Quilmes Vs. Mercedes<br \/>\n15 hs. Comunicaciones Vs. V\u00e9lez<\/p>\n<p>Domingo 29 de mayo, cancha San Marcos<br \/>\n11:00 hs. San Marcos FC Vs. Los Palometas<\/p>\n<p><img loading=\"lazy\" decoding=\"async\" data-attachment-id=\"50424\" data-permalink=\"https:\/\/www.hoymercedes.com.ar\/principal\/2016\/05\/26\/el-fronton-vencio-a-estudiantes-y-supero-a-trocha\/26-goleadores-primera-3\/#main\" data-orig-file=\"https:\/\/www.hoymercedes.com.ar\/principal\/wp-content\/uploads\/2016\/05\/26-Goleadores-Primera-3.png\" data-orig-size=\"312,789\" data-comments-opened=\"1\" data-image-meta=\"{&quot;aperture&quot;:&quot;0&quot;,&quot;credit&quot;:&quot;&quot;,&quot;camera&quot;:&quot;&quot;,&quot;caption&quot;:&quot;&quot;,&quot;created_timestamp&quot;:&quot;0&quot;,&quot;copyright&quot;:&quot;&quot;,&quot;focal_length&quot;:&quot;0&quot;,&quot;iso&quot;:&quot;0&quot;,&quot;shutter_speed&quot;:&quot;0&quot;,&quot;title&quot;:&quot;&quot;,&quot;orientation&quot;:&quot;0&quot;}\" data-image-title=\"26 Goleadores Primera (3)\" data-image-description=\"\" data-image-caption=\"\" data-large-file=\"https:\/\/www.hoymercedes.com.ar\/principal\/wp-content\/uploads\/2016\/05\/26-Goleadores-Primera-3.png\" class=\"aligncenter size-medium wp-image-50424\" src=\"https:\/\/www.hoymercedes.com.ar\/principal\/wp-content\/uploads\/2016\/05\/26-Goleadores-Primera-3-245x620.png\" alt=\"26 Goleadores Primera (3)\" width=\"245\" height=\"620\" srcset=\"https:\/\/www.hoymercedes.com.ar\/principal\/wp-content\/uploads\/2016\/05\/26-Goleadores-Primera-3-245x620.png 245w, https:\/\/www.hoymercedes.com.ar\/principal\/wp-content\/uploads\/2016\/05\/26-Goleadores-Primera-3-59x150.png 59w, https:\/\/www.hoymercedes.com.ar\/principal\/wp-content\/uploads\/2016\/05\/26-Goleadores-Primera-3.png 312w\" sizes=\"auto, (max-width: 245px) 100vw, 245px\" \/><\/p>\n","protected":false},"excerpt":{"rendered":"<p>&nbsp; Por Ariel Musante \/ Se complet\u00f3 la sexta fecha de la Primera Divisi\u00f3n de la Liga Mercedina y los &#8230; <a title=\"El Front\u00f3n venci\u00f3 a Estudiantes y super\u00f3 a Trocha\" class=\"read-more\" href=\"https:\/\/www.hoymercedes.com.ar\/principal\/2016\/05\/26\/el-fronton-vencio-a-estudiantes-y-supero-a-trocha\/\" aria-label=\"Leer m\u00e1s sobre El Front\u00f3n venci\u00f3 a Estudiantes y super\u00f3 a Trocha\">Leer m\u00e1s<\/a><\/p>\n","protected":false},"author":1,"featured_media":50425,"comment_status":"open","ping_status":"open","sticky":false,"template":"","format":"standard","meta":{"_monsterinsights_skip_tracking":false,"_monsterinsights_sitenote_active":false,"_monsterinsights_sitenote_note":"","_monsterinsights_sitenote_category":0,"jetpack_post_was_ever_published":false,"_jetpack_newsletter_access":"","_jetpack_dont_email_post_to_subs":false,"_jetpack_newsletter_tier_id":0,"_jetpack_memberships_contains_paywalled_content":false,"_jetpack_memberships_contains_paid_content":false,"footnotes":"","jetpack_publicize_message":"","jetpack_publicize_feature_enabled":true,"jetpack_social_post_already_shared":true,"jetpack_social_options":{"image_generator_settings":{"template":"highway","default_image_id":0,"font":"","enabled":false},"version":2},"_wpas_customize_per_network":false},"categories":[21],"tags":[204,1003,1901,8733],"class_list":["post-50423","post","type-post","status-publish","format-standard","has-post-thumbnail","hentry","category-deportes","tag-deportes-2","tag-futbol","tag-liga-mercedina","tag-musante","generate-columns","tablet-grid-50","mobile-grid-100","grid-parent","grid-50"],"jetpack_publicize_connections":[],"jetpack_featured_media_url":"https:\/\/www.hoymercedes.com.ar\/principal\/wp-content\/uploads\/2016\/05\/26-Primera-3.png","wps_subtitle":"Cambia la punta en el Apertura","jetpack_sharing_enabled":true,"_links":{"self":[{"href":"https:\/\/www.hoymercedes.com.ar\/principal\/wp-json\/wp\/v2\/posts\/50423","targetHints":{"allow":["GET"]}}],"collection":[{"href":"https:\/\/www.hoymercedes.com.ar\/principal\/wp-json\/wp\/v2\/posts"}],"about":[{"href":"https:\/\/www.hoymercedes.com.ar\/principal\/wp-json\/wp\/v2\/types\/post"}],"author":[{"embeddable":true,"href":"https:\/\/www.hoymercedes.com.ar\/principal\/wp-json\/wp\/v2\/users\/1"}],"replies":[{"embeddable":true,"href":"https:\/\/www.hoymercedes.com.ar\/principal\/wp-json\/wp\/v2\/comments?post=50423"}],"version-history":[{"count":0,"href":"https:\/\/www.hoymercedes.com.ar\/principal\/wp-json\/wp\/v2\/posts\/50423\/revisions"}],"wp:featuredmedia":[{"embeddable":true,"href":"https:\/\/www.hoymercedes.com.ar\/principal\/wp-json\/wp\/v2\/media\/50425"}],"wp:attachment":[{"href":"https:\/\/www.hoymercedes.com.ar\/principal\/wp-json\/wp\/v2\/media?parent=50423"}],"wp:term":[{"taxonomy":"category","embeddable":true,"href":"https:\/\/www.hoymercedes.com.ar\/principal\/wp-json\/wp\/v2\/categories?post=50423"},{"taxonomy":"post_tag","embeddable":true,"href":"https:\/\/www.hoymercedes.com.ar\/principal\/wp-json\/wp\/v2\/tags?post=50423"}],"curies":[{"name":"wp","href":"https:\/\/api.w.org\/{rel}","templated":true}]}}