{"id":50471,"date":"2016-05-27T12:58:28","date_gmt":"2016-05-27T15:58:28","guid":{"rendered":"http:\/\/www.hoymercedes.com.ar\/principal\/?p=50471"},"modified":"2016-05-27T12:58:28","modified_gmt":"2016-05-27T15:58:28","slug":"se-espera-la-resolucion-por-el-homicidio-de-jonathan-fat","status":"publish","type":"post","link":"https:\/\/www.hoymercedes.com.ar\/principal\/2016\/05\/27\/se-espera-la-resolucion-por-el-homicidio-de-jonathan-fat\/","title":{"rendered":"Se espera la resoluci\u00f3n por el homicidio de Jonathan Fat"},"content":{"rendered":"<p>El mi\u00e9rcoles 18 se realiz\u00f3 la tercer y \u00faltima jornada del juicio por el homicidio de Jonathan Fat, ocurrido en enero de 2013. Se esperaba conocer el fallo en la jornada de hoy, pero como consecuencia de los paros de judiciales se pospuso para el pr\u00f3ximo mi\u00e9rcoles 1\u00ba de junio.<\/p>\n<p>Ante el Tribunal Oral en lo Criminal N\u00ba 3, conformado por los doctores Eduardo Cost\u00eda, Alejandro Caride y Ricardo Marf\u00eda, las partes alegaron.<\/p>\n<p>La fiscal\u00eda sostuvo la calificaci\u00f3n de \u201cHomicidio simple\u201d y pidi\u00f3 15 a\u00f1os para los dos imputados. Las defensas de Roberto Al\u00ed y Omar Ram\u00edrez \u2013 Carlos Yermanos y Ariel Fusco respectivamente \u2013 sostuvieron la leg\u00edtima defensa, o en su defecto que se encuadre en \u201cHomicidio en ri\u00f1a\u201d, enfrent\u00e1ndose una vez m\u00e1s con la fiscal\u00eda por la calificaci\u00f3n.<\/p>\n","protected":false},"excerpt":{"rendered":"<p>El mi\u00e9rcoles 18 se realiz\u00f3 la tercer y \u00faltima jornada del juicio por el homicidio de Jonathan Fat, ocurrido en &#8230; <a title=\"Se espera la resoluci\u00f3n por el homicidio de Jonathan Fat\" class=\"read-more\" href=\"https:\/\/www.hoymercedes.com.ar\/principal\/2016\/05\/27\/se-espera-la-resolucion-por-el-homicidio-de-jonathan-fat\/\" aria-label=\"Leer m\u00e1s sobre Se espera la resoluci\u00f3n por el homicidio de Jonathan Fat\">Leer m\u00e1s<\/a><\/p>\n","protected":false},"author":1,"featured_media":49832,"comment_status":"open","ping_status":"open","sticky":false,"template":"","format":"standard","meta":{"_monsterinsights_skip_tracking":false,"_monsterinsights_sitenote_active":false,"_monsterinsights_sitenote_note":"","_monsterinsights_sitenote_category":0,"jetpack_post_was_ever_published":false,"_jetpack_newsletter_access":"","_jetpack_dont_email_post_to_subs":false,"_jetpack_newsletter_tier_id":0,"_jetpack_memberships_contains_paywalled_content":false,"_jetpack_memberships_contains_paid_content":false,"footnotes":"","jetpack_publicize_message":"","jetpack_publicize_feature_enabled":true,"jetpack_social_post_already_shared":true,"jetpack_social_options":{"image_generator_settings":{"template":"highway","default_image_id":0,"font":"","enabled":false},"version":2},"_wpas_customize_per_network":false},"categories":[85],"tags":[9351,3156,9212],"class_list":["post-50471","post","type-post","status-publish","format-standard","has-post-thumbnail","hentry","category-policial","tag-homicidio","tag-jonathan-fat","tag-juicio","generate-columns","tablet-grid-50","mobile-grid-100","grid-parent","grid-50"],"jetpack_publicize_connections":[],"jetpack_featured_media_url":"https:\/\/www.hoymercedes.com.ar\/principal\/wp-content\/uploads\/2016\/05\/fat1.jpg","wps_subtitle":"En el TOC N\u00b0 3","jetpack_sharing_enabled":true,"_links":{"self":[{"href":"https:\/\/www.hoymercedes.com.ar\/principal\/wp-json\/wp\/v2\/posts\/50471","targetHints":{"allow":["GET"]}}],"collection":[{"href":"https:\/\/www.hoymercedes.com.ar\/principal\/wp-json\/wp\/v2\/posts"}],"about":[{"href":"https:\/\/www.hoymercedes.com.ar\/principal\/wp-json\/wp\/v2\/types\/post"}],"author":[{"embeddable":true,"href":"https:\/\/www.hoymercedes.com.ar\/principal\/wp-json\/wp\/v2\/users\/1"}],"replies":[{"embeddable":true,"href":"https:\/\/www.hoymercedes.com.ar\/principal\/wp-json\/wp\/v2\/comments?post=50471"}],"version-history":[{"count":0,"href":"https:\/\/www.hoymercedes.com.ar\/principal\/wp-json\/wp\/v2\/posts\/50471\/revisions"}],"wp:featuredmedia":[{"embeddable":true,"href":"https:\/\/www.hoymercedes.com.ar\/principal\/wp-json\/wp\/v2\/media\/49832"}],"wp:attachment":[{"href":"https:\/\/www.hoymercedes.com.ar\/principal\/wp-json\/wp\/v2\/media?parent=50471"}],"wp:term":[{"taxonomy":"category","embeddable":true,"href":"https:\/\/www.hoymercedes.com.ar\/principal\/wp-json\/wp\/v2\/categories?post=50471"},{"taxonomy":"post_tag","embeddable":true,"href":"https:\/\/www.hoymercedes.com.ar\/principal\/wp-json\/wp\/v2\/tags?post=50471"}],"curies":[{"name":"wp","href":"https:\/\/api.w.org\/{rel}","templated":true}]}}