{"id":5048,"date":"2011-06-17T15:52:42","date_gmt":"2011-06-17T15:52:42","guid":{"rendered":"http:\/\/www.hoymercedes.com.ar\/principal\/?p=5048"},"modified":"2011-06-17T15:52:42","modified_gmt":"2011-06-17T15:52:42","slug":"ya-se-puede-llamar-al-911-desde-telefonos-fijos-en-mercedes","status":"publish","type":"post","link":"https:\/\/www.hoymercedes.com.ar\/principal\/2011\/06\/17\/ya-se-puede-llamar-al-911-desde-telefonos-fijos-en-mercedes\/","title":{"rendered":"Ya se puede llamar al 911 desde tel\u00e9fonos fijos en Mercedes"},"content":{"rendered":"<p>La empresa Telef\u00f3nica de Argentina pudo finalmente solucionar en inconveniente que exist\u00eda en principio en su central de comunicaciones de nuestra ciudad.  Ya se puede llamar desde un tel\u00e9fono fijo al 911 en lugar de hacerlo como hasta ahora al denominado 101 mejorado<\/p>\n<p>En numerosas oportunidades vecinos de nuestra ciudad hicieron llegar sus quejas a los medios de prensa locales debido a que cuando llamaban al n\u00famero de emergencia 911 se les informaba que dicho n\u00famero no pertenec\u00eda a un abonado en servicio impidiendo de esa forma una r\u00e1pida conexi\u00f3n con las autoridades policiales en caso de haber sufrido alg\u00fan inconveniente de importancia.<\/p>\n<p>Cuando hace algunos meses se llev\u00f3 a cabo una charla relacionada con la prestaci\u00f3n en nuestra ciudad de los principales referentes policiales de la provincia explicando  los alcances y beneficios de concentrar todos los llamados en demanda de ayuda a la polic\u00eda en el n\u00famero 911, charla efectuada en el Complejo Ameghino Mar\u00edn, se dio la explicaci\u00f3n correspondiente acerca de cuales eran los motivos por os cuales desde un tel\u00e9fono fijo era imposible comunicarse con el 911 y porque si se pod\u00eda efectuar desde un aparato de telefon\u00eda m\u00f3vil de cualquiera de las empresas que operan en el mercado s\u00ed se pod\u00eda hacer, destacando q1ue para reemplazar la falencia que se produc\u00eda debido a un problema existente en la central que la empresa Telef\u00f3nica de Argentina ten\u00eda en la faz local inform\u00e1ndose en dicho momento que se estaba trabajando en solucionar el problema t\u00e9cnico que exist\u00eda y que hasta que no se llegara a una soluci\u00f3n los vecinos con tel\u00e9fonos fijos deb\u00edan llamar al 101,<\/p>\n<p>Ayer el Director de Seguridad del municipio, Esteban Rossi inform\u00f3 oficialmente que la empresa operadora del servicio local de telefon\u00eda pudo finalmente solucionar dicho inconveniente y desde ahora ya se puede llamar desde cualquier tel\u00e9fono fijo al 911 adem\u00e1s de continuar con la prestaci\u00f3n tambi\u00e9n en el 911 de la atenci\u00f3n de personas que llaman desde un aparato m\u00f3vil.<\/p>\n","protected":false},"excerpt":{"rendered":"<p>La empresa Telef\u00f3nica de Argentina pudo finalmente solucionar en inconveniente que exist\u00eda en principio en su central de comunicaciones de &#8230; <a title=\"Ya se puede llamar al 911 desde tel\u00e9fonos fijos en Mercedes\" class=\"read-more\" href=\"https:\/\/www.hoymercedes.com.ar\/principal\/2011\/06\/17\/ya-se-puede-llamar-al-911-desde-telefonos-fijos-en-mercedes\/\" aria-label=\"Leer m\u00e1s sobre Ya se puede llamar al 911 desde tel\u00e9fonos fijos en Mercedes\">Leer m\u00e1s<\/a><\/p>\n","protected":false},"author":1,"featured_media":0,"comment_status":"open","ping_status":"open","sticky":false,"template":"","format":"standard","meta":{"_monsterinsights_skip_tracking":false,"_monsterinsights_sitenote_active":false,"_monsterinsights_sitenote_note":"","_monsterinsights_sitenote_category":0,"jetpack_post_was_ever_published":false,"_jetpack_newsletter_access":"","_jetpack_dont_email_post_to_subs":false,"_jetpack_newsletter_tier_id":0,"_jetpack_memberships_contains_paywalled_content":false,"_jetpack_memberships_contains_paid_content":false,"footnotes":"","jetpack_publicize_message":"","jetpack_publicize_feature_enabled":true,"jetpack_social_post_already_shared":false,"jetpack_social_options":{"image_generator_settings":{"template":"highway","default_image_id":0,"font":"","enabled":false},"version":2},"_wpas_customize_per_network":false},"categories":[8],"tags":[499],"class_list":["post-5048","post","type-post","status-publish","format-standard","hentry","category-sociedad","tag-499","generate-columns","tablet-grid-50","mobile-grid-100","grid-parent","grid-50"],"jetpack_publicize_connections":[],"jetpack_featured_media_url":"","wps_subtitle":"","jetpack_sharing_enabled":true,"_links":{"self":[{"href":"https:\/\/www.hoymercedes.com.ar\/principal\/wp-json\/wp\/v2\/posts\/5048","targetHints":{"allow":["GET"]}}],"collection":[{"href":"https:\/\/www.hoymercedes.com.ar\/principal\/wp-json\/wp\/v2\/posts"}],"about":[{"href":"https:\/\/www.hoymercedes.com.ar\/principal\/wp-json\/wp\/v2\/types\/post"}],"author":[{"embeddable":true,"href":"https:\/\/www.hoymercedes.com.ar\/principal\/wp-json\/wp\/v2\/users\/1"}],"replies":[{"embeddable":true,"href":"https:\/\/www.hoymercedes.com.ar\/principal\/wp-json\/wp\/v2\/comments?post=5048"}],"version-history":[{"count":0,"href":"https:\/\/www.hoymercedes.com.ar\/principal\/wp-json\/wp\/v2\/posts\/5048\/revisions"}],"wp:attachment":[{"href":"https:\/\/www.hoymercedes.com.ar\/principal\/wp-json\/wp\/v2\/media?parent=5048"}],"wp:term":[{"taxonomy":"category","embeddable":true,"href":"https:\/\/www.hoymercedes.com.ar\/principal\/wp-json\/wp\/v2\/categories?post=5048"},{"taxonomy":"post_tag","embeddable":true,"href":"https:\/\/www.hoymercedes.com.ar\/principal\/wp-json\/wp\/v2\/tags?post=5048"}],"curies":[{"name":"wp","href":"https:\/\/api.w.org\/{rel}","templated":true}]}}