{"id":50494,"date":"2016-05-29T15:22:30","date_gmt":"2016-05-29T18:22:30","guid":{"rendered":"http:\/\/www.hoymercedes.com.ar\/principal\/?p=50494"},"modified":"2016-05-28T15:35:14","modified_gmt":"2016-05-28T18:35:14","slug":"la-ensenanza-y-el-aprendizaje-a-traves-del-cine","status":"publish","type":"post","link":"https:\/\/www.hoymercedes.com.ar\/principal\/2016\/05\/29\/la-ensenanza-y-el-aprendizaje-a-traves-del-cine\/","title":{"rendered":"La ense\u00f1anza y el aprendizaje a trav\u00e9s del cine"},"content":{"rendered":"<p><img loading=\"lazy\" decoding=\"async\" data-attachment-id=\"50495\" data-permalink=\"https:\/\/www.hoymercedes.com.ar\/principal\/2016\/05\/29\/la-ensenanza-y-el-aprendizaje-a-traves-del-cine\/29-choristes_2003_21\/#main\" data-orig-file=\"https:\/\/www.hoymercedes.com.ar\/principal\/wp-content\/uploads\/2016\/05\/29-choristes_2003_21.jpg\" data-orig-size=\"539,361\" data-comments-opened=\"1\" data-image-meta=\"{&quot;aperture&quot;:&quot;0&quot;,&quot;credit&quot;:&quot;&quot;,&quot;camera&quot;:&quot;&quot;,&quot;caption&quot;:&quot;&quot;,&quot;created_timestamp&quot;:&quot;0&quot;,&quot;copyright&quot;:&quot;&quot;,&quot;focal_length&quot;:&quot;0&quot;,&quot;iso&quot;:&quot;0&quot;,&quot;shutter_speed&quot;:&quot;0&quot;,&quot;title&quot;:&quot;&quot;,&quot;orientation&quot;:&quot;0&quot;}\" data-image-title=\"29 choristes_2003_21\" data-image-description=\"\" data-image-caption=\"\" data-large-file=\"https:\/\/www.hoymercedes.com.ar\/principal\/wp-content\/uploads\/2016\/05\/29-choristes_2003_21.jpg\" class=\"aligncenter size-full wp-image-50495\" src=\"https:\/\/www.hoymercedes.com.ar\/principal\/wp-content\/uploads\/2016\/05\/29-choristes_2003_21.jpg\" alt=\"29 choristes_2003_21\" width=\"539\" height=\"361\" srcset=\"https:\/\/www.hoymercedes.com.ar\/principal\/wp-content\/uploads\/2016\/05\/29-choristes_2003_21.jpg 539w, https:\/\/www.hoymercedes.com.ar\/principal\/wp-content\/uploads\/2016\/05\/29-choristes_2003_21-150x100.jpg 150w, https:\/\/www.hoymercedes.com.ar\/principal\/wp-content\/uploads\/2016\/05\/29-choristes_2003_21-300x200.jpg 300w\" sizes=\"auto, (max-width: 539px) 100vw, 539px\" \/><strong><em>El MAMM proyectar\u00e1 durante el mes de junio cuatro pel\u00edculas que ayudan a reflexionar sobre la educaci\u00f3n en distintos puntos del mundo. \u00abLos Coristas\u00bb podr\u00e1 verse el jueves 2, 19 horas.\u00a0<\/em><\/strong><\/p>\n<p>Comienza un nuevo Ciclo de Cine en el Museo de Arte (MAMM). En esta ocasi\u00f3n, y durante todos los jueves del mes de junio, se proyectar\u00e1n pel\u00edculas seleccionadas entre producciones europeas y Canad\u00e1, premiadas en los festivales internacionales m\u00e1s importantes de Cine.<\/p>\n<p>El tema com\u00fan de los films elegidos es la Ense\u00f1anza y el Aprendizaje. Con la intenci\u00f3n de abordar el tema, de reflexionar acerca de los v\u00ednculos que establecen los individuos entre s\u00ed, y de c\u00f3mo esta relaci\u00f3n altera la perspectiva de vida de quienes participan en ella. Cr\u00edtica a los sistemas educativos tradicionales, reaccionarios, en conformidad con el orden establecido, sacrificio y ternura e idealismo, podr\u00e1 verse en estos t\u00edtulos, seleccionados por la Lic. Patricia Boffi.<\/p>\n<p>T\u00edtulos:<br \/>\n-Jueves 2: \u00abLos Coristas\u00bb, de Christophe Barratier (2004) &#8211; Francia.<br \/>\n&#8211; Jueves 9: \u00abProfesor Lazhar\u00bb, de Philippe Falardeau (2011) &#8211; Canada<br \/>\n&#8211; Jueves 16: \u00abLos Edukadores\u00bb, de Hans Weingartner (2004) &#8211; Alemania<br \/>\n&#8211; Jueves 23: \u00abMis Tardes Con Margarita\u00bb, de Jean Becker (2010) &#8211; Francia<\/p>\n","protected":false},"excerpt":{"rendered":"<p>El MAMM proyectar\u00e1 durante el mes de junio cuatro pel\u00edculas que ayudan a reflexionar sobre la educaci\u00f3n en distintos puntos &#8230; <a title=\"La ense\u00f1anza y el aprendizaje a trav\u00e9s del cine\" class=\"read-more\" href=\"https:\/\/www.hoymercedes.com.ar\/principal\/2016\/05\/29\/la-ensenanza-y-el-aprendizaje-a-traves-del-cine\/\" aria-label=\"Leer m\u00e1s sobre La ense\u00f1anza y el aprendizaje a trav\u00e9s del cine\">Leer m\u00e1s<\/a><\/p>\n","protected":false},"author":1,"featured_media":50495,"comment_status":"open","ping_status":"open","sticky":false,"template":"","format":"standard","meta":{"_monsterinsights_skip_tracking":false,"_monsterinsights_sitenote_active":false,"_monsterinsights_sitenote_note":"","_monsterinsights_sitenote_category":0,"jetpack_post_was_ever_published":false,"_jetpack_newsletter_access":"","_jetpack_dont_email_post_to_subs":false,"_jetpack_newsletter_tier_id":0,"_jetpack_memberships_contains_paywalled_content":false,"_jetpack_memberships_contains_paid_content":false,"footnotes":"","jetpack_publicize_message":"","jetpack_publicize_feature_enabled":true,"jetpack_social_post_already_shared":true,"jetpack_social_options":{"image_generator_settings":{"template":"highway","default_image_id":0,"font":"","enabled":false},"version":2},"_wpas_customize_per_network":false},"categories":[104],"tags":[5273,7805,8674],"class_list":["post-50494","post","type-post","status-publish","format-standard","has-post-thumbnail","hentry","category-cultura","tag-cine","tag-cultura","tag-mamm","generate-columns","tablet-grid-50","mobile-grid-100","grid-parent","grid-50"],"jetpack_publicize_connections":[],"jetpack_featured_media_url":"https:\/\/www.hoymercedes.com.ar\/principal\/wp-content\/uploads\/2016\/05\/29-choristes_2003_21.jpg","wps_subtitle":"Ciclo de pel\u00edculas en el MAMM","jetpack_sharing_enabled":true,"_links":{"self":[{"href":"https:\/\/www.hoymercedes.com.ar\/principal\/wp-json\/wp\/v2\/posts\/50494","targetHints":{"allow":["GET"]}}],"collection":[{"href":"https:\/\/www.hoymercedes.com.ar\/principal\/wp-json\/wp\/v2\/posts"}],"about":[{"href":"https:\/\/www.hoymercedes.com.ar\/principal\/wp-json\/wp\/v2\/types\/post"}],"author":[{"embeddable":true,"href":"https:\/\/www.hoymercedes.com.ar\/principal\/wp-json\/wp\/v2\/users\/1"}],"replies":[{"embeddable":true,"href":"https:\/\/www.hoymercedes.com.ar\/principal\/wp-json\/wp\/v2\/comments?post=50494"}],"version-history":[{"count":0,"href":"https:\/\/www.hoymercedes.com.ar\/principal\/wp-json\/wp\/v2\/posts\/50494\/revisions"}],"wp:featuredmedia":[{"embeddable":true,"href":"https:\/\/www.hoymercedes.com.ar\/principal\/wp-json\/wp\/v2\/media\/50495"}],"wp:attachment":[{"href":"https:\/\/www.hoymercedes.com.ar\/principal\/wp-json\/wp\/v2\/media?parent=50494"}],"wp:term":[{"taxonomy":"category","embeddable":true,"href":"https:\/\/www.hoymercedes.com.ar\/principal\/wp-json\/wp\/v2\/categories?post=50494"},{"taxonomy":"post_tag","embeddable":true,"href":"https:\/\/www.hoymercedes.com.ar\/principal\/wp-json\/wp\/v2\/tags?post=50494"}],"curies":[{"name":"wp","href":"https:\/\/api.w.org\/{rel}","templated":true}]}}