{"id":50499,"date":"2016-05-28T11:36:15","date_gmt":"2016-05-28T14:36:15","guid":{"rendered":"http:\/\/www.hoymercedes.com.ar\/principal\/?p=50499"},"modified":"2016-05-28T15:43:46","modified_gmt":"2016-05-28T18:43:46","slug":"despiste-y-choque-en-ruta-5-km-119-950","status":"publish","type":"post","link":"https:\/\/www.hoymercedes.com.ar\/principal\/2016\/05\/28\/despiste-y-choque-en-ruta-5-km-119-950\/","title":{"rendered":"Despiste y choque en Ruta 5, km 119.950"},"content":{"rendered":"<figure id=\"attachment_50500\" aria-describedby=\"caption-attachment-50500\" style=\"width: 438px\" class=\"wp-caption aligncenter\"><img loading=\"lazy\" decoding=\"async\" data-attachment-id=\"50500\" data-permalink=\"https:\/\/www.hoymercedes.com.ar\/principal\/2016\/05\/28\/despiste-y-choque-en-ruta-5-km-119-950\/28-accidente-suipacha-1\/#main\" data-orig-file=\"https:\/\/www.hoymercedes.com.ar\/principal\/wp-content\/uploads\/2016\/05\/28-accidente-suipacha-1.jpg\" data-orig-size=\"448,336\" data-comments-opened=\"1\" data-image-meta=\"{&quot;aperture&quot;:&quot;0&quot;,&quot;credit&quot;:&quot;&quot;,&quot;camera&quot;:&quot;&quot;,&quot;caption&quot;:&quot;&quot;,&quot;created_timestamp&quot;:&quot;0&quot;,&quot;copyright&quot;:&quot;&quot;,&quot;focal_length&quot;:&quot;0&quot;,&quot;iso&quot;:&quot;0&quot;,&quot;shutter_speed&quot;:&quot;0&quot;,&quot;title&quot;:&quot;&quot;,&quot;orientation&quot;:&quot;0&quot;}\" data-image-title=\"28 accidente suipacha 1\" data-image-description=\"\" data-image-caption=\"&lt;p&gt;Foto: Jorge Oscar Lasala&lt;\/p&gt;\n\" data-large-file=\"https:\/\/www.hoymercedes.com.ar\/principal\/wp-content\/uploads\/2016\/05\/28-accidente-suipacha-1.jpg\" class=\"size-full wp-image-50500\" src=\"https:\/\/www.hoymercedes.com.ar\/principal\/wp-content\/uploads\/2016\/05\/28-accidente-suipacha-1.jpg\" alt=\"Foto: Jorge Oscar Lasala\" width=\"448\" height=\"336\" srcset=\"https:\/\/www.hoymercedes.com.ar\/principal\/wp-content\/uploads\/2016\/05\/28-accidente-suipacha-1.jpg 448w, https:\/\/www.hoymercedes.com.ar\/principal\/wp-content\/uploads\/2016\/05\/28-accidente-suipacha-1-150x113.jpg 150w\" sizes=\"auto, (max-width: 448px) 100vw, 448px\" \/><figcaption id=\"caption-attachment-50500\" class=\"wp-caption-text\">Foto: Jorge Oscar Lasala<\/figcaption><\/figure>\n<p><strong><em>A las 19:30 horas del viernes 27 de mayo se produjo un accidente menor sobre ruta 5, a la altura del km 119,950, en jurisdicci\u00f3n del partido de Suipacha<\/em><\/strong>.<\/p>\n<p>Un autom\u00f3vil Volkswagen Gol, color gris, dominio EKA 522 , que circulaba en direcci\u00f3n Mercedes-Suipacha , en el que viajaban cuatro j\u00f3venes de 9 de julio , que regresaban de trabajar en el Gran Buenos Aires, pisa la banquina y pierde el control efectuando un trompo sobre la cinta asf\u00e1ltica, donde es embestido en su parte trasera por un cami\u00f3n Scania 111, con acoplado que circulaba en sentido contrario, afortunadamente, a pesar de la caracter\u00edstica del accidente, sus ocupantes resultaron ilesos.<\/p>\n<p>El Volkswagen era conducido por Alexis Mansilla de 32 a\u00f1os, que viajaba acompa\u00f1ado por Juan Pablo Buldain , German Lencina y David Toledo de 23 a\u00f1os , todos domiciliados en 9 de julio , en tanto el cami\u00f3n Scania era conducido por Gustavo Martin Ballerini , con domicilio en Chivilcoy.<\/p>\n<p>Los veh\u00edculos involucrados quedaron en la banquina, por lo que no se interrumpi\u00f3 el intenso tr\u00e1nsito de la ruta 5, siendo asistido por veh\u00edculos de auxilio del concesionario vial donde luego de intercambiar los datos para las compa\u00f1\u00edas de seguro, ambos involucrados siguieron viaje.<\/p>\n<p>Informe\u00a0y Foto: Jorge Oscar Lasala<\/p>\n","protected":false},"excerpt":{"rendered":"<p>A las 19:30 horas del viernes 27 de mayo se produjo un accidente menor sobre ruta 5, a la altura &#8230; <a title=\"Despiste y choque en Ruta 5, km 119.950\" class=\"read-more\" href=\"https:\/\/www.hoymercedes.com.ar\/principal\/2016\/05\/28\/despiste-y-choque-en-ruta-5-km-119-950\/\" aria-label=\"Leer m\u00e1s sobre Despiste y choque en Ruta 5, km 119.950\">Leer m\u00e1s<\/a><\/p>\n","protected":false},"author":1,"featured_media":50501,"comment_status":"open","ping_status":"open","sticky":false,"template":"","format":"standard","meta":{"_monsterinsights_skip_tracking":false,"_monsterinsights_sitenote_active":false,"_monsterinsights_sitenote_note":"","_monsterinsights_sitenote_category":0,"jetpack_post_was_ever_published":false,"_jetpack_newsletter_access":"","_jetpack_dont_email_post_to_subs":false,"_jetpack_newsletter_tier_id":0,"_jetpack_memberships_contains_paywalled_content":false,"_jetpack_memberships_contains_paid_content":false,"footnotes":"","jetpack_publicize_message":"","jetpack_publicize_feature_enabled":true,"jetpack_social_post_already_shared":true,"jetpack_social_options":{"image_generator_settings":{"template":"highway","default_image_id":0,"font":"","enabled":false},"version":2},"_wpas_customize_per_network":false},"categories":[5501],"tags":[832,538,559],"class_list":["post-50499","post","type-post","status-publish","format-standard","has-post-thumbnail","hentry","category-region","tag-accidente","tag-ruta-5","tag-suipacha","generate-columns","tablet-grid-50","mobile-grid-100","grid-parent","grid-50"],"jetpack_publicize_connections":[],"jetpack_featured_media_url":"https:\/\/www.hoymercedes.com.ar\/principal\/wp-content\/uploads\/2016\/05\/28-accidente-suipacha-2.jpg","wps_subtitle":"En Suipacha","jetpack_sharing_enabled":true,"_links":{"self":[{"href":"https:\/\/www.hoymercedes.com.ar\/principal\/wp-json\/wp\/v2\/posts\/50499","targetHints":{"allow":["GET"]}}],"collection":[{"href":"https:\/\/www.hoymercedes.com.ar\/principal\/wp-json\/wp\/v2\/posts"}],"about":[{"href":"https:\/\/www.hoymercedes.com.ar\/principal\/wp-json\/wp\/v2\/types\/post"}],"author":[{"embeddable":true,"href":"https:\/\/www.hoymercedes.com.ar\/principal\/wp-json\/wp\/v2\/users\/1"}],"replies":[{"embeddable":true,"href":"https:\/\/www.hoymercedes.com.ar\/principal\/wp-json\/wp\/v2\/comments?post=50499"}],"version-history":[{"count":0,"href":"https:\/\/www.hoymercedes.com.ar\/principal\/wp-json\/wp\/v2\/posts\/50499\/revisions"}],"wp:featuredmedia":[{"embeddable":true,"href":"https:\/\/www.hoymercedes.com.ar\/principal\/wp-json\/wp\/v2\/media\/50501"}],"wp:attachment":[{"href":"https:\/\/www.hoymercedes.com.ar\/principal\/wp-json\/wp\/v2\/media?parent=50499"}],"wp:term":[{"taxonomy":"category","embeddable":true,"href":"https:\/\/www.hoymercedes.com.ar\/principal\/wp-json\/wp\/v2\/categories?post=50499"},{"taxonomy":"post_tag","embeddable":true,"href":"https:\/\/www.hoymercedes.com.ar\/principal\/wp-json\/wp\/v2\/tags?post=50499"}],"curies":[{"name":"wp","href":"https:\/\/api.w.org\/{rel}","templated":true}]}}