{"id":50513,"date":"2016-05-30T14:33:04","date_gmt":"2016-05-30T17:33:04","guid":{"rendered":"http:\/\/www.hoymercedes.com.ar\/principal\/?p=50513"},"modified":"2016-05-30T14:11:16","modified_gmt":"2016-05-30T17:11:16","slug":"alfaro-quiere-a-federico-lertora","status":"publish","type":"post","link":"https:\/\/www.hoymercedes.com.ar\/principal\/2016\/05\/30\/alfaro-quiere-a-federico-lertora\/","title":{"rendered":"Alfaro quiere a Federico L\u00e9rtora"},"content":{"rendered":"<p><img loading=\"lazy\" decoding=\"async\" data-attachment-id=\"50514\" data-permalink=\"https:\/\/www.hoymercedes.com.ar\/principal\/2016\/05\/30\/alfaro-quiere-a-federico-lertora\/30-lertora-vs-boca\/#main\" data-orig-file=\"https:\/\/www.hoymercedes.com.ar\/principal\/wp-content\/uploads\/2016\/05\/30-Lertora-Vs-Boca.jpg\" data-orig-size=\"448,297\" data-comments-opened=\"1\" data-image-meta=\"{&quot;aperture&quot;:&quot;0&quot;,&quot;credit&quot;:&quot;&quot;,&quot;camera&quot;:&quot;&quot;,&quot;caption&quot;:&quot;&quot;,&quot;created_timestamp&quot;:&quot;0&quot;,&quot;copyright&quot;:&quot;&quot;,&quot;focal_length&quot;:&quot;0&quot;,&quot;iso&quot;:&quot;0&quot;,&quot;shutter_speed&quot;:&quot;0&quot;,&quot;title&quot;:&quot;&quot;,&quot;orientation&quot;:&quot;0&quot;}\" data-image-title=\"30 Lertora Vs Boca\" data-image-description=\"\" data-image-caption=\"\" data-large-file=\"https:\/\/www.hoymercedes.com.ar\/principal\/wp-content\/uploads\/2016\/05\/30-Lertora-Vs-Boca.jpg\" class=\"aligncenter size-full wp-image-50514\" src=\"https:\/\/www.hoymercedes.com.ar\/principal\/wp-content\/uploads\/2016\/05\/30-Lertora-Vs-Boca.jpg\" alt=\"30 Lertora Vs Boca\" width=\"448\" height=\"297\" srcset=\"https:\/\/www.hoymercedes.com.ar\/principal\/wp-content\/uploads\/2016\/05\/30-Lertora-Vs-Boca.jpg 448w, https:\/\/www.hoymercedes.com.ar\/principal\/wp-content\/uploads\/2016\/05\/30-Lertora-Vs-Boca-150x99.jpg 150w, https:\/\/www.hoymercedes.com.ar\/principal\/wp-content\/uploads\/2016\/05\/30-Lertora-Vs-Boca-300x200.jpg 300w\" sizes=\"auto, (max-width: 448px) 100vw, 448px\" \/><\/p>\n<p><em><strong>Por Ariel Musante \/ Con pasado en Ferro y Godoy Cruz, Federico L\u00e9rtora est\u00e1 en la carpeta de Gimnasia y Esgrima de La Plata, equipo que dirige Gustavo Alfaro. Su llegada reemplazar\u00eda a Rinaudo.<\/strong><\/em><\/p>\n<p>La dirigencia de Gimnasia, el gerente deportivo Ricardo Rezza y el t\u00e9cnico Gustavo Alfaro, ya han mantenido reuniones con respecto al armado del plantel para la pr\u00f3xima temporada. M\u00e1s all\u00e1 de la depuraci\u00f3n en el plantel, tambi\u00e9n est\u00e1 el tema refuerzo, que no es menor.<\/p>\n<p>Pasando a la mitad de la cancha, un nombre que es del gusto del DT es Federico L\u00e9rtora , quien en el \u00faltimo certamen jug\u00f3 en Arsenal. El mercedino ya estuvo en la mira del Lobo a mediados de 2011 cuando Osvaldo Ingrao asumi\u00f3 para encarar la primera temporada tripera en la B Nacional.<\/p>\n<p>El volante se qued\u00f3 en Ferro y tiempo despu\u00e9s termin\u00f3 siendo refuerzo de Godoy Cruz, y el a\u00f1o pasado fue a jugar al elenco de Sarand\u00ed.<\/p>\n<p>Los tres son nombres que podr\u00edan sumarse a este plantel Tripero, D\u00b4Angelo para pelear un lugar con Mart\u00edn Arias ; P\u00e9rez para ser el lateral izquierdo si Licht juega en el medio, o\u00a0al rev\u00e9s; mientras que L\u00e9rtora podr\u00eda ocupar el lugar de Rinaudo para hacer dupla con Brum o el pibe Perdomo .<\/p>\n","protected":false},"excerpt":{"rendered":"<p>Por Ariel Musante \/ Con pasado en Ferro y Godoy Cruz, Federico L\u00e9rtora est\u00e1 en la carpeta de Gimnasia y &#8230; <a title=\"Alfaro quiere a Federico L\u00e9rtora\" class=\"read-more\" href=\"https:\/\/www.hoymercedes.com.ar\/principal\/2016\/05\/30\/alfaro-quiere-a-federico-lertora\/\" aria-label=\"Leer m\u00e1s sobre Alfaro quiere a Federico L\u00e9rtora\">Leer m\u00e1s<\/a><\/p>\n","protected":false},"author":1,"featured_media":50514,"comment_status":"open","ping_status":"open","sticky":false,"template":"","format":"standard","meta":{"_monsterinsights_skip_tracking":false,"_monsterinsights_sitenote_active":false,"_monsterinsights_sitenote_note":"","_monsterinsights_sitenote_category":0,"jetpack_post_was_ever_published":false,"_jetpack_newsletter_access":"","_jetpack_dont_email_post_to_subs":false,"_jetpack_newsletter_tier_id":0,"_jetpack_memberships_contains_paywalled_content":false,"_jetpack_memberships_contains_paid_content":false,"footnotes":"","jetpack_publicize_message":"","jetpack_publicize_feature_enabled":true,"jetpack_social_post_already_shared":true,"jetpack_social_options":{"image_generator_settings":{"template":"highway","default_image_id":0,"font":"","enabled":false},"version":2},"_wpas_customize_per_network":false},"categories":[21],"tags":[204,1800,1003,8733],"class_list":["post-50513","post","type-post","status-publish","format-standard","has-post-thumbnail","hentry","category-deportes","tag-deportes-2","tag-federico-lertora","tag-futbol","tag-musante","generate-columns","tablet-grid-50","mobile-grid-100","grid-parent","grid-50"],"jetpack_publicize_connections":[],"jetpack_featured_media_url":"https:\/\/www.hoymercedes.com.ar\/principal\/wp-content\/uploads\/2016\/05\/30-Lertora-Vs-Boca.jpg","wps_subtitle":"Mercado de pases en la A","jetpack_sharing_enabled":true,"_links":{"self":[{"href":"https:\/\/www.hoymercedes.com.ar\/principal\/wp-json\/wp\/v2\/posts\/50513","targetHints":{"allow":["GET"]}}],"collection":[{"href":"https:\/\/www.hoymercedes.com.ar\/principal\/wp-json\/wp\/v2\/posts"}],"about":[{"href":"https:\/\/www.hoymercedes.com.ar\/principal\/wp-json\/wp\/v2\/types\/post"}],"author":[{"embeddable":true,"href":"https:\/\/www.hoymercedes.com.ar\/principal\/wp-json\/wp\/v2\/users\/1"}],"replies":[{"embeddable":true,"href":"https:\/\/www.hoymercedes.com.ar\/principal\/wp-json\/wp\/v2\/comments?post=50513"}],"version-history":[{"count":0,"href":"https:\/\/www.hoymercedes.com.ar\/principal\/wp-json\/wp\/v2\/posts\/50513\/revisions"}],"wp:featuredmedia":[{"embeddable":true,"href":"https:\/\/www.hoymercedes.com.ar\/principal\/wp-json\/wp\/v2\/media\/50514"}],"wp:attachment":[{"href":"https:\/\/www.hoymercedes.com.ar\/principal\/wp-json\/wp\/v2\/media?parent=50513"}],"wp:term":[{"taxonomy":"category","embeddable":true,"href":"https:\/\/www.hoymercedes.com.ar\/principal\/wp-json\/wp\/v2\/categories?post=50513"},{"taxonomy":"post_tag","embeddable":true,"href":"https:\/\/www.hoymercedes.com.ar\/principal\/wp-json\/wp\/v2\/tags?post=50513"}],"curies":[{"name":"wp","href":"https:\/\/api.w.org\/{rel}","templated":true}]}}