{"id":5052,"date":"2011-06-17T17:16:05","date_gmt":"2011-06-17T17:16:05","guid":{"rendered":"http:\/\/www.hoymercedes.com.ar\/principal\/?p=5052"},"modified":"2011-06-17T17:16:05","modified_gmt":"2011-06-17T17:16:05","slug":"ucr-adios-definitivo-al-progresismo","status":"publish","type":"post","link":"https:\/\/www.hoymercedes.com.ar\/principal\/2011\/06\/17\/ucr-adios-definitivo-al-progresismo\/","title":{"rendered":"UCR: Adi\u00f3s definitivo al progresismo"},"content":{"rendered":"<p><span style=\"color: #003366;\"><strong>Por Sebasti\u00e1n Varcel\u00f3<\/strong><\/span><br \/>\nrmedios@gmail.com<\/p>\n<p>El radicalismo, tambi\u00e9n local, est\u00e1 generando una serie de acontecimientos m\u00e1s que interesantes. Su hist\u00f3rica de progresismo y uniones en pos de la cultura, la institucionalidad y los derechos del pr\u00f3jimo empieza a caer en saco roto.<\/p>\n<p>El af\u00e1n por llegar a diferenciarse del gobierno lo llev\u00f3 a entrar en el laberintico camino construido por Ricardo Alfons\u00edn.<\/p>\n<p>Se uni\u00f3 al marketinero proyecto de De Narv\u00e1ez vac\u00edo de contenidos reales y repleto de simbolismos y expresiones de manual. Un armado de escritorio, no de territorio.<\/p>\n<p>Una an\u00e9cdota recientemente narrada dice que Ra\u00fal Alfons\u00edn era partidario de perder una elecci\u00f3n, pero, jam\u00e1s bajar los estandartes del partido. Su hijo parece no tener la misma visi\u00f3n o haber aprendido mal. Se fusion\u00f3 con la derecha m\u00e1s all\u00e1 de lo discursivo: lo hizo carne. Sin progresismo y con las afirmaciones m\u00e1s cercanas al per\u00edodo de capitalismo neoliberal que de Bienestar.<\/p>\n<p>A nivel local tuvimos un ejemplo de dignidad: Juan Manuel \u201cPancho\u201d Torres se postul\u00f3 a intendente luego del fracaso de la Alianza. Le puso el cuerpo, la moral y la \u00e9tica al peor momento del partido. No le import\u00f3 \u201cquemarse\u201d en pos del beneficio institucional de la UCR. Cuando todos hu\u00edan y criticaban \u00e9l fue respetuoso de la historia m\u00e1s all\u00e1 de lo reciente en aquel entonces. Hoy nada de eso se vive en 29 y 30, parece.<\/p>\n<p>Ricardito, como le dicen, efectu\u00f3 diversos anuncios. Todos contrarios a los avances en t\u00e9rminos sociales vividos en el \u00faltimo per\u00edodo que algunos atribuyen al gobierno, pero que en rigor pertenecen a la sociedad y las heterog\u00e9neas fuerzas existentes que desde hace tiempo reclamaban.<\/p>\n<p>Alfons\u00edn acaba de declarar que derogar\u00e1 la Ley de Medios. Si realmente piensa hacerlo es grave al tirar por la borda un debate de dos d\u00e9cadas materializado recientemente (Su error es atribuirlo s\u00f3lo al gobierno). Si en cambio es una simple mentira de campa\u00f1a tambi\u00e9n es grave. El camino elegido no tiene retorno.<\/p>\n<p>En Mercedes la adhesi\u00f3n ha sido casi plena. No todos estaban de acuerdo y entre ellos el dirigente Lucas Fal y su grupo. La compostura mostrada es la no s\u00f3lo respetable sino necesaria de recalcar ante la abulia del resto en especial la juventud que, sin chistar, se suma a una propuesta de derecha, conservadora y ya conocida. Los j\u00f3venes dejaron su llama rebelde al costado. No est\u00e1 mal que adhieran a la derecha, sin embargo, se han presentado olvidando los hist\u00f3ricos gritos progresistas del partido.<\/p>\n<p>De algo no caben dudas. Pasar\u00e1n a la historia, mercedinos incluidos, \u00a0aunque, no como innovadores sino \u00a0como un grupo especulador a la altura de la Alianza que termin\u00f3 con un helic\u00f3ptero saliendo de Casa Rosada. La UCR merecer\u00eda, pronto, sacar el radical de su nombre.<\/p>\n<p>&nbsp;<\/p>\n","protected":false},"excerpt":{"rendered":"<p>Por Sebasti\u00e1n Varcel\u00f3 rmedios@gmail.com El radicalismo, tambi\u00e9n local, est\u00e1 generando una serie de acontecimientos m\u00e1s que interesantes. Su hist\u00f3rica de &#8230; <a title=\"UCR: Adi\u00f3s definitivo al progresismo\" class=\"read-more\" href=\"https:\/\/www.hoymercedes.com.ar\/principal\/2011\/06\/17\/ucr-adios-definitivo-al-progresismo\/\" aria-label=\"Leer m\u00e1s sobre UCR: Adi\u00f3s definitivo al progresismo\">Leer m\u00e1s<\/a><\/p>\n","protected":false},"author":1,"featured_media":0,"comment_status":"open","ping_status":"open","sticky":false,"template":"","format":"standard","meta":{"_monsterinsights_skip_tracking":false,"_monsterinsights_sitenote_active":false,"_monsterinsights_sitenote_note":"","_monsterinsights_sitenote_category":0,"jetpack_post_was_ever_published":false,"_jetpack_newsletter_access":"","_jetpack_dont_email_post_to_subs":false,"_jetpack_newsletter_tier_id":0,"_jetpack_memberships_contains_paywalled_content":false,"_jetpack_memberships_contains_paid_content":false,"footnotes":"","jetpack_publicize_message":"","jetpack_publicize_feature_enabled":true,"jetpack_social_post_already_shared":false,"jetpack_social_options":{"image_generator_settings":{"template":"highway","default_image_id":0,"font":"","enabled":false},"version":2},"_wpas_customize_per_network":false},"categories":[1],"tags":[922,408],"class_list":["post-5052","post","type-post","status-publish","format-standard","hentry","category-opinion","tag-progresismo","tag-ucr","generate-columns","tablet-grid-50","mobile-grid-100","grid-parent","grid-50"],"jetpack_publicize_connections":[],"jetpack_featured_media_url":"","wps_subtitle":"","jetpack_sharing_enabled":true,"_links":{"self":[{"href":"https:\/\/www.hoymercedes.com.ar\/principal\/wp-json\/wp\/v2\/posts\/5052","targetHints":{"allow":["GET"]}}],"collection":[{"href":"https:\/\/www.hoymercedes.com.ar\/principal\/wp-json\/wp\/v2\/posts"}],"about":[{"href":"https:\/\/www.hoymercedes.com.ar\/principal\/wp-json\/wp\/v2\/types\/post"}],"author":[{"embeddable":true,"href":"https:\/\/www.hoymercedes.com.ar\/principal\/wp-json\/wp\/v2\/users\/1"}],"replies":[{"embeddable":true,"href":"https:\/\/www.hoymercedes.com.ar\/principal\/wp-json\/wp\/v2\/comments?post=5052"}],"version-history":[{"count":0,"href":"https:\/\/www.hoymercedes.com.ar\/principal\/wp-json\/wp\/v2\/posts\/5052\/revisions"}],"wp:attachment":[{"href":"https:\/\/www.hoymercedes.com.ar\/principal\/wp-json\/wp\/v2\/media?parent=5052"}],"wp:term":[{"taxonomy":"category","embeddable":true,"href":"https:\/\/www.hoymercedes.com.ar\/principal\/wp-json\/wp\/v2\/categories?post=5052"},{"taxonomy":"post_tag","embeddable":true,"href":"https:\/\/www.hoymercedes.com.ar\/principal\/wp-json\/wp\/v2\/tags?post=5052"}],"curies":[{"name":"wp","href":"https:\/\/api.w.org\/{rel}","templated":true}]}}