{"id":5055,"date":"2011-06-18T04:59:28","date_gmt":"2011-06-18T04:59:28","guid":{"rendered":"http:\/\/www.hoymercedes.com.ar\/principal\/?p=5055"},"modified":"2011-06-18T04:59:28","modified_gmt":"2011-06-18T04:59:28","slug":"el-ministro-lino-baranao-estara-en-mercedes","status":"publish","type":"post","link":"https:\/\/www.hoymercedes.com.ar\/principal\/2011\/06\/18\/el-ministro-lino-baranao-estara-en-mercedes\/","title":{"rendered":"El ministro Lino Bara\u00f1ao estar\u00e1  en Mercedes"},"content":{"rendered":"<figure id=\"attachment_5057\" aria-describedby=\"caption-attachment-5057\" style=\"width: 290px\" class=\"wp-caption alignleft\"><a href=\"https:\/\/www.hoymercedes.com.ar\/principal\/wp-content\/uploads\/2011\/06\/bara\u00f1ao-ustarroz.jpeg\"><img loading=\"lazy\" decoding=\"async\" data-attachment-id=\"5057\" data-permalink=\"https:\/\/www.hoymercedes.com.ar\/principal\/2011\/06\/18\/el-ministro-lino-baranao-estara-en-mercedes\/baranao-ustarroz\/#main\" data-orig-file=\"https:\/\/www.hoymercedes.com.ar\/principal\/wp-content\/uploads\/2011\/06\/bara\u00f1ao-ustarroz.jpeg\" data-orig-size=\"640,458\" data-comments-opened=\"1\" data-image-meta=\"{&quot;aperture&quot;:&quot;0&quot;,&quot;credit&quot;:&quot;&quot;,&quot;camera&quot;:&quot;&quot;,&quot;caption&quot;:&quot;&quot;,&quot;created_timestamp&quot;:&quot;0&quot;,&quot;copyright&quot;:&quot;&quot;,&quot;focal_length&quot;:&quot;0&quot;,&quot;iso&quot;:&quot;0&quot;,&quot;shutter_speed&quot;:&quot;0&quot;,&quot;title&quot;:&quot;&quot;}\" data-image-title=\"bara\u00f1ao-ustarroz\" data-image-description=\"\" data-image-caption=\"&lt;p&gt;Bara\u00f1ao -Ustarroz&lt;\/p&gt;\n\" data-large-file=\"https:\/\/www.hoymercedes.com.ar\/principal\/wp-content\/uploads\/2011\/06\/bara\u00f1ao-ustarroz.jpeg\" class=\"size-medium wp-image-5057\" title=\"bara\u00f1ao-ustarroz\" src=\"https:\/\/www.hoymercedes.com.ar\/principal\/wp-content\/uploads\/2011\/06\/bara\u00f1ao-ustarroz-300x214.jpg\" alt=\"\" width=\"300\" height=\"214\" srcset=\"https:\/\/www.hoymercedes.com.ar\/principal\/wp-content\/uploads\/2011\/06\/bara\u00f1ao-ustarroz-300x214.jpg 300w, https:\/\/www.hoymercedes.com.ar\/principal\/wp-content\/uploads\/2011\/06\/bara\u00f1ao-ustarroz.jpeg 640w\" sizes=\"auto, (max-width: 300px) 100vw, 300px\" \/><\/a><figcaption id=\"caption-attachment-5057\" class=\"wp-caption-text\">Bara\u00f1ao -Ustarroz<\/figcaption><\/figure>\n<p>Aunque no hay una fecha fijada, el ministro de Ciencia y Tecnolog\u00eda, Lino Bara\u00f1ao visitar\u00e1 Mercedes en las pr\u00f3ximas semanas con el fin de continuar el di\u00e1logo con los equipos t\u00e9cnicos de Juani Ustarroz para crear un polo productivo modelo en la ex Colonia de Olivera.<\/p>\n<p>Bara\u00f1ao se reuni\u00f3 la semana pasada con Ustarroz, quien est\u00e1 trabajando fuertemente en la creaci\u00f3n de trabajo para la ciudad, mediante la llegada de industrias a Mercedes. La ex Colonia de Olivera es un sitio afectado al Ministerio de Desarrollo Social que, a trav\u00e9s de las gestiones de Juan Ignacio Ustarroz, dejar\u00e1 de estar en el abandono para empezar a darle productividad y generar trabajo genuino en la ciudad.<\/p>\n<p>El polo productivo servir\u00e1  para la investigaci\u00f3n y el estudio, tendr\u00e1 tecnolog\u00eda de avanzada y, entre otras, tendr\u00e1 como funci\u00f3n la de capacitar a los distintos productores de la Argentina.<\/p>\n<p>\u201cMercedes necesita tener distintos lugares para proponer instalaciones industriales, adem\u00e1s de brindarles toda la infraestructura y el inmenso sector ubicado sobre la Ruta 5 es muy tentador para las industrias\u201d, dijo Ustarroz.<\/p>\n<p>Bara\u00f1ao est\u00e1 al frente del Ministerio de Ciencia, Tecnolog\u00eda e Innovaci\u00f3n Productiva desde el 10 de diciembre de 2007 y es doctor en Qu\u00edmica. Fue director del Laboratorio de Biolog\u00eda de la Reproducci\u00f3n y Biotecnolog\u00eda Animal de la Universidad de Buenos Aires. Entre 1999 y 2000 fue Presidente de la Comisi\u00f3n de Tecnolog\u00eda del CONICET. Ha recibido varios premios por sus investigaciones.<\/p>\n<p>Creado en diciembre de 2007 por la presidenta Cristina Fern\u00e1ndez de Kirchner, es el \u00fanico en Latinoam\u00e9rica que contempla a la Innovaci\u00f3n Productiva asociada a la Ciencia y la Tecnolog\u00eda.<\/p>\n<p>Su misi\u00f3n es orientar la ciencia, la tecnolog\u00eda y la innovaci\u00f3n al fortalecimiento de un nuevo modelo productivo que genere mayor inclusi\u00f3n social y mejore la competitividad de la econom\u00eda Argentina, bajo el paradigma del conocimiento como eje del desarrollo.<\/p>\n","protected":false},"excerpt":{"rendered":"<p>Aunque no hay una fecha fijada, el ministro de Ciencia y Tecnolog\u00eda, Lino Bara\u00f1ao visitar\u00e1 Mercedes en las pr\u00f3ximas semanas &#8230; <a title=\"El ministro Lino Bara\u00f1ao estar\u00e1  en Mercedes\" class=\"read-more\" href=\"https:\/\/www.hoymercedes.com.ar\/principal\/2011\/06\/18\/el-ministro-lino-baranao-estara-en-mercedes\/\" aria-label=\"Leer m\u00e1s sobre El ministro Lino Bara\u00f1ao estar\u00e1  en Mercedes\">Leer m\u00e1s<\/a><\/p>\n","protected":false},"author":1,"featured_media":0,"comment_status":"open","ping_status":"open","sticky":false,"template":"","format":"standard","meta":{"_monsterinsights_skip_tracking":false,"_monsterinsights_sitenote_active":false,"_monsterinsights_sitenote_note":"","_monsterinsights_sitenote_category":0,"jetpack_post_was_ever_published":false,"_jetpack_newsletter_access":"","_jetpack_dont_email_post_to_subs":false,"_jetpack_newsletter_tier_id":0,"_jetpack_memberships_contains_paywalled_content":false,"_jetpack_memberships_contains_paid_content":false,"footnotes":"","jetpack_publicize_message":"","jetpack_publicize_feature_enabled":true,"jetpack_social_post_already_shared":false,"jetpack_social_options":{"image_generator_settings":{"template":"highway","default_image_id":0,"font":"","enabled":false},"version":2},"_wpas_customize_per_network":false},"categories":[1],"tags":[379,424],"class_list":["post-5055","post","type-post","status-publish","format-standard","hentry","category-opinion","tag-frente-mercedino-para-la-victoria","tag-ustarroz","generate-columns","tablet-grid-50","mobile-grid-100","grid-parent","grid-50"],"jetpack_publicize_connections":[],"jetpack_featured_media_url":"","wps_subtitle":"","jetpack_sharing_enabled":true,"_links":{"self":[{"href":"https:\/\/www.hoymercedes.com.ar\/principal\/wp-json\/wp\/v2\/posts\/5055","targetHints":{"allow":["GET"]}}],"collection":[{"href":"https:\/\/www.hoymercedes.com.ar\/principal\/wp-json\/wp\/v2\/posts"}],"about":[{"href":"https:\/\/www.hoymercedes.com.ar\/principal\/wp-json\/wp\/v2\/types\/post"}],"author":[{"embeddable":true,"href":"https:\/\/www.hoymercedes.com.ar\/principal\/wp-json\/wp\/v2\/users\/1"}],"replies":[{"embeddable":true,"href":"https:\/\/www.hoymercedes.com.ar\/principal\/wp-json\/wp\/v2\/comments?post=5055"}],"version-history":[{"count":0,"href":"https:\/\/www.hoymercedes.com.ar\/principal\/wp-json\/wp\/v2\/posts\/5055\/revisions"}],"wp:attachment":[{"href":"https:\/\/www.hoymercedes.com.ar\/principal\/wp-json\/wp\/v2\/media?parent=5055"}],"wp:term":[{"taxonomy":"category","embeddable":true,"href":"https:\/\/www.hoymercedes.com.ar\/principal\/wp-json\/wp\/v2\/categories?post=5055"},{"taxonomy":"post_tag","embeddable":true,"href":"https:\/\/www.hoymercedes.com.ar\/principal\/wp-json\/wp\/v2\/tags?post=5055"}],"curies":[{"name":"wp","href":"https:\/\/api.w.org\/{rel}","templated":true}]}}