{"id":50563,"date":"2016-05-30T10:20:36","date_gmt":"2016-05-30T13:20:36","guid":{"rendered":"http:\/\/www.hoymercedes.com.ar\/principal\/?p=50563"},"modified":"2016-05-30T10:20:36","modified_gmt":"2016-05-30T13:20:36","slug":"ustarroz-y-arizio-avanzaron-para-ampliar-tareas-conjuntas","status":"publish","type":"post","link":"https:\/\/www.hoymercedes.com.ar\/principal\/2016\/05\/30\/ustarroz-y-arizio-avanzaron-para-ampliar-tareas-conjuntas\/","title":{"rendered":"Ustarroz y Arizio avanzaron para ampliar tareas conjuntas"},"content":{"rendered":"<p><img loading=\"lazy\" decoding=\"async\" data-attachment-id=\"50564\" data-permalink=\"https:\/\/www.hoymercedes.com.ar\/principal\/2016\/05\/30\/ustarroz-y-arizio-avanzaron-para-ampliar-tareas-conjuntas\/unlu-3\/#main\" data-orig-file=\"https:\/\/www.hoymercedes.com.ar\/principal\/wp-content\/uploads\/2016\/05\/unlu.jpg\" data-orig-size=\"800,532\" data-comments-opened=\"1\" data-image-meta=\"{&quot;aperture&quot;:&quot;4.8&quot;,&quot;credit&quot;:&quot;&quot;,&quot;camera&quot;:&quot;NIKON D3200&quot;,&quot;caption&quot;:&quot;&quot;,&quot;created_timestamp&quot;:&quot;1463744479&quot;,&quot;copyright&quot;:&quot;&quot;,&quot;focal_length&quot;:&quot;36&quot;,&quot;iso&quot;:&quot;2800&quot;,&quot;shutter_speed&quot;:&quot;0.016666666666667&quot;,&quot;title&quot;:&quot;&quot;,&quot;orientation&quot;:&quot;1&quot;}\" data-image-title=\"unlu\" data-image-description=\"\" data-image-caption=\"\" data-large-file=\"https:\/\/www.hoymercedes.com.ar\/principal\/wp-content\/uploads\/2016\/05\/unlu.jpg\" class=\"aligncenter size-medium wp-image-50564\" src=\"https:\/\/www.hoymercedes.com.ar\/principal\/wp-content\/uploads\/2016\/05\/unlu-630x419.jpg\" alt=\"unlu\" width=\"630\" height=\"419\" srcset=\"https:\/\/www.hoymercedes.com.ar\/principal\/wp-content\/uploads\/2016\/05\/unlu-630x419.jpg 630w, https:\/\/www.hoymercedes.com.ar\/principal\/wp-content\/uploads\/2016\/05\/unlu-150x100.jpg 150w, https:\/\/www.hoymercedes.com.ar\/principal\/wp-content\/uploads\/2016\/05\/unlu-768x511.jpg 768w, https:\/\/www.hoymercedes.com.ar\/principal\/wp-content\/uploads\/2016\/05\/unlu-300x200.jpg 300w, https:\/\/www.hoymercedes.com.ar\/principal\/wp-content\/uploads\/2016\/05\/unlu.jpg 800w\" sizes=\"auto, (max-width: 630px) 100vw, 630px\" \/>Un nuevo encuentro entre el intendente Juan Ignacio Ustarroz y el rector de la Universidad Nacional de Luj\u00e1n, Ing. Osvaldo Arizio, se llev\u00f3 a cabo en Mercedes donde se avanz\u00f3 fuertemente en la expansi\u00f3n del convenio marco entre ambas partes. Medio ambiente, Estado moderno y eficaz y educaci\u00f3n fueron ejes de la reuni\u00f3n.<\/p>\n<p>El despacho privado del intendente fue el escenario de intercambio de opiniones, visiones y puestas en com\u00fan entre el rector de la UNLu, Ing. Agron. Osvaldo Arizio y el intendente Juan Ignacio Ustarroz donde acordaron mayores trabajos en materias econ\u00f3micas y de gesti\u00f3n, de medio ambiente y educativo dialogando m\u00e1s de dos horas sobre estas tem\u00e1ticas.<\/p>\n<p>\u201cEstamos cerrando cuestiones que desde hace tiempo venimos trabajando en t\u00e9rminos t\u00e9cnicos y pol\u00edticos. Vamos a seguir modernizando la gesti\u00f3n local y por eso acudimos a los espacios acad\u00e9micos. Sabemos que ellos tienen experiencia y capacidad y nosotros el saber cotidiano que debemos mejorar\u201d, coment\u00f3 el intendente quien tambi\u00e9n refiri\u00f3 que: \u201ctres proyectos cerramos con tem\u00e1ticas claras y concretas: educaci\u00f3n, medio ambiente y administraci\u00f3n siendo \u00e1reas claves en toda Comuna\u201d.<\/p>\n<p>\u201cNosotros tenemos la decisi\u00f3n de acompa\u00f1ar los procesos de cambio y mejoras institucionales. Nos involucramos con nuestra realidad inmediata. Somos la universidad de la regi\u00f3n y como dice nuestro lema somos parte de la conciencia cr\u00edtica de la sociedad, pero al mismo tiempo aportamos ideas y soluciones. En este caso con un intendente que constantemente nos invita a ser parte, que nos ha visitado en varias ocasiones y seguimos construyendo juntos\u201d sostuvo el rector Arizio que coment\u00f3: \u201cestamos finalizando los aspectos formales, pero, ya en d\u00edas, pocos, daremos a conocer en profundidad actividades que incluir\u00e1 profesionales, estudiantes, graduados, personal t\u00e9cnico de la Comuna y la planificaci\u00f3n pol\u00edtica l\u00f3gica y necesaria para emprender tareas en conjunto\u201d.<\/p>\n<p>Ustarroz tambi\u00e9n coment\u00f3 que \u201ces necesario trabajar con ideas nuevas, pensamientos cr\u00edticos y creativos abriendo la comuna a otras experiencias. Modernizaremos la gesti\u00f3n, ampliaremos la vinculaci\u00f3n en t\u00e9rminos de extensi\u00f3n universitaria y de planificaci\u00f3n. Siempre sostuvimos que s\u00f3lo decisi\u00f3n pol\u00edtica y capacidad de trabajo nos dar\u00e1n el cambio cuantitativo y cualitativo que todos buscamos\u201d.<\/p>\n<p><strong>Expo<\/strong><\/p>\n<p>La Universidad Nacional de Luj\u00e1n recordemos que desarrolla actividades en el Centro Universitario Nacional con la cerrera, \u00edntegra, de Tecnicatura en Sistemas de la Informaci\u00f3n y el pr\u00f3ximo 6 y 7 de junio se desplegar\u00e1 la \u201cExpo UNLu\u201d en el Mart\u00edn Rodr\u00edguez en una propuesta que involucrar\u00e1 a gran cantidad de estudiantes secundarios que recibir\u00e1n por parte de personal de la instituci\u00f3n educativa informaci\u00f3n, datos, detalles de qu\u00e9 compone cada carrera, modalidades y fechas claves para vincularse con la educaci\u00f3n superior siendo parte de la iniciativa los consejeros escolares del Frente para la Victoria.<\/p>\n","protected":false},"excerpt":{"rendered":"<p>Un nuevo encuentro entre el intendente Juan Ignacio Ustarroz y el rector de la Universidad Nacional de Luj\u00e1n, Ing. Osvaldo &#8230; <a title=\"Ustarroz y Arizio avanzaron para ampliar tareas conjuntas\" class=\"read-more\" href=\"https:\/\/www.hoymercedes.com.ar\/principal\/2016\/05\/30\/ustarroz-y-arizio-avanzaron-para-ampliar-tareas-conjuntas\/\" aria-label=\"Leer m\u00e1s sobre Ustarroz y Arizio avanzaron para ampliar tareas conjuntas\">Leer m\u00e1s<\/a><\/p>\n","protected":false},"author":1,"featured_media":50564,"comment_status":"open","ping_status":"open","sticky":false,"template":"","format":"standard","meta":{"_monsterinsights_skip_tracking":false,"_monsterinsights_sitenote_active":false,"_monsterinsights_sitenote_note":"","_monsterinsights_sitenote_category":0,"jetpack_post_was_ever_published":false,"_jetpack_newsletter_access":"","_jetpack_dont_email_post_to_subs":false,"_jetpack_newsletter_tier_id":0,"_jetpack_memberships_contains_paywalled_content":false,"_jetpack_memberships_contains_paid_content":false,"footnotes":"","jetpack_publicize_message":"","jetpack_publicize_feature_enabled":true,"jetpack_social_post_already_shared":true,"jetpack_social_options":{"image_generator_settings":{"template":"highway","default_image_id":0,"font":"","enabled":false},"version":2},"_wpas_customize_per_network":false},"categories":[8],"tags":[244,9366,54],"class_list":["post-50563","post","type-post","status-publish","format-standard","has-post-thumbnail","hentry","category-sociedad","tag-municipio-2","tag-trabajoconjunto","tag-unlu","generate-columns","tablet-grid-50","mobile-grid-100","grid-parent","grid-50"],"jetpack_publicize_connections":[],"jetpack_featured_media_url":"https:\/\/www.hoymercedes.com.ar\/principal\/wp-content\/uploads\/2016\/05\/unlu.jpg","wps_subtitle":"Municipio y Universidad","jetpack_sharing_enabled":true,"_links":{"self":[{"href":"https:\/\/www.hoymercedes.com.ar\/principal\/wp-json\/wp\/v2\/posts\/50563","targetHints":{"allow":["GET"]}}],"collection":[{"href":"https:\/\/www.hoymercedes.com.ar\/principal\/wp-json\/wp\/v2\/posts"}],"about":[{"href":"https:\/\/www.hoymercedes.com.ar\/principal\/wp-json\/wp\/v2\/types\/post"}],"author":[{"embeddable":true,"href":"https:\/\/www.hoymercedes.com.ar\/principal\/wp-json\/wp\/v2\/users\/1"}],"replies":[{"embeddable":true,"href":"https:\/\/www.hoymercedes.com.ar\/principal\/wp-json\/wp\/v2\/comments?post=50563"}],"version-history":[{"count":0,"href":"https:\/\/www.hoymercedes.com.ar\/principal\/wp-json\/wp\/v2\/posts\/50563\/revisions"}],"wp:featuredmedia":[{"embeddable":true,"href":"https:\/\/www.hoymercedes.com.ar\/principal\/wp-json\/wp\/v2\/media\/50564"}],"wp:attachment":[{"href":"https:\/\/www.hoymercedes.com.ar\/principal\/wp-json\/wp\/v2\/media?parent=50563"}],"wp:term":[{"taxonomy":"category","embeddable":true,"href":"https:\/\/www.hoymercedes.com.ar\/principal\/wp-json\/wp\/v2\/categories?post=50563"},{"taxonomy":"post_tag","embeddable":true,"href":"https:\/\/www.hoymercedes.com.ar\/principal\/wp-json\/wp\/v2\/tags?post=50563"}],"curies":[{"name":"wp","href":"https:\/\/api.w.org\/{rel}","templated":true}]}}