{"id":50579,"date":"2016-05-30T15:55:12","date_gmt":"2016-05-30T18:55:12","guid":{"rendered":"http:\/\/www.hoymercedes.com.ar\/principal\/?p=50579"},"modified":"2016-05-30T15:06:15","modified_gmt":"2016-05-30T18:06:15","slug":"disertaron-sobre-sexualidad-y-discapacidad-intelectual","status":"publish","type":"post","link":"https:\/\/www.hoymercedes.com.ar\/principal\/2016\/05\/30\/disertaron-sobre-sexualidad-y-discapacidad-intelectual\/","title":{"rendered":"Disertaron sobre sexualidad y discapacidad intelectual"},"content":{"rendered":"<p>En la ma\u00f1ana del s\u00e1bado pasado se concret\u00f3 el encuentro propuesto por la Direcci\u00f3n de Discapacidad Municipal y la asociaci\u00f3n civil S\u00edndrome de Down Mercedes con el fin de hablar sobre\u00a0sexualidad y\u00a0discapacidad intelectual.<\/p>\n<p>Un abordaje sobre la tem\u00e1tica para las familias que tiene algunos de sus integrantes con alg\u00fan tipo de discapacidad y \u00abno se animan\u00bb a tratar el tema cuando ese ni\u00f1o empieza a tener inquietudes naturales a medida que va creciendo.<\/p>\n<p>La disertaci\u00f3n estuvo a\u00a0cargo del Lic. Juan Manuel Ord\u00f3\u00f1ez quien posee basta trayectoria en el tema. El objetivo fue generar un espacio que contribuya a visibilizar el cruce entre la sexualidad y la discapacidad intelectual.<\/p>\n<p>Paola\u00a0Landaburo , \u00a0de S\u00edndrome de Down Mercedes, manifest\u00f3: \u201cLos seres humanos pasamos por diferentes etapas de nuestra vida, beb\u00e9-ni\u00f1o-adolescente-adulto. La persona con discapacidad no es la excepci\u00f3n, el paradigma de los ni\u00f1os eternos ha cambiado, y hoy existen leyes donde los derechos de las personas con discapacidad deben ser parte de la agenda de quienes nos gobiernan. Desde la educaci\u00f3n, la recreaci\u00f3n, la salud, \u00e1mbito laboral&#8230;.y la sexualidad, donde nunca se trata de manera seria, por eso necesitamos m\u00e1s charlas como \u00e9stas, porque no es hablar de la sexualidad desde lo genital b\u00e1sicamente, sino hablar de los cuidados del cuerpo, el cuerpo del otro, previniendo abusos, embarazos no deseados, hablar del amor, de la pareja y su cuidado\u00bb<\/p>\n<p>Por su parte\u00a0la Directora de Discapacidad Tatiana L\u00f3pez dijo \u201cUno de los objetivos de la Direcci\u00f3n es fomentar este tipo de espacios, para contribuir a la visibilizaci\u00f3n de cuestiones tan atravesadas por prejuicios y estereotipos construidos socialmente. En este sentido se busca que la poblaci\u00f3n en general pueda acceder a la informaci\u00f3n objetiva, brind\u00e1ndoles tambi\u00e9n estrategias y herramientas para el abordaje, incentivando a la participaci\u00f3n de la sociedad, generando espacios de escucha y debate. Este primer encuentro fue un punto de partida, un disparador para continuar abordando el tema de la sexualidad y la discapacidad intelectual y otros tantos de gran inter\u00e9s que se encuentran en la agenda institucional\u201d.<\/p>\n<p>&nbsp;<\/p>\n","protected":false},"excerpt":{"rendered":"<p>En la ma\u00f1ana del s\u00e1bado pasado se concret\u00f3 el encuentro propuesto por la Direcci\u00f3n de Discapacidad Municipal y la asociaci\u00f3n &#8230; <a title=\"Disertaron sobre sexualidad y discapacidad intelectual\" class=\"read-more\" href=\"https:\/\/www.hoymercedes.com.ar\/principal\/2016\/05\/30\/disertaron-sobre-sexualidad-y-discapacidad-intelectual\/\" aria-label=\"Leer m\u00e1s sobre Disertaron sobre sexualidad y discapacidad intelectual\">Leer m\u00e1s<\/a><\/p>\n","protected":false},"author":1,"featured_media":50580,"comment_status":"open","ping_status":"open","sticky":false,"template":"","format":"standard","meta":{"_monsterinsights_skip_tracking":false,"_monsterinsights_sitenote_active":false,"_monsterinsights_sitenote_note":"","_monsterinsights_sitenote_category":0,"jetpack_post_was_ever_published":false,"_jetpack_newsletter_access":"","_jetpack_dont_email_post_to_subs":false,"_jetpack_newsletter_tier_id":0,"_jetpack_memberships_contains_paywalled_content":false,"_jetpack_memberships_contains_paid_content":false,"footnotes":"","jetpack_publicize_message":"","jetpack_publicize_feature_enabled":true,"jetpack_social_post_already_shared":true,"jetpack_social_options":{"image_generator_settings":{"template":"highway","default_image_id":0,"font":"","enabled":false},"version":2},"_wpas_customize_per_network":false},"categories":[30],"tags":[1422,244],"class_list":["post-50579","post","type-post","status-publish","format-standard","has-post-thumbnail","hentry","category-municipio","tag-discapacidad","tag-municipio-2","generate-columns","tablet-grid-50","mobile-grid-100","grid-parent","grid-50"],"jetpack_publicize_connections":[],"jetpack_featured_media_url":"https:\/\/www.hoymercedes.com.ar\/principal\/wp-content\/uploads\/2016\/05\/30-DISCAPACIDAD-1.jpg","wps_subtitle":"Abordaje sobre el tema","jetpack_sharing_enabled":true,"_links":{"self":[{"href":"https:\/\/www.hoymercedes.com.ar\/principal\/wp-json\/wp\/v2\/posts\/50579","targetHints":{"allow":["GET"]}}],"collection":[{"href":"https:\/\/www.hoymercedes.com.ar\/principal\/wp-json\/wp\/v2\/posts"}],"about":[{"href":"https:\/\/www.hoymercedes.com.ar\/principal\/wp-json\/wp\/v2\/types\/post"}],"author":[{"embeddable":true,"href":"https:\/\/www.hoymercedes.com.ar\/principal\/wp-json\/wp\/v2\/users\/1"}],"replies":[{"embeddable":true,"href":"https:\/\/www.hoymercedes.com.ar\/principal\/wp-json\/wp\/v2\/comments?post=50579"}],"version-history":[{"count":0,"href":"https:\/\/www.hoymercedes.com.ar\/principal\/wp-json\/wp\/v2\/posts\/50579\/revisions"}],"wp:featuredmedia":[{"embeddable":true,"href":"https:\/\/www.hoymercedes.com.ar\/principal\/wp-json\/wp\/v2\/media\/50580"}],"wp:attachment":[{"href":"https:\/\/www.hoymercedes.com.ar\/principal\/wp-json\/wp\/v2\/media?parent=50579"}],"wp:term":[{"taxonomy":"category","embeddable":true,"href":"https:\/\/www.hoymercedes.com.ar\/principal\/wp-json\/wp\/v2\/categories?post=50579"},{"taxonomy":"post_tag","embeddable":true,"href":"https:\/\/www.hoymercedes.com.ar\/principal\/wp-json\/wp\/v2\/tags?post=50579"}],"curies":[{"name":"wp","href":"https:\/\/api.w.org\/{rel}","templated":true}]}}