{"id":50586,"date":"2016-05-30T17:00:03","date_gmt":"2016-05-30T20:00:03","guid":{"rendered":"http:\/\/www.hoymercedes.com.ar\/principal\/?p=50586"},"modified":"2016-05-30T15:41:49","modified_gmt":"2016-05-30T18:41:49","slug":"solo-dos-partidos-se-jugaron-el-sabado-en-primera","status":"publish","type":"post","link":"https:\/\/www.hoymercedes.com.ar\/principal\/2016\/05\/30\/solo-dos-partidos-se-jugaron-el-sabado-en-primera\/","title":{"rendered":"S\u00f3lo dos partidos se jugaron el s\u00e1bado en Primera"},"content":{"rendered":"<p><em><strong><img loading=\"lazy\" decoding=\"async\" data-attachment-id=\"50587\" data-permalink=\"https:\/\/www.hoymercedes.com.ar\/principal\/2016\/05\/30\/solo-dos-partidos-se-jugaron-el-sabado-en-primera\/30-primera-4\/#main\" data-orig-file=\"https:\/\/www.hoymercedes.com.ar\/principal\/wp-content\/uploads\/2016\/05\/30-Primera-4.png\" data-orig-size=\"455,379\" data-comments-opened=\"1\" data-image-meta=\"{&quot;aperture&quot;:&quot;0&quot;,&quot;credit&quot;:&quot;&quot;,&quot;camera&quot;:&quot;&quot;,&quot;caption&quot;:&quot;&quot;,&quot;created_timestamp&quot;:&quot;0&quot;,&quot;copyright&quot;:&quot;&quot;,&quot;focal_length&quot;:&quot;0&quot;,&quot;iso&quot;:&quot;0&quot;,&quot;shutter_speed&quot;:&quot;0&quot;,&quot;title&quot;:&quot;&quot;,&quot;orientation&quot;:&quot;0&quot;}\" data-image-title=\"30 Primera (4)\" data-image-description=\"\" data-image-caption=\"\" data-large-file=\"https:\/\/www.hoymercedes.com.ar\/principal\/wp-content\/uploads\/2016\/05\/30-Primera-4.png\" class=\"aligncenter size-full wp-image-50587\" src=\"https:\/\/www.hoymercedes.com.ar\/principal\/wp-content\/uploads\/2016\/05\/30-Primera-4.png\" alt=\"30 Primera (4)\" width=\"455\" height=\"379\" srcset=\"https:\/\/www.hoymercedes.com.ar\/principal\/wp-content\/uploads\/2016\/05\/30-Primera-4.png 455w, https:\/\/www.hoymercedes.com.ar\/principal\/wp-content\/uploads\/2016\/05\/30-Primera-4-150x125.png 150w\" sizes=\"auto, (max-width: 455px) 100vw, 455px\" \/><\/strong><\/em><\/p>\n<p><em><strong>Por Ariel Musante \/ El f\u00fatbol grande mercedino no logra tener continuidad. Este fin de semana s\u00f3lo pudo rodar la pelota el s\u00e1bado, con dos encuentros, mientras que la lluvia impidi\u00f3 que se disputen los otros tres encuentros programados, que quedaron para martes y mi\u00e9rcoles.<\/strong><\/em><\/p>\n<p>De no mediar inconvenientes con el estado del campo de juego, entre martes y mi\u00e9rcoles se terminar\u00e1 de jugar la octava fecha de la Liga Mercedina que tuvo dos resultados llamativos en su inicio el s\u00e1bado, porque Estudiantes, que viene en baja, perdi\u00f3 como local ante Pabell\u00f3n Argentino de Marcos Paz, que tras un mal comienzo parece haber despertado, obteniendo siete puntos de los \u00faltimos nueve, mientras que el pincha s\u00f3lo sac\u00f3 uno en las \u00faltimas tres jornadas y lo aleja de la punta, adem\u00e1s de que los equipos que vienen detr\u00e1s lo meten en la charla de entrar o no a la Liguilla, cuando queda algo menos de medio torneo por delante.<\/p>\n<p>Justamente Pabell\u00f3n Argentino de Marcos Paz es uno de esos clubes que empiezan a hacer temblar al Pincha, porque s\u00f3lo los separan tres puntos y, adem\u00e1s, Quilmes debe dos partidos (ante Comunicaciones y el del mi\u00e9rcoles Vs Mercedes) y podr\u00eda superarlo.<\/p>\n<p>El otro resultado que sorprendi\u00f3 por las ubicaciones en las tablas de posiciones es el del empate de Ateneo de la Juventud ante El Front\u00f3n de San Andr\u00e9s de Giles. Tras la victoria ante Estudiantes, los de Stopiello ten\u00edan la gran chance de poder seguir en la punta del torneo, pero al no vencer, le dan la posibilidad de retomarla a Trocha, que si este martes derrota a Tim\u00f3n, volver\u00e1 a ser l\u00edder. Por el lado de los de Pilia, este punto les sirve para poder acercarse a V\u00e9lez, que es el \u00faltimo que por el momento ingresa a la Liguilla.<\/p>\n<p>Los partidos que se iban a jugar el domingo se postergaron con los siguientes horarios: Martes a las 19, Trocha Vs. El Tim\u00f3n y mi\u00e9rcoles a las 20, Quilmes Vs. Mercedes. Por su parte, San Marcos y Palometas qued\u00f3 postergado, mientras que Comunicaciones y V\u00e9lez jugar\u00e1n el domingo, ya que ambos quedan libres por la novena fecha y pueden saldar ah\u00ed el encuentro de la octava.<\/p>\n<p>&nbsp;<\/p>\n<p><strong>Ateneo de la Juventud vs. El Front\u00f3n<\/strong><\/p>\n<p>Ateneo de la Juventud\u00a0 0: Maximiliano Gim\u00e9nez, Facundo Otero, Nelson Denis, Braian Moyano, Mariano Villone, Marcelo Reble, Angel Pucheta, Maximiliano Arzani, Diego Gorosito, Gustavo L\u00f3pez y Nicol\u00e1s P\u00e9rez. DT: Ariel Pil\u00eda. Suplentes: Camilo Andreoli, Agust\u00edn Flaherty, Daniel Conenna, Andr\u00e9s Br\u00eda, Exequiel G\u00f3mez, Alejandro Cardozo y Facundo P\u00e9rez.<\/p>\n<p>El Front\u00f3n 0: Mat\u00edas Roncoroni, Fabricio Paganini, Daniel Busca, Pablo D\u00edaz, Federico Grosso, Juan Gasparro, Juan Ram\u00edrez, Blas Tallarico, Mart\u00edn Bonetti, Gast\u00f3n Lozano y Pedro Gussoni. DT:Germ\u00e1n Stopiello. Suplentes: Mateo Rodr\u00edguez, Mat\u00edas C\u00e1ceres, Jos\u00e9 Mansilla, Alejandro Morada y Juan Lencina.<\/p>\n<p>&nbsp;<\/p>\n<p><strong>Estudiantes vs. Pabell\u00f3n Argentino<\/strong><\/p>\n<p>Estudiantes 1: Tom\u00e1s Borrasca, Nicol\u00e1s Nava, Jer\u00f3nimo Luna, Leandro Vignau, Ra\u00fal Quintana, Juan Lombardo, Daniel Ortiz, Federico Bassi, Mario Alday, Paulo Lescano y Gast\u00f3n Godoy. DT:Ra\u00fal Losinno. Suplentes: Jonatan Godoy, Agust\u00edn Deprati, Eugenio Lanzavechia, Agust\u00edn Vivas y Gustavo Mi\u00f1o.<\/p>\n<p>Pabell\u00f3n Argentino 2: Facundo Zabala, Nicol\u00e1s Guarnieri, Franco Del Piero, Nahuel Romero, Bernardo Paulerena, Ezequiel Lacrouts, V\u00edctor Santana, Maximiliano Cahu\u00e9, Juan Hern\u00e1ndez, Tom\u00e1s Gagliardi y Leonel An\u00edbal. DT: Guillermo Izaguirre. Suplentes: Brian G\u00f3mez, Facundo G\u00f3mez y Juan Barandari\u00e1n.<\/p>\n<p>Goles: Leonel An\u00edbal y V\u00edctor Santana para Pabell\u00f3n. Mario Alday para Estudiantes.<\/p>\n<p><img loading=\"lazy\" decoding=\"async\" data-attachment-id=\"50588\" data-permalink=\"https:\/\/www.hoymercedes.com.ar\/principal\/2016\/05\/30\/solo-dos-partidos-se-jugaron-el-sabado-en-primera\/30-goleadores-primera-4\/#main\" data-orig-file=\"https:\/\/www.hoymercedes.com.ar\/principal\/wp-content\/uploads\/2016\/05\/30-Goleadores-Primera-4.png\" data-orig-size=\"313,319\" data-comments-opened=\"1\" data-image-meta=\"{&quot;aperture&quot;:&quot;0&quot;,&quot;credit&quot;:&quot;&quot;,&quot;camera&quot;:&quot;&quot;,&quot;caption&quot;:&quot;&quot;,&quot;created_timestamp&quot;:&quot;0&quot;,&quot;copyright&quot;:&quot;&quot;,&quot;focal_length&quot;:&quot;0&quot;,&quot;iso&quot;:&quot;0&quot;,&quot;shutter_speed&quot;:&quot;0&quot;,&quot;title&quot;:&quot;&quot;,&quot;orientation&quot;:&quot;0&quot;}\" data-image-title=\"30 Goleadores Primera (4)\" data-image-description=\"\" data-image-caption=\"\" data-large-file=\"https:\/\/www.hoymercedes.com.ar\/principal\/wp-content\/uploads\/2016\/05\/30-Goleadores-Primera-4.png\" class=\"aligncenter size-full wp-image-50588\" src=\"https:\/\/www.hoymercedes.com.ar\/principal\/wp-content\/uploads\/2016\/05\/30-Goleadores-Primera-4.png\" alt=\"30 Goleadores Primera (4)\" width=\"313\" height=\"319\" srcset=\"https:\/\/www.hoymercedes.com.ar\/principal\/wp-content\/uploads\/2016\/05\/30-Goleadores-Primera-4.png 313w, https:\/\/www.hoymercedes.com.ar\/principal\/wp-content\/uploads\/2016\/05\/30-Goleadores-Primera-4-147x150.png 147w\" sizes=\"auto, (max-width: 313px) 100vw, 313px\" \/><\/p>\n","protected":false},"excerpt":{"rendered":"<p>Por Ariel Musante \/ El f\u00fatbol grande mercedino no logra tener continuidad. Este fin de semana s\u00f3lo pudo rodar la &#8230; <a title=\"S\u00f3lo dos partidos se jugaron el s\u00e1bado en Primera\" class=\"read-more\" href=\"https:\/\/www.hoymercedes.com.ar\/principal\/2016\/05\/30\/solo-dos-partidos-se-jugaron-el-sabado-en-primera\/\" aria-label=\"Leer m\u00e1s sobre S\u00f3lo dos partidos se jugaron el s\u00e1bado en Primera\">Leer m\u00e1s<\/a><\/p>\n","protected":false},"author":1,"featured_media":50587,"comment_status":"open","ping_status":"open","sticky":false,"template":"","format":"standard","meta":{"_monsterinsights_skip_tracking":false,"_monsterinsights_sitenote_active":false,"_monsterinsights_sitenote_note":"","_monsterinsights_sitenote_category":0,"jetpack_post_was_ever_published":false,"_jetpack_newsletter_access":"","_jetpack_dont_email_post_to_subs":false,"_jetpack_newsletter_tier_id":0,"_jetpack_memberships_contains_paywalled_content":false,"_jetpack_memberships_contains_paid_content":false,"footnotes":"","jetpack_publicize_message":"","jetpack_publicize_feature_enabled":true,"jetpack_social_post_already_shared":true,"jetpack_social_options":{"image_generator_settings":{"template":"highway","default_image_id":0,"font":"","enabled":false},"version":2},"_wpas_customize_per_network":false},"categories":[21],"tags":[4036,204,1003,8982],"class_list":["post-50586","post","type-post","status-publish","format-standard","has-post-thumbnail","hentry","category-deportes","tag-ariel-musante","tag-deportes-2","tag-futbol","tag-primera","generate-columns","tablet-grid-50","mobile-grid-100","grid-parent","grid-50"],"jetpack_publicize_connections":[],"jetpack_featured_media_url":"https:\/\/www.hoymercedes.com.ar\/principal\/wp-content\/uploads\/2016\/05\/30-Primera-4.png","wps_subtitle":"Trocha puede volver a la punta","jetpack_sharing_enabled":true,"_links":{"self":[{"href":"https:\/\/www.hoymercedes.com.ar\/principal\/wp-json\/wp\/v2\/posts\/50586","targetHints":{"allow":["GET"]}}],"collection":[{"href":"https:\/\/www.hoymercedes.com.ar\/principal\/wp-json\/wp\/v2\/posts"}],"about":[{"href":"https:\/\/www.hoymercedes.com.ar\/principal\/wp-json\/wp\/v2\/types\/post"}],"author":[{"embeddable":true,"href":"https:\/\/www.hoymercedes.com.ar\/principal\/wp-json\/wp\/v2\/users\/1"}],"replies":[{"embeddable":true,"href":"https:\/\/www.hoymercedes.com.ar\/principal\/wp-json\/wp\/v2\/comments?post=50586"}],"version-history":[{"count":0,"href":"https:\/\/www.hoymercedes.com.ar\/principal\/wp-json\/wp\/v2\/posts\/50586\/revisions"}],"wp:featuredmedia":[{"embeddable":true,"href":"https:\/\/www.hoymercedes.com.ar\/principal\/wp-json\/wp\/v2\/media\/50587"}],"wp:attachment":[{"href":"https:\/\/www.hoymercedes.com.ar\/principal\/wp-json\/wp\/v2\/media?parent=50586"}],"wp:term":[{"taxonomy":"category","embeddable":true,"href":"https:\/\/www.hoymercedes.com.ar\/principal\/wp-json\/wp\/v2\/categories?post=50586"},{"taxonomy":"post_tag","embeddable":true,"href":"https:\/\/www.hoymercedes.com.ar\/principal\/wp-json\/wp\/v2\/tags?post=50586"}],"curies":[{"name":"wp","href":"https:\/\/api.w.org\/{rel}","templated":true}]}}