{"id":50627,"date":"2016-05-31T15:54:05","date_gmt":"2016-05-31T18:54:05","guid":{"rendered":"http:\/\/www.hoymercedes.com.ar\/principal\/?p=50627"},"modified":"2016-05-31T15:54:05","modified_gmt":"2016-05-31T18:54:05","slug":"banfield-y-quilmes-sellaron-un-acuerdo","status":"publish","type":"post","link":"https:\/\/www.hoymercedes.com.ar\/principal\/2016\/05\/31\/banfield-y-quilmes-sellaron-un-acuerdo\/","title":{"rendered":"Banfield y Quilmes sellaron un acuerdo"},"content":{"rendered":"<p><em><strong><img loading=\"lazy\" decoding=\"async\" data-attachment-id=\"50631\" data-permalink=\"https:\/\/www.hoymercedes.com.ar\/principal\/2016\/05\/31\/banfield-y-quilmes-sellaron-un-acuerdo\/31-quilmes-banfield-4\/#main\" data-orig-file=\"https:\/\/www.hoymercedes.com.ar\/principal\/wp-content\/uploads\/2016\/05\/31-quilmes-banfield-4.jpg\" data-orig-size=\"448,336\" data-comments-opened=\"1\" data-image-meta=\"{&quot;aperture&quot;:&quot;3.1&quot;,&quot;credit&quot;:&quot;&quot;,&quot;camera&quot;:&quot;COOLPIX L310&quot;,&quot;caption&quot;:&quot;&quot;,&quot;created_timestamp&quot;:&quot;1464608068&quot;,&quot;copyright&quot;:&quot;&quot;,&quot;focal_length&quot;:&quot;4.5&quot;,&quot;iso&quot;:&quot;400&quot;,&quot;shutter_speed&quot;:&quot;0.066666666666667&quot;,&quot;title&quot;:&quot;&quot;,&quot;orientation&quot;:&quot;1&quot;}\" data-image-title=\"31 quilmes banfield 4\" data-image-description=\"\" data-image-caption=\"\" data-large-file=\"https:\/\/www.hoymercedes.com.ar\/principal\/wp-content\/uploads\/2016\/05\/31-quilmes-banfield-4.jpg\" class=\"aligncenter size-full wp-image-50631\" src=\"https:\/\/www.hoymercedes.com.ar\/principal\/wp-content\/uploads\/2016\/05\/31-quilmes-banfield-4.jpg\" alt=\"31 quilmes banfield 4\" width=\"448\" height=\"336\" srcset=\"https:\/\/www.hoymercedes.com.ar\/principal\/wp-content\/uploads\/2016\/05\/31-quilmes-banfield-4.jpg 448w, https:\/\/www.hoymercedes.com.ar\/principal\/wp-content\/uploads\/2016\/05\/31-quilmes-banfield-4-150x113.jpg 150w\" sizes=\"auto, (max-width: 448px) 100vw, 448px\" \/><\/strong><\/em><\/p>\n<p><em><strong>Por Ariel Musante \/ El Taladro y el Cervecero firmaron un convenio en la ma\u00f1ana de este lunes en el cual el club del Gran Buenos Aires ayudar\u00e1 a la formaci\u00f3n de jugadores y entrenadores, adem\u00e1s de brindarle materiales deportivos y comenzar a ver futbolistas para jugar en el cuadro del sur del GBA.<\/strong><\/em><\/p>\n<p>&nbsp;<\/p>\n<p>En la sede social del Club Quilmes, en la ma\u00f1ana de este lunes se firm\u00f3 un convenio de trabajo entre la instituci\u00f3n mercedina y el Club Atl\u00e9tico Banfield. Estuvieron presentes el presidente del Cervecero, Ricardo Bozzini, su vice, Fernando Moner, el dirigente Silvio Davobe y \u201cPocho\u201d G\u00f3mez, un emblema del f\u00fatbol quilme\u00f1o, adem\u00e1s del directivo de Banfield, Claudio De Rubertis y coordinador general de divisiones inferiores, ex jugador de V\u00e9lez y Banfield, Ariel Broggi.<\/p>\n<p>Moner destac\u00f3 que \u201ces un d\u00eda alegre para la instituci\u00f3n, para la ciudad de Mercedes, porque es algo que venimos charlando desde hace mucho tiempo, ya desde la \u00e9poca en que Claudio Vivas coordinaba las inferiores de Banfield y hoy se hace realidad\u201d. Adem\u00e1s, agreg\u00f3 que \u201cBanfield nos garantiza poder capacitar a todos nuestros profesores, tener un intercambio permanente, que nuestros chicos sean vistos m\u00e1s de cerca y que tengan m\u00e1s oportunidades de jugar en un equipo tan grande como es Banfield. Adem\u00e1s se comprometieron a colaborar con materiales deportivos para no tener problemas para hacer ning\u00fan trabajo. Estamos muy conformes con esto\u201d<\/p>\n<p>Por otra parte, en di\u00e1logo con Hoy Mercedes, el ex futbolista remarc\u00f3 que \u201cesto es para inferiores. Si bien en el d\u00eda de ma\u00f1ana podemos traer a la Primera Divisi\u00f3n de Banfield para jugar un amistoso, eso ir\u00eda aparte de este convenio. Pretendemos que por medio del f\u00fatbol la ciudad de Mercedes tenga m\u00e1s motivaciones deportivas y yo pienso que una instituci\u00f3n as\u00ed se acerque a nosotros es muy bueno\u201d y coment\u00f3 que \u201cel contacto surgi\u00f3 cuando Claudio Vivas era coordinador general, al tener una amistad con \u00e9l, me lo propuso y le dije que s\u00ed. Despu\u00e9s Vivas se alej\u00f3 de Banfield, pero mi relaci\u00f3n con el club continu\u00f3 y llegamos a esto\u201d.<\/p>\n<p>De Rubertis, dijo que \u201ces la firma de un convenio de mutuo acuerdo entre Quilmes y Banfield, no dir\u00eda la palabra filial, es algo entre las partes, que los chicos puedan ir al club y Banfield venga ac\u00e1 a verlos\u201d.<\/p>\n<p>Por su parte, Bozzini destac\u00f3 que \u201cInstitucionalmente es un evento muy importante, cualquier convenio que signifique el mejoramiento a nivel institucional, profesional y a nivel de los chicos es fundamental para nosotros. Trabajamos y tenemos nuestras limitaciones en el \u00e1mbito local o regional pero tenemos la suerte de tener un dirigente como Fernando que est\u00e1 muy relacionado y eso nos abre las puertas de contar con este tipo de cosas\u201d.<\/p>\n<p>Con la firma de este convenio en breve se realizar\u00e1 una prueba de jugadores donde no solo los de Quilmes ser\u00e1n vistos, ya que los chicos de los distintos clubes de Mercedes y la regi\u00f3n tendr\u00e1n la oportunidad de ser observados.<\/p>\n<p class=\"jetpack-slideshow-noscript robots-nocontent\">El pase de diapositivas requiere JavaScript.<\/p><div id=\"gallery-50627-1-slideshow\" class=\"jetpack-slideshow-window jetpack-slideshow jetpack-slideshow-black\" data-trans=\"fade\" data-autostart=\"1\" data-gallery=\"[{&quot;src&quot;:&quot;https:\\\/\\\/www.hoymercedes.com.ar\\\/principal\\\/wp-content\\\/uploads\\\/2016\\\/05\\\/31-quilmes-banfield-5.jpg&quot;,&quot;id&quot;:&quot;50632&quot;,&quot;title&quot;:&quot;31 quilmes banfield 5&quot;,&quot;alt&quot;:&quot;&quot;,&quot;caption&quot;:&quot;&quot;,&quot;itemprop&quot;:&quot;image&quot;},{&quot;src&quot;:&quot;https:\\\/\\\/www.hoymercedes.com.ar\\\/principal\\\/wp-content\\\/uploads\\\/2016\\\/05\\\/31-quilmes-banfield-4.jpg&quot;,&quot;id&quot;:&quot;50631&quot;,&quot;title&quot;:&quot;31 quilmes banfield 4&quot;,&quot;alt&quot;:&quot;&quot;,&quot;caption&quot;:&quot;&quot;,&quot;itemprop&quot;:&quot;image&quot;},{&quot;src&quot;:&quot;https:\\\/\\\/www.hoymercedes.com.ar\\\/principal\\\/wp-content\\\/uploads\\\/2016\\\/05\\\/31-quilmes-banfield-1.jpg&quot;,&quot;id&quot;:&quot;50628&quot;,&quot;title&quot;:&quot;31 quilmes banfield 1&quot;,&quot;alt&quot;:&quot;&quot;,&quot;caption&quot;:&quot;&quot;,&quot;itemprop&quot;:&quot;image&quot;},{&quot;src&quot;:&quot;https:\\\/\\\/www.hoymercedes.com.ar\\\/principal\\\/wp-content\\\/uploads\\\/2016\\\/05\\\/31-quilmes-banfield-2.jpg&quot;,&quot;id&quot;:&quot;50629&quot;,&quot;title&quot;:&quot;31 quilmes banfield 2&quot;,&quot;alt&quot;:&quot;&quot;,&quot;caption&quot;:&quot;&quot;,&quot;itemprop&quot;:&quot;image&quot;},{&quot;src&quot;:&quot;https:\\\/\\\/www.hoymercedes.com.ar\\\/principal\\\/wp-content\\\/uploads\\\/2016\\\/05\\\/31-quilmes-banfield-3.jpg&quot;,&quot;id&quot;:&quot;50630&quot;,&quot;title&quot;:&quot;31 quilmes banfield 3&quot;,&quot;alt&quot;:&quot;&quot;,&quot;caption&quot;:&quot;&quot;,&quot;itemprop&quot;:&quot;image&quot;}]\" itemscope itemtype=\"https:\/\/schema.org\/ImageGallery\"><\/div>\n","protected":false},"excerpt":{"rendered":"<p>Por Ariel Musante \/ El Taladro y el Cervecero firmaron un convenio en la ma\u00f1ana de este lunes en el &#8230; <a title=\"Banfield y Quilmes sellaron un acuerdo\" class=\"read-more\" href=\"https:\/\/www.hoymercedes.com.ar\/principal\/2016\/05\/31\/banfield-y-quilmes-sellaron-un-acuerdo\/\" aria-label=\"Leer m\u00e1s sobre Banfield y Quilmes sellaron un acuerdo\">Leer m\u00e1s<\/a><\/p>\n","protected":false},"author":1,"featured_media":50632,"comment_status":"open","ping_status":"open","sticky":false,"template":"","format":"standard","meta":{"_monsterinsights_skip_tracking":false,"_monsterinsights_sitenote_active":false,"_monsterinsights_sitenote_note":"","_monsterinsights_sitenote_category":0,"jetpack_post_was_ever_published":false,"_jetpack_newsletter_access":"","_jetpack_dont_email_post_to_subs":false,"_jetpack_newsletter_tier_id":0,"_jetpack_memberships_contains_paywalled_content":false,"_jetpack_memberships_contains_paid_content":false,"footnotes":"","jetpack_publicize_message":"","jetpack_publicize_feature_enabled":true,"jetpack_social_post_already_shared":true,"jetpack_social_options":{"image_generator_settings":{"template":"highway","default_image_id":0,"font":"","enabled":false},"version":2},"_wpas_customize_per_network":false},"categories":[21],"tags":[9381,204,8733,1413],"class_list":["post-50627","post","type-post","status-publish","format-standard","has-post-thumbnail","hentry","category-deportes","tag-banfield","tag-deportes-2","tag-musante","tag-quilmes","generate-columns","tablet-grid-50","mobile-grid-100","grid-parent","grid-50"],"jetpack_publicize_connections":[],"jetpack_featured_media_url":"https:\/\/www.hoymercedes.com.ar\/principal\/wp-content\/uploads\/2016\/05\/31-quilmes-banfield-5.jpg","wps_subtitle":"Acercamiento entre clubes","jetpack_sharing_enabled":true,"_links":{"self":[{"href":"https:\/\/www.hoymercedes.com.ar\/principal\/wp-json\/wp\/v2\/posts\/50627","targetHints":{"allow":["GET"]}}],"collection":[{"href":"https:\/\/www.hoymercedes.com.ar\/principal\/wp-json\/wp\/v2\/posts"}],"about":[{"href":"https:\/\/www.hoymercedes.com.ar\/principal\/wp-json\/wp\/v2\/types\/post"}],"author":[{"embeddable":true,"href":"https:\/\/www.hoymercedes.com.ar\/principal\/wp-json\/wp\/v2\/users\/1"}],"replies":[{"embeddable":true,"href":"https:\/\/www.hoymercedes.com.ar\/principal\/wp-json\/wp\/v2\/comments?post=50627"}],"version-history":[{"count":0,"href":"https:\/\/www.hoymercedes.com.ar\/principal\/wp-json\/wp\/v2\/posts\/50627\/revisions"}],"wp:featuredmedia":[{"embeddable":true,"href":"https:\/\/www.hoymercedes.com.ar\/principal\/wp-json\/wp\/v2\/media\/50632"}],"wp:attachment":[{"href":"https:\/\/www.hoymercedes.com.ar\/principal\/wp-json\/wp\/v2\/media?parent=50627"}],"wp:term":[{"taxonomy":"category","embeddable":true,"href":"https:\/\/www.hoymercedes.com.ar\/principal\/wp-json\/wp\/v2\/categories?post=50627"},{"taxonomy":"post_tag","embeddable":true,"href":"https:\/\/www.hoymercedes.com.ar\/principal\/wp-json\/wp\/v2\/tags?post=50627"}],"curies":[{"name":"wp","href":"https:\/\/api.w.org\/{rel}","templated":true}]}}