{"id":50641,"date":"2016-06-03T17:45:52","date_gmt":"2016-06-03T20:45:52","guid":{"rendered":"http:\/\/www.hoymercedes.com.ar\/principal\/?p=50641"},"modified":"2016-06-03T15:29:55","modified_gmt":"2016-06-03T18:29:55","slug":"quilmes-cayo-como-local-ante-argentino","status":"publish","type":"post","link":"https:\/\/www.hoymercedes.com.ar\/principal\/2016\/06\/03\/quilmes-cayo-como-local-ante-argentino\/","title":{"rendered":"Quilmes cay\u00f3 como local ante Argentino"},"content":{"rendered":"<p><img loading=\"lazy\" decoding=\"async\" data-attachment-id=\"50642\" data-permalink=\"https:\/\/www.hoymercedes.com.ar\/principal\/2016\/06\/03\/quilmes-cayo-como-local-ante-argentino\/03-chivilcoy-primera-1\/#main\" data-orig-file=\"https:\/\/www.hoymercedes.com.ar\/principal\/wp-content\/uploads\/2016\/05\/03-CHIVILCOY-PRIMERA-1.png\" data-orig-size=\"640,228\" data-comments-opened=\"1\" data-image-meta=\"{&quot;aperture&quot;:&quot;0&quot;,&quot;credit&quot;:&quot;&quot;,&quot;camera&quot;:&quot;&quot;,&quot;caption&quot;:&quot;&quot;,&quot;created_timestamp&quot;:&quot;0&quot;,&quot;copyright&quot;:&quot;&quot;,&quot;focal_length&quot;:&quot;0&quot;,&quot;iso&quot;:&quot;0&quot;,&quot;shutter_speed&quot;:&quot;0&quot;,&quot;title&quot;:&quot;&quot;,&quot;orientation&quot;:&quot;0&quot;}\" data-image-title=\"03 CHIVILCOY PRIMERA (1)\" data-image-description=\"\" data-image-caption=\"\" data-large-file=\"https:\/\/www.hoymercedes.com.ar\/principal\/wp-content\/uploads\/2016\/05\/03-CHIVILCOY-PRIMERA-1.png\" class=\"aligncenter size-medium wp-image-50642\" src=\"https:\/\/www.hoymercedes.com.ar\/principal\/wp-content\/uploads\/2016\/05\/03-CHIVILCOY-PRIMERA-1-630x224.png\" alt=\"03 CHIVILCOY PRIMERA (1)\" width=\"630\" height=\"224\" srcset=\"https:\/\/www.hoymercedes.com.ar\/principal\/wp-content\/uploads\/2016\/05\/03-CHIVILCOY-PRIMERA-1-630x224.png 630w, https:\/\/www.hoymercedes.com.ar\/principal\/wp-content\/uploads\/2016\/05\/03-CHIVILCOY-PRIMERA-1-150x53.png 150w, https:\/\/www.hoymercedes.com.ar\/principal\/wp-content\/uploads\/2016\/05\/03-CHIVILCOY-PRIMERA-1.png 640w\" sizes=\"auto, (max-width: 630px) 100vw, 630px\" \/><\/p>\n<p><em><strong>El equipo de Mariano Funcia no pudo quedar en el lote de terceros y cay\u00f3 a la sexta colocaci\u00f3n. Ahora deber\u00e1 enfrentar como visitante al \u00faltimo campe\u00f3n, Racing, que es l\u00edder e invicto.<\/strong><\/em><\/p>\n<p>&nbsp;<\/p>\n<p>La cuarta fecha del Apertura de B\u00e1squet de Primera Divisi\u00f3n de Chivilcoy se complet\u00f3 el viernes por la noche con la derrota de Quilmes ante Argentino por 64 a 55 en un partido muy parejo, donde los dirigidos por Mariano Moauro lograron una peque\u00f1a ventaja promediando el encuentro; sin embargo luego, Quilmes (que ven\u00eda de ganarle a San Lorenzo como local) se recuper\u00f3, equilibr\u00f3 las acciones e inclusive pas\u00f3 al frente en el marcador.<\/p>\n<p>En cuanto a los otros tres partidos de la fecha, en el Estadio \u00abOscar y Alfredo Barca\u201d, el equipo de Deportivo Col\u00f3n derrot\u00f3 a San Lorenzo por 64 a 46. En el Estadio \u00abJorge Palmieri\u201d, Racing Club sueper\u00f3 como visitante a Gimnasia y Esgrima por 106 a 72. Adem\u00e1s, Ciudad de Saladillo hab\u00eda vencido como local a Bragado Club por 69 a 55.<\/p>\n<p>Con estos resultados, Racing Club es el l\u00edder de las posiciones con ocho puntos en cuatro presentaciones, seguido de Ciudad de Saladillo, Deportivo Col\u00f3n (ambos con un partido pendiente) y Argentino y Bragado Club con seis unidades cada uno.<\/p>\n<p>&nbsp;<\/p>\n<p><strong>Quinta fecha<\/strong><\/p>\n<p>Este fin de semana no habr\u00e1 actividad por el Torneo Apertura de Primera divisi\u00f3n, teniendo en cuenta la participaci\u00f3n de la Selecci\u00f3n de Mayores en el Campeonato Provincial de Punta Alta. Cuando se reanude la competencia se jugar\u00e1 la quinta fecha, que tendr\u00e1 tres enfrentamientos en la ciudad de Chivilcoy y el restante en Bragado, de acuerdo al siguiente programa:<\/p>\n<p>&#8211; San Lorenzo vs. Gimnasia y Esgrima<\/p>\n<p>&#8211; Bragado Club vs. Deportivo Col\u00f3n<\/p>\n<p>&#8211; Argentino vs. Ciudad de Saladillo<\/p>\n<p>&#8211; Racing Club vs. Quilmes de Mercedes<\/p>\n","protected":false},"excerpt":{"rendered":"<p>El equipo de Mariano Funcia no pudo quedar en el lote de terceros y cay\u00f3 a la sexta colocaci\u00f3n. Ahora &#8230; <a title=\"Quilmes cay\u00f3 como local ante Argentino\" class=\"read-more\" href=\"https:\/\/www.hoymercedes.com.ar\/principal\/2016\/06\/03\/quilmes-cayo-como-local-ante-argentino\/\" aria-label=\"Leer m\u00e1s sobre Quilmes cay\u00f3 como local ante Argentino\">Leer m\u00e1s<\/a><\/p>\n","protected":false},"author":1,"featured_media":50642,"comment_status":"open","ping_status":"open","sticky":false,"template":"","format":"standard","meta":{"_monsterinsights_skip_tracking":false,"_monsterinsights_sitenote_active":false,"_monsterinsights_sitenote_note":"","_monsterinsights_sitenote_category":0,"jetpack_post_was_ever_published":false,"_jetpack_newsletter_access":"","_jetpack_dont_email_post_to_subs":false,"_jetpack_newsletter_tier_id":0,"_jetpack_memberships_contains_paywalled_content":false,"_jetpack_memberships_contains_paid_content":false,"footnotes":"","jetpack_publicize_message":"","jetpack_publicize_feature_enabled":true,"jetpack_social_post_already_shared":true,"jetpack_social_options":{"image_generator_settings":{"template":"highway","default_image_id":0,"font":"","enabled":false},"version":2},"_wpas_customize_per_network":false},"categories":[21],"tags":[1058,204,8733,1413],"class_list":["post-50641","post","type-post","status-publish","format-standard","has-post-thumbnail","hentry","category-deportes","tag-basquet","tag-deportes-2","tag-musante","tag-quilmes","generate-columns","tablet-grid-50","mobile-grid-100","grid-parent","grid-50"],"jetpack_publicize_connections":[],"jetpack_featured_media_url":"https:\/\/www.hoymercedes.com.ar\/principal\/wp-content\/uploads\/2016\/05\/03-CHIVILCOY-PRIMERA-1.png","wps_subtitle":"Basquet de Primera Divisi\u00f3n","jetpack_sharing_enabled":true,"_links":{"self":[{"href":"https:\/\/www.hoymercedes.com.ar\/principal\/wp-json\/wp\/v2\/posts\/50641","targetHints":{"allow":["GET"]}}],"collection":[{"href":"https:\/\/www.hoymercedes.com.ar\/principal\/wp-json\/wp\/v2\/posts"}],"about":[{"href":"https:\/\/www.hoymercedes.com.ar\/principal\/wp-json\/wp\/v2\/types\/post"}],"author":[{"embeddable":true,"href":"https:\/\/www.hoymercedes.com.ar\/principal\/wp-json\/wp\/v2\/users\/1"}],"replies":[{"embeddable":true,"href":"https:\/\/www.hoymercedes.com.ar\/principal\/wp-json\/wp\/v2\/comments?post=50641"}],"version-history":[{"count":0,"href":"https:\/\/www.hoymercedes.com.ar\/principal\/wp-json\/wp\/v2\/posts\/50641\/revisions"}],"wp:featuredmedia":[{"embeddable":true,"href":"https:\/\/www.hoymercedes.com.ar\/principal\/wp-json\/wp\/v2\/media\/50642"}],"wp:attachment":[{"href":"https:\/\/www.hoymercedes.com.ar\/principal\/wp-json\/wp\/v2\/media?parent=50641"}],"wp:term":[{"taxonomy":"category","embeddable":true,"href":"https:\/\/www.hoymercedes.com.ar\/principal\/wp-json\/wp\/v2\/categories?post=50641"},{"taxonomy":"post_tag","embeddable":true,"href":"https:\/\/www.hoymercedes.com.ar\/principal\/wp-json\/wp\/v2\/tags?post=50641"}],"curies":[{"name":"wp","href":"https:\/\/api.w.org\/{rel}","templated":true}]}}