{"id":50644,"date":"2016-06-03T09:15:26","date_gmt":"2016-06-03T12:15:26","guid":{"rendered":"http:\/\/www.hoymercedes.com.ar\/principal\/?p=50644"},"modified":"2016-06-02T15:42:35","modified_gmt":"2016-06-02T18:42:35","slug":"quilmes-gano-en-u15-y-u17","status":"publish","type":"post","link":"https:\/\/www.hoymercedes.com.ar\/principal\/2016\/06\/03\/quilmes-gano-en-u15-y-u17\/","title":{"rendered":"Quilmes gan\u00f3 en U15 y U17"},"content":{"rendered":"<p><img loading=\"lazy\" decoding=\"async\" data-attachment-id=\"50646\" data-permalink=\"https:\/\/www.hoymercedes.com.ar\/principal\/2016\/06\/03\/quilmes-gano-en-u15-y-u17\/03-quilmes-basquet-2\/#main\" data-orig-file=\"https:\/\/www.hoymercedes.com.ar\/principal\/wp-content\/uploads\/2016\/05\/03-quilmes-basquet-2.jpg\" data-orig-size=\"540,360\" data-comments-opened=\"1\" data-image-meta=\"{&quot;aperture&quot;:&quot;0&quot;,&quot;credit&quot;:&quot;&quot;,&quot;camera&quot;:&quot;&quot;,&quot;caption&quot;:&quot;&quot;,&quot;created_timestamp&quot;:&quot;0&quot;,&quot;copyright&quot;:&quot;&quot;,&quot;focal_length&quot;:&quot;0&quot;,&quot;iso&quot;:&quot;0&quot;,&quot;shutter_speed&quot;:&quot;0&quot;,&quot;title&quot;:&quot;&quot;,&quot;orientation&quot;:&quot;0&quot;}\" data-image-title=\"03 quilmes basquet 2\" data-image-description=\"\" data-image-caption=\"\" data-large-file=\"https:\/\/www.hoymercedes.com.ar\/principal\/wp-content\/uploads\/2016\/05\/03-quilmes-basquet-2.jpg\" class=\"aligncenter size-medium wp-image-50646\" src=\"https:\/\/www.hoymercedes.com.ar\/principal\/wp-content\/uploads\/2016\/05\/03-quilmes-basquet-2.jpg\" alt=\"03 quilmes basquet 2\" width=\"540\" height=\"360\" srcset=\"https:\/\/www.hoymercedes.com.ar\/principal\/wp-content\/uploads\/2016\/05\/03-quilmes-basquet-2.jpg 540w, https:\/\/www.hoymercedes.com.ar\/principal\/wp-content\/uploads\/2016\/05\/03-quilmes-basquet-2-150x100.jpg 150w, https:\/\/www.hoymercedes.com.ar\/principal\/wp-content\/uploads\/2016\/05\/03-quilmes-basquet-2-300x200.jpg 300w\" sizes=\"auto, (max-width: 540px) 100vw, 540px\" \/><\/p>\n<p><em><strong>Por Ariel Musante \/ El Cervecero jug\u00f3 una nueva fecha del torneo de inferiores de la Asociaci\u00f3n de B\u00e1squet de Chivilcoy y tras dos derrotas en las categor\u00edas m\u00e1s chicas, se qued\u00f3 con el triunfo en las dos mayores.<\/strong><\/em><\/p>\n<p>&nbsp;<\/p>\n<p>Quilmes viaj\u00f3 a la ciudad de 9 de Julio para enfrentarse con el local Atl\u00e9tico y obtuvo la mitad de los puntos posibles al caer en Mini por 43 a 32 en un partido en el que siempre estuvieron abajo en el resultado. Los parciales fueron de 16 a 12, 9 a 4 (25 a 16), 10 a 9 y 9 a 7. Por el Cervecero jugaron Acu\u00f1a, Cabanas, Bernardo, Bourdieu, \u00c1lvarez, Bongiorno, Quinteros, Denza, Wimber y Salvador.<\/p>\n<p>El partido siguiente fue el de la U13 y tambi\u00e9n cay\u00f3, en esta oportunidad, por 55 a 34 y tras empezar ganando el primer cuarto por 7 a 5, se desplom\u00f3 en el segundo y se fue al descanso abajo por 25 a 15. Luego, Atl\u00e9tico estir\u00f3 la ventaja al ganar el tercer cuarto 13 a 8 y el \u00faltimo por 12 a 11. Jugaron Quinteros, Lencioni, Bernardo, Cabanas, Fasio, Real, Indurain, Tassara, Wimber y Bellanger.<\/p>\n<p>La primera victoria lleg\u00f3 en U15, donde los mercedinos ganaron por 53 a 35 en un encuentro que de movida lo estuvo ganando al quedarse con el primer cuarto 11 a 5 e irse al descanso 17 a 15 arriba. En el tercer cuarto, Quilmes sac\u00f3 una buena diferencia de 16 a 6 y en el tramo final termin\u00f3 redondeando la goleada. Por Quilmes jugaron Festugatto, Boccalatte, Viloria, Brilado, Fasio, Fredes, Lencioni, Loch, Tassara, Bal y Rizzo.<\/p>\n<p>El partido de u17 Quilmes lo gan\u00f3 por 63 a 43. Los que jugaron fueron \u00c1lvarez, Cosentino, Bidart, Poggio, Bal, Loch, Brilado, Taramasco, Lam\u00f3nica, Pacheco, Perdomo y G\u00f3mez.<\/p>\n<p><img loading=\"lazy\" decoding=\"async\" data-attachment-id=\"50645\" data-permalink=\"https:\/\/www.hoymercedes.com.ar\/principal\/2016\/06\/03\/quilmes-gano-en-u15-y-u17\/03-quilmes-basquet\/#main\" data-orig-file=\"https:\/\/www.hoymercedes.com.ar\/principal\/wp-content\/uploads\/2016\/05\/03-quilmes-basquet.jpg\" data-orig-size=\"525,350\" data-comments-opened=\"1\" data-image-meta=\"{&quot;aperture&quot;:&quot;0&quot;,&quot;credit&quot;:&quot;&quot;,&quot;camera&quot;:&quot;&quot;,&quot;caption&quot;:&quot;&quot;,&quot;created_timestamp&quot;:&quot;0&quot;,&quot;copyright&quot;:&quot;&quot;,&quot;focal_length&quot;:&quot;0&quot;,&quot;iso&quot;:&quot;0&quot;,&quot;shutter_speed&quot;:&quot;0&quot;,&quot;title&quot;:&quot;&quot;,&quot;orientation&quot;:&quot;0&quot;}\" data-image-title=\"03 quilmes basquet\" data-image-description=\"\" data-image-caption=\"\" data-large-file=\"https:\/\/www.hoymercedes.com.ar\/principal\/wp-content\/uploads\/2016\/05\/03-quilmes-basquet.jpg\" class=\"aligncenter size-full wp-image-50645\" src=\"https:\/\/www.hoymercedes.com.ar\/principal\/wp-content\/uploads\/2016\/05\/03-quilmes-basquet.jpg\" alt=\"03 quilmes basquet\" width=\"525\" height=\"350\" srcset=\"https:\/\/www.hoymercedes.com.ar\/principal\/wp-content\/uploads\/2016\/05\/03-quilmes-basquet.jpg 525w, https:\/\/www.hoymercedes.com.ar\/principal\/wp-content\/uploads\/2016\/05\/03-quilmes-basquet-150x100.jpg 150w, https:\/\/www.hoymercedes.com.ar\/principal\/wp-content\/uploads\/2016\/05\/03-quilmes-basquet-300x200.jpg 300w\" sizes=\"auto, (max-width: 525px) 100vw, 525px\" \/><\/p>\n","protected":false},"excerpt":{"rendered":"<p>Por Ariel Musante \/ El Cervecero jug\u00f3 una nueva fecha del torneo de inferiores de la Asociaci\u00f3n de B\u00e1squet de &#8230; <a title=\"Quilmes gan\u00f3 en U15 y U17\" class=\"read-more\" href=\"https:\/\/www.hoymercedes.com.ar\/principal\/2016\/06\/03\/quilmes-gano-en-u15-y-u17\/\" aria-label=\"Leer m\u00e1s sobre Quilmes gan\u00f3 en U15 y U17\">Leer m\u00e1s<\/a><\/p>\n","protected":false},"author":1,"featured_media":50646,"comment_status":"open","ping_status":"open","sticky":false,"template":"","format":"standard","meta":{"_monsterinsights_skip_tracking":false,"_monsterinsights_sitenote_active":false,"_monsterinsights_sitenote_note":"","_monsterinsights_sitenote_category":0,"jetpack_post_was_ever_published":false,"_jetpack_newsletter_access":"","_jetpack_dont_email_post_to_subs":false,"_jetpack_newsletter_tier_id":0,"_jetpack_memberships_contains_paywalled_content":false,"_jetpack_memberships_contains_paid_content":false,"footnotes":"","jetpack_publicize_message":"","jetpack_publicize_feature_enabled":true,"jetpack_social_post_already_shared":true,"jetpack_social_options":{"image_generator_settings":{"template":"highway","default_image_id":0,"font":"","enabled":false},"version":2},"_wpas_customize_per_network":false},"categories":[21],"tags":[1058,204,8733,1413,9386,9387],"class_list":["post-50644","post","type-post","status-publish","format-standard","has-post-thumbnail","hentry","category-deportes","tag-basquet","tag-deportes-2","tag-musante","tag-quilmes","tag-u15","tag-u17","generate-columns","tablet-grid-50","mobile-grid-100","grid-parent","grid-50"],"jetpack_publicize_connections":[],"jetpack_featured_media_url":"https:\/\/www.hoymercedes.com.ar\/principal\/wp-content\/uploads\/2016\/05\/03-quilmes-basquet-2.jpg","wps_subtitle":"Visitante en 9 de Julio","jetpack_sharing_enabled":true,"_links":{"self":[{"href":"https:\/\/www.hoymercedes.com.ar\/principal\/wp-json\/wp\/v2\/posts\/50644","targetHints":{"allow":["GET"]}}],"collection":[{"href":"https:\/\/www.hoymercedes.com.ar\/principal\/wp-json\/wp\/v2\/posts"}],"about":[{"href":"https:\/\/www.hoymercedes.com.ar\/principal\/wp-json\/wp\/v2\/types\/post"}],"author":[{"embeddable":true,"href":"https:\/\/www.hoymercedes.com.ar\/principal\/wp-json\/wp\/v2\/users\/1"}],"replies":[{"embeddable":true,"href":"https:\/\/www.hoymercedes.com.ar\/principal\/wp-json\/wp\/v2\/comments?post=50644"}],"version-history":[{"count":0,"href":"https:\/\/www.hoymercedes.com.ar\/principal\/wp-json\/wp\/v2\/posts\/50644\/revisions"}],"wp:featuredmedia":[{"embeddable":true,"href":"https:\/\/www.hoymercedes.com.ar\/principal\/wp-json\/wp\/v2\/media\/50646"}],"wp:attachment":[{"href":"https:\/\/www.hoymercedes.com.ar\/principal\/wp-json\/wp\/v2\/media?parent=50644"}],"wp:term":[{"taxonomy":"category","embeddable":true,"href":"https:\/\/www.hoymercedes.com.ar\/principal\/wp-json\/wp\/v2\/categories?post=50644"},{"taxonomy":"post_tag","embeddable":true,"href":"https:\/\/www.hoymercedes.com.ar\/principal\/wp-json\/wp\/v2\/tags?post=50644"}],"curies":[{"name":"wp","href":"https:\/\/api.w.org\/{rel}","templated":true}]}}