{"id":5066,"date":"2011-06-18T05:35:16","date_gmt":"2011-06-18T05:35:16","guid":{"rendered":"http:\/\/www.hoymercedes.com.ar\/principal\/?p=5066"},"modified":"2011-06-18T05:35:16","modified_gmt":"2011-06-18T05:35:16","slug":"visito-mercedes-uno-de-los-candidatos-a-secretario-general-de-ate-provincia","status":"publish","type":"post","link":"https:\/\/www.hoymercedes.com.ar\/principal\/2011\/06\/18\/visito-mercedes-uno-de-los-candidatos-a-secretario-general-de-ate-provincia\/","title":{"rendered":"Visito Mercedes uno de los candidatos a Secretario General de ATE provincia"},"content":{"rendered":"<p>Se trata de Oscar De Isasi quien participar\u00e1  de las eleciones provinciales del gremio como integrante de la Lista Verde AnusAte<\/p>\n<p><a href=\"https:\/\/www.hoymercedes.com.ar\/principal\/wp-content\/uploads\/2011\/06\/Oscar-De-Isasi.ATE_.jpg\"><img loading=\"lazy\" decoding=\"async\" data-attachment-id=\"5068\" data-permalink=\"https:\/\/www.hoymercedes.com.ar\/principal\/2011\/06\/18\/visito-mercedes-uno-de-los-candidatos-a-secretario-general-de-ate-provincia\/oscar-de-isasi-ate\/#main\" data-orig-file=\"https:\/\/www.hoymercedes.com.ar\/principal\/wp-content\/uploads\/2011\/06\/Oscar-De-Isasi.ATE_.jpg\" data-orig-size=\"600,450\" data-comments-opened=\"1\" data-image-meta=\"{&quot;aperture&quot;:&quot;2.8&quot;,&quot;credit&quot;:&quot;&quot;,&quot;camera&quot;:&quot;COOLPIX L10&quot;,&quot;caption&quot;:&quot;&quot;,&quot;created_timestamp&quot;:&quot;1308123957&quot;,&quot;copyright&quot;:&quot;Copyright 2006&quot;,&quot;focal_length&quot;:&quot;6.2&quot;,&quot;iso&quot;:&quot;400&quot;,&quot;shutter_speed&quot;:&quot;0.016666666666667&quot;,&quot;title&quot;:&quot;&quot;}\" data-image-title=\"Oscar De Isasi.ATE\" data-image-description=\"\" data-image-caption=\"\" data-large-file=\"https:\/\/www.hoymercedes.com.ar\/principal\/wp-content\/uploads\/2011\/06\/Oscar-De-Isasi.ATE_.jpg\" class=\"aligncenter size-full wp-image-5068\" title=\"Oscar De Isasi.ATE\" src=\"https:\/\/www.hoymercedes.com.ar\/principal\/wp-content\/uploads\/2011\/06\/Oscar-De-Isasi.ATE_.jpg\" alt=\"\" width=\"600\" height=\"450\" \/><\/a><\/p>\n<p>Para dar a conocer sus propuestas cm candidato a Secretario General de ATE Provincia en las pr\u00f3ximas elecciones que se llevar\u00e1n a cabo  el 4 de agosto en dicho gremio, visit\u00f3 nuestra ciudad Oscar De, Isasi, integrante de la Lista Verde qui\u00e9n mantuvo un encuentro con un grupo de afiliados en la sede del sindicato en nuestro medio debido a que dentro de la renovaci\u00f3n total de autoridades que se hace, en Mercedes Hugo Bonafina impulsa su continuidad al frente del gremio integrando dicha lista verde.<\/p>\n<p>De Isasi sostuvo \u201cen las pr\u00f3ximas elecciones que se llevar\u00e1n a cabo el d\u00eda 4 de agosto se renovar\u00e1n las autoridades nacionales, provinciales y las de cada seccional de las diferentes ciudades del pa\u00eds donde se encuentren.<\/p>\n<p>Se presentan oficialmente tres listas, la nuestra que es encabezada por qui\u00e9n le habla junto a Jorge Ravetti como Adjunto con el compromiso de seguir haciendo lo que estamos haciendo desde hace 20 a\u00f1os, es decir tomar el compromiso de trabajar por los trabajadores, defender sus intereses, fortalecer la lucha de los mismos y buscar un mejor posicionamiento de la Central de los Trabajadores Argentinos, las otras listas son la  azul propiciada por el gobierno tanto nacional como provincial y en muchos casos los municipales, y la Bermell\u00f3n proveniente de los sectores de la izquierda tradicional.<\/p>\n<p>Nuestra lista es la continuaci\u00f3n del gran trabajo que ha realizado Hugo \u201cCachorro\u201d Godoy durante tantos a\u00f1os al frente de ATE Provincia, cumpliendo con aquella idea de mantener siempre una independencia con  los partidos pol\u00edticos, con el Estado y con los gobiernos de turno.<\/p>\n<p>Es la autonom\u00eda que volvemos a poner en debate en la elecci\u00f3n de 4 de agosto y nosotros debemos seguir poniendo como prioridad de lucha por nuestro salario porque tenemos que recuperar la capacidad adquisitiva del mismo construyendo las fuerzas necesarias para que los aumentos no sean r\u00e1pidamente consumidos por la inflaci\u00f3n.<\/p>\n<p>Me toca la responsabilidad de intentar reemplazar a Hugo Godoy y no es porque este se haya jubilado sino que participar\u00e1 a nivel nacional como Secretario Adjunto para todo el pa\u00eds.<\/p>\n<p>Tenemos un propuesta con seis ejes b\u00e1sicos que tienen que ver con lo nacional, lo provincial y lo municipal, es decir los tres estamentos del Estado.<\/p>\n<p>Pero tambi\u00e9n hemos venido a Mercedes a  conversar con los afiliados de esta ciudad acerca de una jornada provincial de lucha para el 7 de julio en continuidad a la que participamos con la CTA el pasado 8 de junio donde comenzamos a plantearle al Gobernador Scioli la reapertura de las paritarias para discutir salarios debido a que el insuficiente aumento salarial que se otorg\u00f3 en la \u00faltima paritaria ya ha sido devorado por los diferentes cambios en los precios de los elementos que toda familia consume a diario.<\/p>\n<p>Tambi\u00e9n se har\u00e1n una serie de actividades en las diferentes Seccionales zonales y regionales como cortes de calles, radios abiertas y con manifestaciones p\u00fablicas que pongan a los trabajadores en la calle reclamando por lo que leg\u00edtimamente les corresponde y en ese marco nuestro reclamo tambi\u00e9n ser\u00e1 por la restituci\u00f3n de los importes salariales descontados por los d\u00edas de paros realizados, algo que directamente no se puede hacer porque es inconstitucional y desde ya dar un nuevo impulso al Proyecto de Ley sobre Asignaciones Familiares que ha ingresado en la Legislatura provincial en donde entre otras cosas establecemos la eliminaci\u00f3n de los topes para dichas asignaciones y detr\u00e1s de eso el fin del trabajo en negro, el nombramiento en las \u00e1reas de salud y educaci\u00f3n y todas las restantes reivindicaciones que no se cumplen como tampoco se cumplen los compromisos paritarios acordados y firmados\u201d<\/p>\n<p>&nbsp;<\/p>\n","protected":false},"excerpt":{"rendered":"<p>Se trata de Oscar De Isasi quien participar\u00e1 de las eleciones provinciales del gremio como integrante de la Lista Verde &#8230; <a title=\"Visito Mercedes uno de los candidatos a Secretario General de ATE provincia\" class=\"read-more\" href=\"https:\/\/www.hoymercedes.com.ar\/principal\/2011\/06\/18\/visito-mercedes-uno-de-los-candidatos-a-secretario-general-de-ate-provincia\/\" aria-label=\"Leer m\u00e1s sobre Visito Mercedes uno de los candidatos a Secretario General de ATE provincia\">Leer m\u00e1s<\/a><\/p>\n","protected":false},"author":1,"featured_media":0,"comment_status":"open","ping_status":"open","sticky":false,"template":"","format":"standard","meta":{"_monsterinsights_skip_tracking":false,"_monsterinsights_sitenote_active":false,"_monsterinsights_sitenote_note":"","_monsterinsights_sitenote_category":0,"jetpack_post_was_ever_published":false,"_jetpack_newsletter_access":"","_jetpack_dont_email_post_to_subs":false,"_jetpack_newsletter_tier_id":0,"_jetpack_memberships_contains_paywalled_content":false,"_jetpack_memberships_contains_paid_content":false,"footnotes":"","jetpack_publicize_message":"","jetpack_publicize_feature_enabled":true,"jetpack_social_post_already_shared":false,"jetpack_social_options":{"image_generator_settings":{"template":"highway","default_image_id":0,"font":"","enabled":false},"version":2},"_wpas_customize_per_network":false},"categories":[8],"tags":[308,923],"class_list":["post-5066","post","type-post","status-publish","format-standard","hentry","category-sociedad","tag-ate-mercedes","tag-oscar-de-isasi","generate-columns","tablet-grid-50","mobile-grid-100","grid-parent","grid-50"],"jetpack_publicize_connections":[],"jetpack_featured_media_url":"","wps_subtitle":"","jetpack_sharing_enabled":true,"_links":{"self":[{"href":"https:\/\/www.hoymercedes.com.ar\/principal\/wp-json\/wp\/v2\/posts\/5066","targetHints":{"allow":["GET"]}}],"collection":[{"href":"https:\/\/www.hoymercedes.com.ar\/principal\/wp-json\/wp\/v2\/posts"}],"about":[{"href":"https:\/\/www.hoymercedes.com.ar\/principal\/wp-json\/wp\/v2\/types\/post"}],"author":[{"embeddable":true,"href":"https:\/\/www.hoymercedes.com.ar\/principal\/wp-json\/wp\/v2\/users\/1"}],"replies":[{"embeddable":true,"href":"https:\/\/www.hoymercedes.com.ar\/principal\/wp-json\/wp\/v2\/comments?post=5066"}],"version-history":[{"count":0,"href":"https:\/\/www.hoymercedes.com.ar\/principal\/wp-json\/wp\/v2\/posts\/5066\/revisions"}],"wp:attachment":[{"href":"https:\/\/www.hoymercedes.com.ar\/principal\/wp-json\/wp\/v2\/media?parent=5066"}],"wp:term":[{"taxonomy":"category","embeddable":true,"href":"https:\/\/www.hoymercedes.com.ar\/principal\/wp-json\/wp\/v2\/categories?post=5066"},{"taxonomy":"post_tag","embeddable":true,"href":"https:\/\/www.hoymercedes.com.ar\/principal\/wp-json\/wp\/v2\/tags?post=5066"}],"curies":[{"name":"wp","href":"https:\/\/api.w.org\/{rel}","templated":true}]}}