{"id":50662,"date":"2016-06-01T16:00:31","date_gmt":"2016-06-01T19:00:31","guid":{"rendered":"http:\/\/www.hoymercedes.com.ar\/principal\/?p=50662"},"modified":"2016-05-31T17:48:10","modified_gmt":"2016-05-31T20:48:10","slug":"san-patricio-campeon-en-varones-y-semifinalista-en-mujeres","status":"publish","type":"post","link":"https:\/\/www.hoymercedes.com.ar\/principal\/2016\/06\/01\/san-patricio-campeon-en-varones-y-semifinalista-en-mujeres\/","title":{"rendered":"San Patricio, campe\u00f3n en varones y semifinalista en mujeres"},"content":{"rendered":"<p><img loading=\"lazy\" decoding=\"async\" data-attachment-id=\"50663\" data-permalink=\"https:\/\/www.hoymercedes.com.ar\/principal\/2016\/06\/01\/san-patricio-campeon-en-varones-y-semifinalista-en-mujeres\/01-voley-san-patricio\/#main\" data-orig-file=\"https:\/\/www.hoymercedes.com.ar\/principal\/wp-content\/uploads\/2016\/05\/01-Voley-San-Patricio.jpg\" data-orig-size=\"448,336\" data-comments-opened=\"1\" data-image-meta=\"{&quot;aperture&quot;:&quot;0&quot;,&quot;credit&quot;:&quot;&quot;,&quot;camera&quot;:&quot;&quot;,&quot;caption&quot;:&quot;&quot;,&quot;created_timestamp&quot;:&quot;0&quot;,&quot;copyright&quot;:&quot;&quot;,&quot;focal_length&quot;:&quot;0&quot;,&quot;iso&quot;:&quot;0&quot;,&quot;shutter_speed&quot;:&quot;0&quot;,&quot;title&quot;:&quot;&quot;,&quot;orientation&quot;:&quot;0&quot;}\" data-image-title=\"01 Voley San Patricio\" data-image-description=\"\" data-image-caption=\"\" data-large-file=\"https:\/\/www.hoymercedes.com.ar\/principal\/wp-content\/uploads\/2016\/05\/01-Voley-San-Patricio.jpg\" class=\"aligncenter size-full wp-image-50663\" src=\"https:\/\/www.hoymercedes.com.ar\/principal\/wp-content\/uploads\/2016\/05\/01-Voley-San-Patricio.jpg\" alt=\"01 Voley San Patricio\" width=\"448\" height=\"336\" srcset=\"https:\/\/www.hoymercedes.com.ar\/principal\/wp-content\/uploads\/2016\/05\/01-Voley-San-Patricio.jpg 448w, https:\/\/www.hoymercedes.com.ar\/principal\/wp-content\/uploads\/2016\/05\/01-Voley-San-Patricio-150x113.jpg 150w\" sizes=\"auto, (max-width: 448px) 100vw, 448px\" \/><\/p>\n<p><em><strong>Por Ariel Musante \/ El equipo de varones se consagro campe\u00f3n en las finales de la categor\u00eda Juveniles en la ciudad balnearia de Villa Gesell.<\/strong><\/em><\/p>\n<p>Desde el viernes 27 hasta el domingo 28 se llevaron a cabo los distintos encuentros en el polideportivo en el campeonato provincial que reuni\u00f3 colegios de las localidades de Pila, Dolores, Mor\u00f3n, Lomas de Zamora, Capital Federal, Mercedes y los locales.<\/p>\n<p>Estos torneos, organizados por Producci\u00f3n Deportiva, tienen m\u00e1s de 20 a\u00f1os y re\u00fanen en etapas previas (pre-gesell) a distintos equipos de gran buenos aires, la provincia y Capital Federal, pasando luego a las finales que se llevan a cabo en esta ciudad balnearia.<\/p>\n<p>San Patricio concurri\u00f3 con los equipos femeninos y masculino con excelentes resultados. Las chicas llegaron a las semi-finales donde las dirigidas por la Profesora Carolina Martinelli se encontraron con equipos de m\u00e1s experiencia y altura que no le permiti\u00f3 franquear la velocidad de juego que impuso el equipo de Lomas \u201cA\u201d.<\/p>\n<p>En cambio los varones dirigidos por el Profesor Gabino Regueiro fueron ganando uno a uno los partidos. S\u00f3lo el s\u00e1bado cayeron ante el colegio local de Villa Gesell pudiendo reponerse en los cruces de las semifinales y en la final se encontraron con los varones de Lomas A los que tras un arduo partido pudieron vencer y encontrar este triunfo y campeonato merecido.<\/p>\n<p>Los equipos mercedinos fueron los siguientes:<\/p>\n<p>Femenino: Valentina Stagno, Irina Nikicink, Juana Luther, Isabel Luther, Manuela Apeceche, Florencia Bertolino, entrenadora Carolina Martinelli.<\/p>\n<p>Varones: Santiago Hern\u00e1ndez, Sebasti\u00e1n Ferrarotti, Santiago Musso, Juan Ignacio Garc\u00eda Mazzuca, Antonio Luther, Ramiro Rodriguez, Francisco Russo, Tomas Battoia, Ignacio Vacarezza,\u00a0 Entrenador Gabino Regueiro. La delegaci\u00f3n fue presidida por el Director Prof. Alfredo Avalos.<\/p>\n<p>Durante la semana retomaran los entrenamientos para enfrentar la etapa de la categor\u00eda cadetes donde muchos de los alumnos que jugaron en juveniles son de la categor\u00eda cadetes lo que hace presumir un buen augurio para los pr\u00f3ximos torneos.<\/p>\n<p><img loading=\"lazy\" decoding=\"async\" data-attachment-id=\"50664\" data-permalink=\"https:\/\/www.hoymercedes.com.ar\/principal\/2016\/06\/01\/san-patricio-campeon-en-varones-y-semifinalista-en-mujeres\/01-voley-san-patricio-1\/#main\" data-orig-file=\"https:\/\/www.hoymercedes.com.ar\/principal\/wp-content\/uploads\/2016\/05\/01-Voley-San-Patricio-1.jpg\" data-orig-size=\"448,336\" data-comments-opened=\"1\" data-image-meta=\"{&quot;aperture&quot;:&quot;0&quot;,&quot;credit&quot;:&quot;&quot;,&quot;camera&quot;:&quot;&quot;,&quot;caption&quot;:&quot;&quot;,&quot;created_timestamp&quot;:&quot;0&quot;,&quot;copyright&quot;:&quot;&quot;,&quot;focal_length&quot;:&quot;0&quot;,&quot;iso&quot;:&quot;0&quot;,&quot;shutter_speed&quot;:&quot;0&quot;,&quot;title&quot;:&quot;&quot;,&quot;orientation&quot;:&quot;0&quot;}\" data-image-title=\"01 Voley San Patricio 1\" data-image-description=\"\" data-image-caption=\"\" data-large-file=\"https:\/\/www.hoymercedes.com.ar\/principal\/wp-content\/uploads\/2016\/05\/01-Voley-San-Patricio-1.jpg\" class=\"aligncenter size-full wp-image-50664\" src=\"https:\/\/www.hoymercedes.com.ar\/principal\/wp-content\/uploads\/2016\/05\/01-Voley-San-Patricio-1.jpg\" alt=\"01 Voley San Patricio 1\" width=\"448\" height=\"336\" srcset=\"https:\/\/www.hoymercedes.com.ar\/principal\/wp-content\/uploads\/2016\/05\/01-Voley-San-Patricio-1.jpg 448w, https:\/\/www.hoymercedes.com.ar\/principal\/wp-content\/uploads\/2016\/05\/01-Voley-San-Patricio-1-150x113.jpg 150w\" sizes=\"auto, (max-width: 448px) 100vw, 448px\" \/><\/p>\n","protected":false},"excerpt":{"rendered":"<p>Por Ariel Musante \/ El equipo de varones se consagro campe\u00f3n en las finales de la categor\u00eda Juveniles en la &#8230; <a title=\"San Patricio, campe\u00f3n en varones y semifinalista en mujeres\" class=\"read-more\" href=\"https:\/\/www.hoymercedes.com.ar\/principal\/2016\/06\/01\/san-patricio-campeon-en-varones-y-semifinalista-en-mujeres\/\" aria-label=\"Leer m\u00e1s sobre San Patricio, campe\u00f3n en varones y semifinalista en mujeres\">Leer m\u00e1s<\/a><\/p>\n","protected":false},"author":1,"featured_media":50664,"comment_status":"open","ping_status":"open","sticky":false,"template":"","format":"standard","meta":{"_monsterinsights_skip_tracking":false,"_monsterinsights_sitenote_active":false,"_monsterinsights_sitenote_note":"","_monsterinsights_sitenote_category":0,"jetpack_post_was_ever_published":false,"_jetpack_newsletter_access":"","_jetpack_dont_email_post_to_subs":false,"_jetpack_newsletter_tier_id":0,"_jetpack_memberships_contains_paywalled_content":false,"_jetpack_memberships_contains_paid_content":false,"footnotes":"","jetpack_publicize_message":"","jetpack_publicize_feature_enabled":true,"jetpack_social_post_already_shared":true,"jetpack_social_options":{"image_generator_settings":{"template":"highway","default_image_id":0,"font":"","enabled":false},"version":2},"_wpas_customize_per_network":false},"categories":[21],"tags":[204,8733,1424,8686],"class_list":["post-50662","post","type-post","status-publish","format-standard","has-post-thumbnail","hentry","category-deportes","tag-deportes-2","tag-musante","tag-san-patricio","tag-voley","generate-columns","tablet-grid-50","mobile-grid-100","grid-parent","grid-50"],"jetpack_publicize_connections":[],"jetpack_featured_media_url":"https:\/\/www.hoymercedes.com.ar\/principal\/wp-content\/uploads\/2016\/05\/01-Voley-San-Patricio-1.jpg","wps_subtitle":"En Villa Gesell","jetpack_sharing_enabled":true,"_links":{"self":[{"href":"https:\/\/www.hoymercedes.com.ar\/principal\/wp-json\/wp\/v2\/posts\/50662","targetHints":{"allow":["GET"]}}],"collection":[{"href":"https:\/\/www.hoymercedes.com.ar\/principal\/wp-json\/wp\/v2\/posts"}],"about":[{"href":"https:\/\/www.hoymercedes.com.ar\/principal\/wp-json\/wp\/v2\/types\/post"}],"author":[{"embeddable":true,"href":"https:\/\/www.hoymercedes.com.ar\/principal\/wp-json\/wp\/v2\/users\/1"}],"replies":[{"embeddable":true,"href":"https:\/\/www.hoymercedes.com.ar\/principal\/wp-json\/wp\/v2\/comments?post=50662"}],"version-history":[{"count":0,"href":"https:\/\/www.hoymercedes.com.ar\/principal\/wp-json\/wp\/v2\/posts\/50662\/revisions"}],"wp:featuredmedia":[{"embeddable":true,"href":"https:\/\/www.hoymercedes.com.ar\/principal\/wp-json\/wp\/v2\/media\/50664"}],"wp:attachment":[{"href":"https:\/\/www.hoymercedes.com.ar\/principal\/wp-json\/wp\/v2\/media?parent=50662"}],"wp:term":[{"taxonomy":"category","embeddable":true,"href":"https:\/\/www.hoymercedes.com.ar\/principal\/wp-json\/wp\/v2\/categories?post=50662"},{"taxonomy":"post_tag","embeddable":true,"href":"https:\/\/www.hoymercedes.com.ar\/principal\/wp-json\/wp\/v2\/tags?post=50662"}],"curies":[{"name":"wp","href":"https:\/\/api.w.org\/{rel}","templated":true}]}}