{"id":50682,"date":"2016-05-31T19:45:47","date_gmt":"2016-05-31T22:45:47","guid":{"rendered":"http:\/\/www.hoymercedes.com.ar\/principal\/?p=50682"},"modified":"2016-05-31T17:34:23","modified_gmt":"2016-05-31T20:34:23","slug":"el-hospital-tiene-la-propuesta-para-pediatria-y-accidentologia-desde-febrero","status":"publish","type":"post","link":"https:\/\/www.hoymercedes.com.ar\/principal\/2016\/05\/31\/el-hospital-tiene-la-propuesta-para-pediatria-y-accidentologia-desde-febrero\/","title":{"rendered":"\u00abEl Hospital tiene la propuesta para Pediatr\u00eda y accidentolog\u00eda desde Febrero\u00bb"},"content":{"rendered":"<p><strong><em><img loading=\"lazy\" decoding=\"async\" data-attachment-id=\"49264\" data-permalink=\"https:\/\/www.hoymercedes.com.ar\/principal\/2016\/04\/26\/confirman-cinco-casos-de-dengue-no-autoctono\/cassiani\/#main\" data-orig-file=\"https:\/\/www.hoymercedes.com.ar\/principal\/wp-content\/uploads\/2016\/04\/cassiani.jpg\" data-orig-size=\"600,450\" data-comments-opened=\"1\" data-image-meta=\"{&quot;aperture&quot;:&quot;0&quot;,&quot;credit&quot;:&quot;&quot;,&quot;camera&quot;:&quot;&quot;,&quot;caption&quot;:&quot;&quot;,&quot;created_timestamp&quot;:&quot;0&quot;,&quot;copyright&quot;:&quot;&quot;,&quot;focal_length&quot;:&quot;0&quot;,&quot;iso&quot;:&quot;0&quot;,&quot;shutter_speed&quot;:&quot;0&quot;,&quot;title&quot;:&quot;&quot;,&quot;orientation&quot;:&quot;0&quot;}\" data-image-title=\"cassiani\" data-image-description=\"\" data-image-caption=\"\" data-large-file=\"https:\/\/www.hoymercedes.com.ar\/principal\/wp-content\/uploads\/2016\/04\/cassiani.jpg\" class=\"aligncenter size-full wp-image-49264\" src=\"https:\/\/www.hoymercedes.com.ar\/principal\/wp-content\/uploads\/2016\/04\/cassiani.jpg\" alt=\"cassiani\" width=\"600\" height=\"450\" srcset=\"https:\/\/www.hoymercedes.com.ar\/principal\/wp-content\/uploads\/2016\/04\/cassiani.jpg 600w, https:\/\/www.hoymercedes.com.ar\/principal\/wp-content\/uploads\/2016\/04\/cassiani-150x113.jpg 150w\" sizes=\"auto, (max-width: 600px) 100vw, 600px\" \/>El Dr. Pablo Cassiani se hace eco de las declaraciones del Dr. Bandoni sobre su preocupaci\u00f3n por la atenci\u00f3n\u00a0pedi\u00e1trica y la atenci\u00f3n necesaria en la v\u00eda p\u00fablica. Se\u00f1ala problem\u00e1ticas no indicadas por el Director del Dubarry<\/em><\/strong><\/p>\n<p>Luego de la conferencia de prensa brindada por el director del nosocomio <a href=\"https:\/\/www.hoymercedes.com.ar\/principal\/2016\/05\/27\/pediatria-y-atencion-en-via-publica-preocupan-en-el-hospital\/\" target=\"_blank\">Dr. Daniel Bandoni<\/a>, el Secretario de Salud de la comuna local el Dr. Pablo Cassiani brind\u00f3 apreciaciones con relaci\u00f3n a la salud de los mercedinos,\u00a0e indic\u00f3:<\/p>\n<p>\u201cDesde la Secretar\u00eda de Salud Municipal nos preocupa mucho las presiones pol\u00edticas que se est\u00e1n ejerciendo sobre el Dr. Bandoni para que haga determinadas declaraciones, porque afectan al cuidado de la salud de los mercedinos. Es de p\u00fablico conocimiento que hay programas de salud que se han cortado o est\u00e1n llegando la mitad de los recursos que antes llegaban al municipio como por ejemplo el programa Materno infantil ya que Mercedes en el primer cuatrimestre de este a\u00f1o no ha recibido leche y en mayo de este a\u00f1o recibimos 450 kgs cuando en el mismo per\u00edodo del a\u00f1o 2015 llegaron 900 kgs.<\/p>\n<p>Lo mismo ocurre con otro programa provincial que es fundamental para esta \u00e9poca que es el programa IRAB (Infecciones Respiratorias Agudas Bajas) que cubre la Bronquiolitis y que afecta a la poblaci\u00f3n pedi\u00e1trica menor a los 2 a\u00f1os en la cual solo se han recibido 90 Salbutamoles, cuando a esta altura del a\u00f1o anterior ya se hab\u00edan recibido m\u00e1s de 1000.<\/p>\n<p>Tambi\u00e9n nos preocupa la realidad que sufre el Hospital Provincial Blas Dubarry respecto al servicio de Pediatr\u00eda porque el a\u00f1o pasado se consiguieron m\u00e1s de 20 cargos para esa especialidad y por estos d\u00edas se supo que varios de estos especialistas han renunciado al servicio.<\/p>\n<p>Nos preocupa que la Provincia no gire los fondos necesarios para cubrir los gastos de combustible de la ambulancia del nosocomio ni tampoco se puedan gestionar nombramientos para cubrir las guardias pedi\u00e1tricas.<\/p>\n<p>Desde la comuna queremos recordarle a la gente que en el mes de Febrero a pocos d\u00edas que el Dr. Bandoni asumiera al frente del Hospital el intendente Ustarroz junto con mi persona nos acercamos y le ofrecimos un convenio de \u201cGuardia Pedi\u00e1trica y Accidentolog\u00eda\u201d donde la comuna se compromet\u00eda a colaborar econ\u00f3micamente para el financiamiento de la Guardia Pedi\u00e1trica y hasta el d\u00eda de la fecha estamos a la espera de una respuesta formal por parte de las autoridades del Dubarry sobre quienes ser\u00edan los pediatras que el nosocomio pondr\u00eda en ese lugar tan importante\u201d.<\/p>\n<p>Agreg\u00f3: \u201cLa comuna reconoce al Hospital Provincial como una instituci\u00f3n importante para la atenci\u00f3n de los mercedinos por eso desea colaborar con el nosocomio. El intendente Ustarroz me solicit\u00f3 exclusivamente que colaboremos fuertemente y trabajemos mancomunadamente con el Dubarry porque sabemos que es en beneficio de toda la ciudad y es lo que haremos siempre\u00bb.<\/p>\n<p>Fuente: Prensa Municipal<\/p>\n","protected":false},"excerpt":{"rendered":"<p>El Dr. Pablo Cassiani se hace eco de las declaraciones del Dr. Bandoni sobre su preocupaci\u00f3n por la atenci\u00f3n\u00a0pedi\u00e1trica y &#8230; <a title=\"\u00abEl Hospital tiene la propuesta para Pediatr\u00eda y accidentolog\u00eda desde Febrero\u00bb\" class=\"read-more\" href=\"https:\/\/www.hoymercedes.com.ar\/principal\/2016\/05\/31\/el-hospital-tiene-la-propuesta-para-pediatria-y-accidentologia-desde-febrero\/\" aria-label=\"Leer m\u00e1s sobre \u00abEl Hospital tiene la propuesta para Pediatr\u00eda y accidentolog\u00eda desde Febrero\u00bb\">Leer m\u00e1s<\/a><\/p>\n","protected":false},"author":1,"featured_media":49264,"comment_status":"open","ping_status":"open","sticky":false,"template":"","format":"standard","meta":{"_monsterinsights_skip_tracking":false,"_monsterinsights_sitenote_active":false,"_monsterinsights_sitenote_note":"","_monsterinsights_sitenote_category":0,"jetpack_post_was_ever_published":false,"_jetpack_newsletter_access":"","_jetpack_dont_email_post_to_subs":false,"_jetpack_newsletter_tier_id":0,"_jetpack_memberships_contains_paywalled_content":false,"_jetpack_memberships_contains_paid_content":false,"footnotes":"","jetpack_publicize_message":"","jetpack_publicize_feature_enabled":true,"jetpack_social_post_already_shared":true,"jetpack_social_options":{"image_generator_settings":{"template":"highway","default_image_id":0,"font":"","enabled":false},"version":2},"_wpas_customize_per_network":false},"categories":[30],"tags":[8637,8738,134],"class_list":["post-50682","post","type-post","status-publish","format-standard","has-post-thumbnail","hentry","category-municipio","tag-cassiani","tag-municipal","tag-salud","generate-columns","tablet-grid-50","mobile-grid-100","grid-parent","grid-50"],"jetpack_publicize_connections":[],"jetpack_featured_media_url":"https:\/\/www.hoymercedes.com.ar\/principal\/wp-content\/uploads\/2016\/04\/cassiani.jpg","wps_subtitle":"El Secretario de Salud","jetpack_sharing_enabled":true,"_links":{"self":[{"href":"https:\/\/www.hoymercedes.com.ar\/principal\/wp-json\/wp\/v2\/posts\/50682","targetHints":{"allow":["GET"]}}],"collection":[{"href":"https:\/\/www.hoymercedes.com.ar\/principal\/wp-json\/wp\/v2\/posts"}],"about":[{"href":"https:\/\/www.hoymercedes.com.ar\/principal\/wp-json\/wp\/v2\/types\/post"}],"author":[{"embeddable":true,"href":"https:\/\/www.hoymercedes.com.ar\/principal\/wp-json\/wp\/v2\/users\/1"}],"replies":[{"embeddable":true,"href":"https:\/\/www.hoymercedes.com.ar\/principal\/wp-json\/wp\/v2\/comments?post=50682"}],"version-history":[{"count":0,"href":"https:\/\/www.hoymercedes.com.ar\/principal\/wp-json\/wp\/v2\/posts\/50682\/revisions"}],"wp:featuredmedia":[{"embeddable":true,"href":"https:\/\/www.hoymercedes.com.ar\/principal\/wp-json\/wp\/v2\/media\/49264"}],"wp:attachment":[{"href":"https:\/\/www.hoymercedes.com.ar\/principal\/wp-json\/wp\/v2\/media?parent=50682"}],"wp:term":[{"taxonomy":"category","embeddable":true,"href":"https:\/\/www.hoymercedes.com.ar\/principal\/wp-json\/wp\/v2\/categories?post=50682"},{"taxonomy":"post_tag","embeddable":true,"href":"https:\/\/www.hoymercedes.com.ar\/principal\/wp-json\/wp\/v2\/tags?post=50682"}],"curies":[{"name":"wp","href":"https:\/\/api.w.org\/{rel}","templated":true}]}}