{"id":50687,"date":"2016-06-01T13:42:43","date_gmt":"2016-06-01T16:42:43","guid":{"rendered":"http:\/\/www.hoymercedes.com.ar\/principal\/?p=50687"},"modified":"2016-05-31T17:47:23","modified_gmt":"2016-05-31T20:47:23","slug":"gimnasia-y-esgrima-va-a-la-carga-por-lertora","status":"publish","type":"post","link":"https:\/\/www.hoymercedes.com.ar\/principal\/2016\/06\/01\/gimnasia-y-esgrima-va-a-la-carga-por-lertora\/","title":{"rendered":"Gimnasia y Esgrima va a la carga por L\u00e9rtora"},"content":{"rendered":"<p><em><strong><img loading=\"lazy\" decoding=\"async\" data-attachment-id=\"50688\" data-permalink=\"https:\/\/www.hoymercedes.com.ar\/principal\/2016\/06\/01\/gimnasia-y-esgrima-va-a-la-carga-por-lertora\/01-lertora-arsenal-gol\/#main\" data-orig-file=\"https:\/\/www.hoymercedes.com.ar\/principal\/wp-content\/uploads\/2016\/05\/01-Lertora-Arsenal-GOL.jpg\" data-orig-size=\"600,338\" data-comments-opened=\"1\" data-image-meta=\"{&quot;aperture&quot;:&quot;0&quot;,&quot;credit&quot;:&quot;&quot;,&quot;camera&quot;:&quot;&quot;,&quot;caption&quot;:&quot;&quot;,&quot;created_timestamp&quot;:&quot;0&quot;,&quot;copyright&quot;:&quot;&quot;,&quot;focal_length&quot;:&quot;0&quot;,&quot;iso&quot;:&quot;0&quot;,&quot;shutter_speed&quot;:&quot;0&quot;,&quot;title&quot;:&quot;&quot;,&quot;orientation&quot;:&quot;0&quot;}\" data-image-title=\"01 Lertora Arsenal GOL\" data-image-description=\"\" data-image-caption=\"\" data-large-file=\"https:\/\/www.hoymercedes.com.ar\/principal\/wp-content\/uploads\/2016\/05\/01-Lertora-Arsenal-GOL.jpg\" class=\"aligncenter size-full wp-image-50688\" src=\"https:\/\/www.hoymercedes.com.ar\/principal\/wp-content\/uploads\/2016\/05\/01-Lertora-Arsenal-GOL.jpg\" alt=\"01 Lertora Arsenal GOL\" width=\"600\" height=\"338\" srcset=\"https:\/\/www.hoymercedes.com.ar\/principal\/wp-content\/uploads\/2016\/05\/01-Lertora-Arsenal-GOL.jpg 600w, https:\/\/www.hoymercedes.com.ar\/principal\/wp-content\/uploads\/2016\/05\/01-Lertora-Arsenal-GOL-150x85.jpg 150w\" sizes=\"auto, (max-width: 600px) 100vw, 600px\" \/>Por Ariel Musante \/ El volante de Arsenal de Sarand\u00ed sigue siendo pretendido por el lobo platense que quiere rearmar su plantel de cara al pr\u00f3ximo torneo largo que se iniciar\u00e1 en agosto.<\/strong><\/em><\/p>\n<p>Gimnasia y Esgrima de La Plata quiere reforzar el plantel que realiz\u00f3 una buena campa\u00f1a en el pasado certamen de Primera Divisi\u00f3n y entre Ramiro Carrera, el uruguayo Hugo Silveira, Dami\u00e1n P\u00e9rez, Ezequiel Rescaldani, aparece el de Federico L\u00e9rtora.<\/p>\n<p>El volante, a quien el 30 de junio se le vence su v\u00ednculo contractual con Arsenal, es del agrado del entrenador Gustavo Alfaro, y aunque a\u00fan no existieron contactos formales, lo cierto es que se encuentra en la \u00f3rbita del propio Alfaro.<\/p>\n<p>\u201cReci\u00e9n terminamos el semestre en Arsenal, con el que tengo contrato hasta el 30 de junio. Por el momento, nadie de Gimnasia se comunic\u00f3 conmigo. El lunes me voy a reunir con mi representante, Alejandro Mazzoni, para analizar los pasos a seguir\u201d, coment\u00f3 L\u00e9rtora a medios platenses.<\/p>\n<p>Puntualmente, y ante la posibilidad de convertirse en refuerzo del Lobo, aclar\u00f3: \u201cDeber\u00eda escuchar que es lo que me proponen, pero obviamente que en caso de cristalizarse el inter\u00e9s de Gimnasia me seduce\u201d, cerr\u00f3.<\/p>\n","protected":false},"excerpt":{"rendered":"<p>Por Ariel Musante \/ El volante de Arsenal de Sarand\u00ed sigue siendo pretendido por el lobo platense que quiere rearmar &#8230; <a title=\"Gimnasia y Esgrima va a la carga por L\u00e9rtora\" class=\"read-more\" href=\"https:\/\/www.hoymercedes.com.ar\/principal\/2016\/06\/01\/gimnasia-y-esgrima-va-a-la-carga-por-lertora\/\" aria-label=\"Leer m\u00e1s sobre Gimnasia y Esgrima va a la carga por L\u00e9rtora\">Leer m\u00e1s<\/a><\/p>\n","protected":false},"author":1,"featured_media":50688,"comment_status":"open","ping_status":"open","sticky":false,"template":"","format":"standard","meta":{"_monsterinsights_skip_tracking":false,"_monsterinsights_sitenote_active":false,"_monsterinsights_sitenote_note":"","_monsterinsights_sitenote_category":0,"jetpack_post_was_ever_published":false,"_jetpack_newsletter_access":"","_jetpack_dont_email_post_to_subs":false,"_jetpack_newsletter_tier_id":0,"_jetpack_memberships_contains_paywalled_content":false,"_jetpack_memberships_contains_paid_content":false,"footnotes":"","jetpack_publicize_message":"","jetpack_publicize_feature_enabled":true,"jetpack_social_post_already_shared":true,"jetpack_social_options":{"image_generator_settings":{"template":"highway","default_image_id":0,"font":"","enabled":false},"version":2},"_wpas_customize_per_network":false},"categories":[21],"tags":[204,1003,8896,8733],"class_list":["post-50687","post","type-post","status-publish","format-standard","has-post-thumbnail","hentry","category-deportes","tag-deportes-2","tag-futbol","tag-lertora","tag-musante","generate-columns","tablet-grid-50","mobile-grid-100","grid-parent","grid-50"],"jetpack_publicize_connections":[],"jetpack_featured_media_url":"https:\/\/www.hoymercedes.com.ar\/principal\/wp-content\/uploads\/2016\/05\/01-Lertora-Arsenal-GOL.jpg","wps_subtitle":"El Tripero insiste","jetpack_sharing_enabled":true,"_links":{"self":[{"href":"https:\/\/www.hoymercedes.com.ar\/principal\/wp-json\/wp\/v2\/posts\/50687","targetHints":{"allow":["GET"]}}],"collection":[{"href":"https:\/\/www.hoymercedes.com.ar\/principal\/wp-json\/wp\/v2\/posts"}],"about":[{"href":"https:\/\/www.hoymercedes.com.ar\/principal\/wp-json\/wp\/v2\/types\/post"}],"author":[{"embeddable":true,"href":"https:\/\/www.hoymercedes.com.ar\/principal\/wp-json\/wp\/v2\/users\/1"}],"replies":[{"embeddable":true,"href":"https:\/\/www.hoymercedes.com.ar\/principal\/wp-json\/wp\/v2\/comments?post=50687"}],"version-history":[{"count":0,"href":"https:\/\/www.hoymercedes.com.ar\/principal\/wp-json\/wp\/v2\/posts\/50687\/revisions"}],"wp:featuredmedia":[{"embeddable":true,"href":"https:\/\/www.hoymercedes.com.ar\/principal\/wp-json\/wp\/v2\/media\/50688"}],"wp:attachment":[{"href":"https:\/\/www.hoymercedes.com.ar\/principal\/wp-json\/wp\/v2\/media?parent=50687"}],"wp:term":[{"taxonomy":"category","embeddable":true,"href":"https:\/\/www.hoymercedes.com.ar\/principal\/wp-json\/wp\/v2\/categories?post=50687"},{"taxonomy":"post_tag","embeddable":true,"href":"https:\/\/www.hoymercedes.com.ar\/principal\/wp-json\/wp\/v2\/tags?post=50687"}],"curies":[{"name":"wp","href":"https:\/\/api.w.org\/{rel}","templated":true}]}}