{"id":50693,"date":"2016-06-01T08:06:49","date_gmt":"2016-06-01T11:06:49","guid":{"rendered":"http:\/\/www.hoymercedes.com.ar\/principal\/?p=50693"},"modified":"2016-05-31T18:21:30","modified_gmt":"2016-05-31T21:21:30","slug":"confirman-el-gas-natural-para-el-barrio-favaloro","status":"publish","type":"post","link":"https:\/\/www.hoymercedes.com.ar\/principal\/2016\/06\/01\/confirman-el-gas-natural-para-el-barrio-favaloro\/","title":{"rendered":"Confirman el gas natural para el barrio Favaloro"},"content":{"rendered":"<figure id=\"attachment_50694\" aria-describedby=\"caption-attachment-50694\" style=\"width: 438px\" class=\"wp-caption aligncenter\"><img loading=\"lazy\" decoding=\"async\" data-attachment-id=\"50694\" data-permalink=\"https:\/\/www.hoymercedes.com.ar\/principal\/2016\/06\/01\/confirman-el-gas-natural-para-el-barrio-favaloro\/01-gas-favaloro\/#main\" data-orig-file=\"https:\/\/www.hoymercedes.com.ar\/principal\/wp-content\/uploads\/2016\/05\/01-gas-favaloro.jpg\" data-orig-size=\"448,266\" data-comments-opened=\"1\" data-image-meta=\"{&quot;aperture&quot;:&quot;0&quot;,&quot;credit&quot;:&quot;&quot;,&quot;camera&quot;:&quot;&quot;,&quot;caption&quot;:&quot;????????????????????????????????????&quot;,&quot;created_timestamp&quot;:&quot;0&quot;,&quot;copyright&quot;:&quot;&quot;,&quot;focal_length&quot;:&quot;0&quot;,&quot;iso&quot;:&quot;0&quot;,&quot;shutter_speed&quot;:&quot;0&quot;,&quot;title&quot;:&quot;&quot;,&quot;orientation&quot;:&quot;0&quot;}\" data-image-title=\"01 gas favaloro\" data-image-description=\"\" data-image-caption=\"\" data-large-file=\"https:\/\/www.hoymercedes.com.ar\/principal\/wp-content\/uploads\/2016\/05\/01-gas-favaloro.jpg\" class=\"wp-image-50694 size-full\" src=\"https:\/\/www.hoymercedes.com.ar\/principal\/wp-content\/uploads\/2016\/05\/01-gas-favaloro.jpg\" width=\"448\" height=\"266\" srcset=\"https:\/\/www.hoymercedes.com.ar\/principal\/wp-content\/uploads\/2016\/05\/01-gas-favaloro.jpg 448w, https:\/\/www.hoymercedes.com.ar\/principal\/wp-content\/uploads\/2016\/05\/01-gas-favaloro-150x89.jpg 150w\" sizes=\"auto, (max-width: 448px) 100vw, 448px\" \/><figcaption id=\"caption-attachment-50694\" class=\"wp-caption-text\">Foto: Prensa Municipal<\/figcaption><\/figure>\n<p>\u00abCon fondos municipales se pag\u00f3 el dinero adeudado por Naci\u00f3n para la finalizaci\u00f3n de las obras\u00bb dijeron desde la Municipalidad al confirmar que\u00a0el intendente Ustarroz decidi\u00f3 cancelar la deuda para que el Barrio Ren\u00e9 Favaloro tuviese\u00a0la red de Gas Natural. \u00abSe viene la \u00e9poca m\u00e1s fr\u00eda del a\u00f1o y como Estado municipal tenemos que estar presentes en las necesidades de la gente\u00bb expres\u00f3 el jefe comunal.<\/p>\n<p>En las \u00faltimas horas se produjo el encuentro entre el Jefe Comunal Dr. Juan Ignacio Ustarroz, acompa\u00f1ado del Subsecretario de Hacienda el Dr. David Valerga, con el titular de la empresa Alonso Red S.R.L. Pablo Alonso, empresa que tuvo a su cargo la realizaci\u00f3n de la obra de gas en el Barrio Rene Favaloro. El objetivo fue cancelar una deuda que se arrastr\u00f3 tras las gestiones que el a\u00f1o pasado realiz\u00f3 el Diputado Eduardo\u00a0de Pedro (cuando a\u00fan era funcionario del gobierno nacional) para que el barrio Ren\u00e9 Favaloro tuviesen el\u00a0servicio el\u00e9ctrico, Gas Natural y agua corriente.<\/p>\n<p>La obra por el Gas hab\u00eda comenzado con el dinero girado por Naci\u00f3n para tal fin pero las obras estaban paradas debido a que faltaba el \u00faltimo pago de Naci\u00f3n a trav\u00e9s del programa \u00abTecho Digno\u00bb. Desde enero de este a\u00f1o el Gobierno Municipal llev\u00f3 adelante las pertinentes gestiones ante la Secretar\u00eda de Vivienda de Naci\u00f3n para que gire los fondos. \u00abComo el tiempo avanza y se acerca el invierno el intendente tom\u00f3 la decisi\u00f3n de abonar con fondos municipales la suma de $240.250,64 a la firma Alonso Red SRL y de ese modo resolverles un gran problema que ten\u00edan los vecinos del barrio Rene Favaloro\u00bb, destaca la informaci\u00f3n municipal.<\/p>\n<p>&nbsp;<\/p>\n<p>En el marco de la reuni\u00f3n, el prestatario asumi\u00f3 el compromiso de concluir los trabajos a finales de la pr\u00f3xima semana. \u00a0Se aprovech\u00f3 la reuni\u00f3n para plantear la realizaci\u00f3n de otras obras para la ciudad, evaluando costos y situaciones a sanear para poder seguir trabajando con el objetivo de beneficiar a m\u00e1s vecinos.<\/p>\n<p>&nbsp;<\/p>\n","protected":false},"excerpt":{"rendered":"<p>\u00abCon fondos municipales se pag\u00f3 el dinero adeudado por Naci\u00f3n para la finalizaci\u00f3n de las obras\u00bb dijeron desde la Municipalidad &#8230; <a title=\"Confirman el gas natural para el barrio Favaloro\" class=\"read-more\" href=\"https:\/\/www.hoymercedes.com.ar\/principal\/2016\/06\/01\/confirman-el-gas-natural-para-el-barrio-favaloro\/\" aria-label=\"Leer m\u00e1s sobre Confirman el gas natural para el barrio Favaloro\">Leer m\u00e1s<\/a><\/p>\n","protected":false},"author":1,"featured_media":50694,"comment_status":"open","ping_status":"open","sticky":false,"template":"","format":"standard","meta":{"_monsterinsights_skip_tracking":false,"_monsterinsights_sitenote_active":false,"_monsterinsights_sitenote_note":"","_monsterinsights_sitenote_category":0,"jetpack_post_was_ever_published":false,"_jetpack_newsletter_access":"","_jetpack_dont_email_post_to_subs":false,"_jetpack_newsletter_tier_id":0,"_jetpack_memberships_contains_paywalled_content":false,"_jetpack_memberships_contains_paid_content":false,"footnotes":"","jetpack_publicize_message":"","jetpack_publicize_feature_enabled":true,"jetpack_social_post_already_shared":true,"jetpack_social_options":{"image_generator_settings":{"template":"highway","default_image_id":0,"font":"","enabled":false},"version":2},"_wpas_customize_per_network":false},"categories":[30],"tags":[2063,9389,244],"class_list":["post-50693","post","type-post","status-publish","format-standard","has-post-thumbnail","hentry","category-municipio","tag-barrio-favaloro","tag-gas","tag-municipio-2","generate-columns","tablet-grid-50","mobile-grid-100","grid-parent","grid-50"],"jetpack_publicize_connections":[],"jetpack_featured_media_url":"https:\/\/www.hoymercedes.com.ar\/principal\/wp-content\/uploads\/2016\/05\/01-gas-favaloro.jpg","wps_subtitle":"Fondos municipales pagaron la deuda","jetpack_sharing_enabled":true,"_links":{"self":[{"href":"https:\/\/www.hoymercedes.com.ar\/principal\/wp-json\/wp\/v2\/posts\/50693","targetHints":{"allow":["GET"]}}],"collection":[{"href":"https:\/\/www.hoymercedes.com.ar\/principal\/wp-json\/wp\/v2\/posts"}],"about":[{"href":"https:\/\/www.hoymercedes.com.ar\/principal\/wp-json\/wp\/v2\/types\/post"}],"author":[{"embeddable":true,"href":"https:\/\/www.hoymercedes.com.ar\/principal\/wp-json\/wp\/v2\/users\/1"}],"replies":[{"embeddable":true,"href":"https:\/\/www.hoymercedes.com.ar\/principal\/wp-json\/wp\/v2\/comments?post=50693"}],"version-history":[{"count":0,"href":"https:\/\/www.hoymercedes.com.ar\/principal\/wp-json\/wp\/v2\/posts\/50693\/revisions"}],"wp:featuredmedia":[{"embeddable":true,"href":"https:\/\/www.hoymercedes.com.ar\/principal\/wp-json\/wp\/v2\/media\/50694"}],"wp:attachment":[{"href":"https:\/\/www.hoymercedes.com.ar\/principal\/wp-json\/wp\/v2\/media?parent=50693"}],"wp:term":[{"taxonomy":"category","embeddable":true,"href":"https:\/\/www.hoymercedes.com.ar\/principal\/wp-json\/wp\/v2\/categories?post=50693"},{"taxonomy":"post_tag","embeddable":true,"href":"https:\/\/www.hoymercedes.com.ar\/principal\/wp-json\/wp\/v2\/tags?post=50693"}],"curies":[{"name":"wp","href":"https:\/\/api.w.org\/{rel}","templated":true}]}}