{"id":50699,"date":"2016-06-03T18:30:30","date_gmt":"2016-06-03T21:30:30","guid":{"rendered":"http:\/\/www.hoymercedes.com.ar\/principal\/?p=50699"},"modified":"2016-06-03T15:30:10","modified_gmt":"2016-06-03T18:30:10","slug":"homenaje-a-cervantes-desde-la-escuela-de-estetica","status":"publish","type":"post","link":"https:\/\/www.hoymercedes.com.ar\/principal\/2016\/06\/03\/homenaje-a-cervantes-desde-la-escuela-de-estetica\/","title":{"rendered":"Homenaje a Cervantes desde la Escuela de Est\u00e9tica"},"content":{"rendered":"<p>En este 2016 se conmemora el aniversario de una figura emblem\u00e1tica del escenario cultural: los 400 a\u00f1os del fallecimiento del escritor Miguel de Cervantes. y desde la\u00a0Escuela de Educaci\u00f3n Est\u00e9tica N\u00ba 1 de Mercedes llevan adelante un proyecto interdisciplinario\u00a0<span style=\"line-height: 1.5;\">titulado \u00abLadran Sancho&#8230; se\u00f1al que regresamos\u00bb.\u00a0<\/span><\/p>\n<p>\u00abEl Quijote\u00bb es universalmente conocido, para recordarlo los invitamos a compartir y disfrutar la representaci\u00f3n de la vida, la obra y la \u00e9poca de Cervantes en un espacio de arte de nuestra ciudad.\u00a0Este es un\u00a0homenaje al m\u00e1s grande escritor espa\u00f1ol de todos los tiempos llega desde la Escuela de Educaci\u00f3n Est\u00e9tica N\u00ba 1.<\/p>\n<p>Cervantes, el autor de El Ingenioso hidalgo Don Quijote de la Mancha, una de las primeras y m\u00e1s importantes novelas de la literatura universal y fundacional de la lengua espa\u00f1ola, falleci\u00f3 en Abril de 1616 en Madrid, y fue noticia el a\u00f1o pasado, cuando sus restos fueron hallados por un equipo de antropolog\u00eda forense, despu\u00e9s de casi cuatro siglos.<\/p>\n<p>Docentes que trabajan en el proyecto: Marina Pil\u00eda (Expresi\u00f3n Dram\u00e1tica); Sol L\u00f3pez (Expresi\u00f3n Corporal); Mar\u00eda Raquel Pereira (Expresi\u00f3n Musical) y Jimena Bezunces (Expresi\u00f3n Pl\u00e1stica). Participan los alumnos de Nivel 1-2 y Nivel 3 del T.M.<\/p>\n<p>Este proyecto se realizar\u00e1\u00a0el\u00a0lunes 6 de junio\u00a0en el horario comprendido de 9:30 a 11:30 horas y de 13:30 a 16 horas, en las instalaciones del Museo de Arte \u00abMunicipalidad de Mercedes\u00bb (MAMM)<\/p>\n<p>&nbsp;<\/p>\n","protected":false},"excerpt":{"rendered":"<p>En este 2016 se conmemora el aniversario de una figura emblem\u00e1tica del escenario cultural: los 400 a\u00f1os del fallecimiento del &#8230; <a title=\"Homenaje a Cervantes desde la Escuela de Est\u00e9tica\" class=\"read-more\" href=\"https:\/\/www.hoymercedes.com.ar\/principal\/2016\/06\/03\/homenaje-a-cervantes-desde-la-escuela-de-estetica\/\" aria-label=\"Leer m\u00e1s sobre Homenaje a Cervantes desde la Escuela de Est\u00e9tica\">Leer m\u00e1s<\/a><\/p>\n","protected":false},"author":1,"featured_media":50804,"comment_status":"open","ping_status":"open","sticky":false,"template":"","format":"standard","meta":{"_monsterinsights_skip_tracking":false,"_monsterinsights_sitenote_active":false,"_monsterinsights_sitenote_note":"","_monsterinsights_sitenote_category":0,"jetpack_post_was_ever_published":false,"_jetpack_newsletter_access":"","_jetpack_dont_email_post_to_subs":false,"_jetpack_newsletter_tier_id":0,"_jetpack_memberships_contains_paywalled_content":false,"_jetpack_memberships_contains_paid_content":false,"footnotes":"","jetpack_publicize_message":"","jetpack_publicize_feature_enabled":true,"jetpack_social_post_already_shared":true,"jetpack_social_options":{"image_generator_settings":{"template":"highway","default_image_id":0,"font":"","enabled":false},"version":2},"_wpas_customize_per_network":false},"categories":[104],"tags":[7805,9400,8674],"class_list":["post-50699","post","type-post","status-publish","format-standard","has-post-thumbnail","hentry","category-cultura","tag-cultura","tag-escuela-de-estetica","tag-mamm","generate-columns","tablet-grid-50","mobile-grid-100","grid-parent","grid-50"],"jetpack_publicize_connections":[],"jetpack_featured_media_url":"https:\/\/www.hoymercedes.com.ar\/principal\/wp-content\/uploads\/2016\/06\/02-Estetica.jpg","wps_subtitle":"El 6 de junio ","jetpack_sharing_enabled":true,"_links":{"self":[{"href":"https:\/\/www.hoymercedes.com.ar\/principal\/wp-json\/wp\/v2\/posts\/50699","targetHints":{"allow":["GET"]}}],"collection":[{"href":"https:\/\/www.hoymercedes.com.ar\/principal\/wp-json\/wp\/v2\/posts"}],"about":[{"href":"https:\/\/www.hoymercedes.com.ar\/principal\/wp-json\/wp\/v2\/types\/post"}],"author":[{"embeddable":true,"href":"https:\/\/www.hoymercedes.com.ar\/principal\/wp-json\/wp\/v2\/users\/1"}],"replies":[{"embeddable":true,"href":"https:\/\/www.hoymercedes.com.ar\/principal\/wp-json\/wp\/v2\/comments?post=50699"}],"version-history":[{"count":0,"href":"https:\/\/www.hoymercedes.com.ar\/principal\/wp-json\/wp\/v2\/posts\/50699\/revisions"}],"wp:featuredmedia":[{"embeddable":true,"href":"https:\/\/www.hoymercedes.com.ar\/principal\/wp-json\/wp\/v2\/media\/50804"}],"wp:attachment":[{"href":"https:\/\/www.hoymercedes.com.ar\/principal\/wp-json\/wp\/v2\/media?parent=50699"}],"wp:term":[{"taxonomy":"category","embeddable":true,"href":"https:\/\/www.hoymercedes.com.ar\/principal\/wp-json\/wp\/v2\/categories?post=50699"},{"taxonomy":"post_tag","embeddable":true,"href":"https:\/\/www.hoymercedes.com.ar\/principal\/wp-json\/wp\/v2\/tags?post=50699"}],"curies":[{"name":"wp","href":"https:\/\/api.w.org\/{rel}","templated":true}]}}