{"id":5077,"date":"2011-06-18T14:55:21","date_gmt":"2011-06-18T14:55:21","guid":{"rendered":"http:\/\/www.hoymercedes.com.ar\/principal\/?p=5077"},"modified":"2011-06-18T14:55:21","modified_gmt":"2011-06-18T14:55:21","slug":"frente-mercedino-para-la-victoria-hizo-trabajos-en-barrio-esperanza","status":"publish","type":"post","link":"https:\/\/www.hoymercedes.com.ar\/principal\/2011\/06\/18\/frente-mercedino-para-la-victoria-hizo-trabajos-en-barrio-esperanza\/","title":{"rendered":"Frente Mercedino para la Victoria hizo trabajos en barrio Esperanza"},"content":{"rendered":"<p>Durante el fin de semana pasado el Frente mercedino para la Victoria realiz\u00f3 una actividad colectiva que consisti\u00f3 en pintar diversas viviendas a trav\u00e9s de integrantes del Frente y voluntarios. A continuaci\u00f3n la informaci\u00f3n compartida por el FMpV con la sociedad:<\/p>\n<p><a href=\"https:\/\/www.hoymercedes.com.ar\/principal\/wp-content\/uploads\/2011\/06\/FmpVpintandoesperanza-.jpg\"><img loading=\"lazy\" decoding=\"async\" data-attachment-id=\"5079\" data-permalink=\"https:\/\/www.hoymercedes.com.ar\/principal\/2011\/06\/18\/frente-mercedino-para-la-victoria-hizo-trabajos-en-barrio-esperanza\/fmpvpintandoesperanza\/#main\" data-orig-file=\"https:\/\/www.hoymercedes.com.ar\/principal\/wp-content\/uploads\/2011\/06\/FmpVpintandoesperanza-.jpg\" data-orig-size=\"600,399\" data-comments-opened=\"1\" data-image-meta=\"{&quot;aperture&quot;:&quot;6.3&quot;,&quot;credit&quot;:&quot;Moreira Mario&quot;,&quot;camera&quot;:&quot;NIKON D300&quot;,&quot;caption&quot;:&quot;&quot;,&quot;created_timestamp&quot;:&quot;1307794919&quot;,&quot;copyright&quot;:&quot;Moreira Mario&quot;,&quot;focal_length&quot;:&quot;22&quot;,&quot;iso&quot;:&quot;200&quot;,&quot;shutter_speed&quot;:&quot;0.00125&quot;,&quot;title&quot;:&quot;&quot;}\" data-image-title=\"FmpVpintandoesperanza\" data-image-description=\"\" data-image-caption=\"\" data-large-file=\"https:\/\/www.hoymercedes.com.ar\/principal\/wp-content\/uploads\/2011\/06\/FmpVpintandoesperanza-.jpg\" class=\"aligncenter size-full wp-image-5079\" title=\"FmpVpintandoesperanza\" src=\"https:\/\/www.hoymercedes.com.ar\/principal\/wp-content\/uploads\/2011\/06\/FmpVpintandoesperanza-.jpg\" alt=\"\" width=\"600\" height=\"399\" \/><\/a><\/p>\n<p>Desde el Frente Mercedino para la Victoria, Frente que encabeza Juan Ustarroz se plante\u00f3 un desaf\u00edo de cambio en el barrio Esperanza. La idea, surgida de un grupo de militantes, intenta recuperar las paredes de las casas y los paredones del barrio, con el fin de darles a los vecinos un ambiente m\u00e1s alegre y habitable.<\/p>\n<p>\u201cSabemos que no solucionamos la calidad de vida de los vecinos, que los cambios deben ser m\u00e1s profundos y pasan tambi\u00e9n por el asfaltado y la limpieza y mantenimiento del barrio, pero creemos que comenzar con un trabajo comunitario, implica cambiar la fachada del barrio y es un buen comienzo, considerando que no somos el gobierno municipal\u201d cuenta Carlos Escudero, uno de los impulsores de este proyecto.<\/p>\n<p>As\u00ed, entre las calles 15, 13, 44 y 46 comenzaron a pintar los militantes junto a los vecinos los frentes de las casas, a dibujar en los paredones abandonados  murales donde hasta ahora solo hab\u00eda grafitis casuales.<\/p>\n<p>&nbsp;<\/p>\n<p>Los m\u00e1ximos referentes del Frente Mercedino, Juani Ustarroz y Wado De Pedro tambi\u00e9n estuvieron presentes en la pintada del barrio, junto a integrantes de La C\u00e1mpora a nivel provincial, como Tigre, Hurlingham y San Mart\u00edn.<\/p>\n<p>&nbsp;<\/p>\n<p>Jos\u00e9, un vecino del Esperanza, de 58 a\u00f1os, dijo que \u201cen 20 a\u00f1os no se pint\u00f3 nunca. El barrio est\u00e1 arruinado. Es bueno que se haya hecho esto, lav\u00e1ndole la cara al barrio, que ayuda a que la gente crea que se puede estar mejor\u201d. Por su parte, una efusiva Celeste, de 41, agreg\u00f3 que \u201cme siento contenta por lo que se hizo. Me quiero integrar al Frente Mercedino por el trabajo que hacen. Es necesario el cambio de generaciones\u201d, finaliz\u00f3.<\/p>\n<p>En un clima de trabajo y solidaridad se desarrollaron las jornadas en el barrio.<\/p>\n<p>Ustarroz al respecto dijo: \u201ceste tipo de ayuda a los barrios es formidable, pero sabemos que el problema de fondo no se soluciona y por eso queremos seguir trabajando para poder hacerlo\u201d, indic\u00f3.<\/p>\n<p>Entre el s\u00e1bado y el domingo se termin\u00f3 parte del trabajo dejando un saldo de 30 casas pintadas y un mural terminado. Durante la semana, los militantes armaron cronogramas de trabajo para continuar limpiando los frentes con hidrolavado, ya que muchas no han sido pintadas antes.<\/p>\n<p>Con un objetivo de casi 100 casas a pintar, se seguir\u00e1 trabajando para cumplir con lo esperado<\/p>\n","protected":false},"excerpt":{"rendered":"<p>Durante el fin de semana pasado el Frente mercedino para la Victoria realiz\u00f3 una actividad colectiva que consisti\u00f3 en pintar &#8230; <a title=\"Frente Mercedino para la Victoria hizo trabajos en barrio Esperanza\" class=\"read-more\" href=\"https:\/\/www.hoymercedes.com.ar\/principal\/2011\/06\/18\/frente-mercedino-para-la-victoria-hizo-trabajos-en-barrio-esperanza\/\" aria-label=\"Leer m\u00e1s sobre Frente Mercedino para la Victoria hizo trabajos en barrio Esperanza\">Leer m\u00e1s<\/a><\/p>\n","protected":false},"author":1,"featured_media":0,"comment_status":"open","ping_status":"open","sticky":false,"template":"","format":"standard","meta":{"_monsterinsights_skip_tracking":false,"_monsterinsights_sitenote_active":false,"_monsterinsights_sitenote_note":"","_monsterinsights_sitenote_category":0,"jetpack_post_was_ever_published":false,"_jetpack_newsletter_access":"","_jetpack_dont_email_post_to_subs":false,"_jetpack_newsletter_tier_id":0,"_jetpack_memberships_contains_paywalled_content":false,"_jetpack_memberships_contains_paid_content":false,"footnotes":"","jetpack_publicize_message":"","jetpack_publicize_feature_enabled":true,"jetpack_social_post_already_shared":false,"jetpack_social_options":{"image_generator_settings":{"template":"highway","default_image_id":0,"font":"","enabled":false},"version":2},"_wpas_customize_per_network":false},"categories":[5],"tags":[927,379],"class_list":["post-5077","post","type-post","status-publish","format-standard","hentry","category-politica","tag-barrio-esperanza-mercedes","tag-frente-mercedino-para-la-victoria","generate-columns","tablet-grid-50","mobile-grid-100","grid-parent","grid-50"],"jetpack_publicize_connections":[],"jetpack_featured_media_url":"","wps_subtitle":"","jetpack_sharing_enabled":true,"_links":{"self":[{"href":"https:\/\/www.hoymercedes.com.ar\/principal\/wp-json\/wp\/v2\/posts\/5077","targetHints":{"allow":["GET"]}}],"collection":[{"href":"https:\/\/www.hoymercedes.com.ar\/principal\/wp-json\/wp\/v2\/posts"}],"about":[{"href":"https:\/\/www.hoymercedes.com.ar\/principal\/wp-json\/wp\/v2\/types\/post"}],"author":[{"embeddable":true,"href":"https:\/\/www.hoymercedes.com.ar\/principal\/wp-json\/wp\/v2\/users\/1"}],"replies":[{"embeddable":true,"href":"https:\/\/www.hoymercedes.com.ar\/principal\/wp-json\/wp\/v2\/comments?post=5077"}],"version-history":[{"count":0,"href":"https:\/\/www.hoymercedes.com.ar\/principal\/wp-json\/wp\/v2\/posts\/5077\/revisions"}],"wp:attachment":[{"href":"https:\/\/www.hoymercedes.com.ar\/principal\/wp-json\/wp\/v2\/media?parent=5077"}],"wp:term":[{"taxonomy":"category","embeddable":true,"href":"https:\/\/www.hoymercedes.com.ar\/principal\/wp-json\/wp\/v2\/categories?post=5077"},{"taxonomy":"post_tag","embeddable":true,"href":"https:\/\/www.hoymercedes.com.ar\/principal\/wp-json\/wp\/v2\/tags?post=5077"}],"curies":[{"name":"wp","href":"https:\/\/api.w.org\/{rel}","templated":true}]}}