{"id":508,"date":"2010-11-22T02:56:40","date_gmt":"2010-11-22T02:56:40","guid":{"rendered":"http:\/\/www.hoymercedes.com.ar\/principal\/?p=508"},"modified":"2010-11-22T02:56:40","modified_gmt":"2010-11-22T02:56:40","slug":"basquet-el-primer-chico-se-fue-a-chivilcoy","status":"publish","type":"post","link":"https:\/\/www.hoymercedes.com.ar\/principal\/2010\/11\/22\/basquet-el-primer-chico-se-fue-a-chivilcoy\/","title":{"rendered":"B\u00e1squet: El primer chico se fue a Chivilcoy"},"content":{"rendered":"<p style=\"text-align: justify;\">En un\u00a0 partido de desarrollo cambiante, Argentinos de Chivilcoy se qued\u00f3 con el primero de los cinco encuentros que supuestamente deber\u00e1n jugarse, la definici\u00f3n es al\u00a0mejor de cinco, al ganar como visitante en el gimnasio de 12 y 15 al Club Quilmes por 62 a 58.<\/p>\n<p style=\"text-align: justify;\">El equipo de la vecina localidad hab\u00eda llegado a los play off luego de clasificar en la cuarta colocaci\u00f3n en el torneo propiamente dicho para en semifinales dejar de lado nada menos que al \u00faltimo Campe\u00f3n, Col\u00f3n, tambi\u00e9n de la vecina ciudad, mientras que el conjunto mercedinos que el el torneo concluy\u00f3 en el tercer lugar hab\u00eda eliminado a Racing.<\/p>\n<p style=\"text-align: justify;\">El quinteto de la vecina ciudad logr\u00f3 la diferencia que a la postre ser\u00eda vital en el segundo cuarto donde obtuvo el parcial por 18 tantos de diferencia (25 a 7) y si bien el n el tercero y el cuarto el equip\u00f3 mercedino logro equiparar las acciones no alcanz\u00f3 para revertir el resultado.<\/p>\n<p style=\"text-align: justify;\">Ahora el domingo pr\u00f3ximo se disputar\u00e1 el segundo encuentro programado pero en esta oportunidad en Chivilcoy en un estadio que siempre fue muy dificil para cualquier equipo mercedino.<\/p>\n<p style=\"text-align: justify;\">Lo de Quilmes m\u00e1s all\u00e1\u00a0 que no alcanz\u00f3 fue bueno, hay que recordar que llega a estas instancias con algunas bajas de importancia y otro hecho para destacar es que si hac\u00edamos bien las cuentas nos encontr\u00e1bamos que en esta primera final en nuestra ciudad hab\u00eda mas publico de Chivilcoy que de Mercedes, falta de aliento para Quilmes, algo que si dudas se nota en cualquier tipo de finales.<\/p>\n","protected":false},"excerpt":{"rendered":"<p>En un\u00a0 partido de desarrollo cambiante, Argentinos de Chivilcoy se qued\u00f3 con el primero de los cinco encuentros que supuestamente &#8230; <a title=\"B\u00e1squet: El primer chico se fue a Chivilcoy\" class=\"read-more\" href=\"https:\/\/www.hoymercedes.com.ar\/principal\/2010\/11\/22\/basquet-el-primer-chico-se-fue-a-chivilcoy\/\" aria-label=\"Leer m\u00e1s sobre B\u00e1squet: El primer chico se fue a Chivilcoy\">Leer m\u00e1s<\/a><\/p>\n","protected":false},"author":1,"featured_media":0,"comment_status":"open","ping_status":"open","sticky":false,"template":"","format":"standard","meta":{"_monsterinsights_skip_tracking":false,"_monsterinsights_sitenote_active":false,"_monsterinsights_sitenote_note":"","_monsterinsights_sitenote_category":0,"jetpack_post_was_ever_published":false,"_jetpack_newsletter_access":"","_jetpack_dont_email_post_to_subs":false,"_jetpack_newsletter_tier_id":0,"_jetpack_memberships_contains_paywalled_content":false,"_jetpack_memberships_contains_paid_content":false,"footnotes":"","jetpack_publicize_message":"","jetpack_publicize_feature_enabled":true,"jetpack_social_post_already_shared":false,"jetpack_social_options":{"image_generator_settings":{"template":"highway","default_image_id":0,"font":"","enabled":false},"version":2},"_wpas_customize_per_network":false},"categories":[21],"tags":[],"class_list":["post-508","post","type-post","status-publish","format-standard","hentry","category-deportes","generate-columns","tablet-grid-50","mobile-grid-100","grid-parent","grid-50"],"jetpack_publicize_connections":[],"jetpack_featured_media_url":"","wps_subtitle":"","jetpack_sharing_enabled":true,"_links":{"self":[{"href":"https:\/\/www.hoymercedes.com.ar\/principal\/wp-json\/wp\/v2\/posts\/508","targetHints":{"allow":["GET"]}}],"collection":[{"href":"https:\/\/www.hoymercedes.com.ar\/principal\/wp-json\/wp\/v2\/posts"}],"about":[{"href":"https:\/\/www.hoymercedes.com.ar\/principal\/wp-json\/wp\/v2\/types\/post"}],"author":[{"embeddable":true,"href":"https:\/\/www.hoymercedes.com.ar\/principal\/wp-json\/wp\/v2\/users\/1"}],"replies":[{"embeddable":true,"href":"https:\/\/www.hoymercedes.com.ar\/principal\/wp-json\/wp\/v2\/comments?post=508"}],"version-history":[{"count":0,"href":"https:\/\/www.hoymercedes.com.ar\/principal\/wp-json\/wp\/v2\/posts\/508\/revisions"}],"wp:attachment":[{"href":"https:\/\/www.hoymercedes.com.ar\/principal\/wp-json\/wp\/v2\/media?parent=508"}],"wp:term":[{"taxonomy":"category","embeddable":true,"href":"https:\/\/www.hoymercedes.com.ar\/principal\/wp-json\/wp\/v2\/categories?post=508"},{"taxonomy":"post_tag","embeddable":true,"href":"https:\/\/www.hoymercedes.com.ar\/principal\/wp-json\/wp\/v2\/tags?post=508"}],"curies":[{"name":"wp","href":"https:\/\/api.w.org\/{rel}","templated":true}]}}