{"id":50844,"date":"2016-06-03T17:06:49","date_gmt":"2016-06-03T20:06:49","guid":{"rendered":"http:\/\/www.hoymercedes.com.ar\/principal\/?p=50844"},"modified":"2016-06-03T15:33:42","modified_gmt":"2016-06-03T18:33:42","slug":"jornada-de-capacitacion-para-personal-de-residencia-geriatrica","status":"publish","type":"post","link":"https:\/\/www.hoymercedes.com.ar\/principal\/2016\/06\/03\/jornada-de-capacitacion-para-personal-de-residencia-geriatrica\/","title":{"rendered":"Jornada de Capacitaci\u00f3n para personal de residencia geri\u00e1trica"},"content":{"rendered":"<p><img loading=\"lazy\" decoding=\"async\" data-attachment-id=\"50845\" data-permalink=\"https:\/\/www.hoymercedes.com.ar\/principal\/2016\/06\/03\/jornada-de-capacitacion-para-personal-de-residencia-geriatrica\/03-charla-adultos\/#main\" data-orig-file=\"https:\/\/www.hoymercedes.com.ar\/principal\/wp-content\/uploads\/2016\/06\/03-charla-adultos.jpg\" data-orig-size=\"448,298\" data-comments-opened=\"1\" data-image-meta=\"{&quot;aperture&quot;:&quot;2.4&quot;,&quot;credit&quot;:&quot;&quot;,&quot;camera&quot;:&quot;Lumia 635&quot;,&quot;caption&quot;:&quot;&quot;,&quot;created_timestamp&quot;:&quot;1464881289&quot;,&quot;copyright&quot;:&quot;&quot;,&quot;focal_length&quot;:&quot;0&quot;,&quot;iso&quot;:&quot;800&quot;,&quot;shutter_speed&quot;:&quot;0.060006&quot;,&quot;title&quot;:&quot;&quot;,&quot;orientation&quot;:&quot;1&quot;}\" data-image-title=\"03 charla adultos\" data-image-description=\"\" data-image-caption=\"\" data-large-file=\"https:\/\/www.hoymercedes.com.ar\/principal\/wp-content\/uploads\/2016\/06\/03-charla-adultos.jpg\" class=\"aligncenter size-full wp-image-50845\" src=\"https:\/\/www.hoymercedes.com.ar\/principal\/wp-content\/uploads\/2016\/06\/03-charla-adultos.jpg\" alt=\"03 charla adultos\" width=\"448\" height=\"298\" srcset=\"https:\/\/www.hoymercedes.com.ar\/principal\/wp-content\/uploads\/2016\/06\/03-charla-adultos.jpg 448w, https:\/\/www.hoymercedes.com.ar\/principal\/wp-content\/uploads\/2016\/06\/03-charla-adultos-150x100.jpg 150w, https:\/\/www.hoymercedes.com.ar\/principal\/wp-content\/uploads\/2016\/06\/03-charla-adultos-300x200.jpg 300w\" sizes=\"auto, (max-width: 448px) 100vw, 448px\" \/>La Direcci\u00f3n de Adultos Mayores de la Municipalidad de Mercedes y\u00a0el Centro de Referencia del Ministerio de Desarrollo Social de Naci\u00f3n. llevaron adelante la primera jornada de capacitaci\u00f3n para personal que se desempe\u00f1e en residencia geri\u00e1trica.<\/p>\n<p>Con una excelente participaci\u00f3n mas de 60 inscriptos asistieron al primer encuentro de los cuatros propuestos para el mes de junio. Los mismos son de car\u00e1cter gratuito y se entregan certificados.<\/p>\n<p>Consideramos\u00a0 importante brindar capacitaci\u00f3n gratuita e interdisciplinaria a fin de dar valor al desempe\u00f1o profesional de todas las personas que les interesa y desarrollan sus funciones en hogares geri\u00e1tricos, empoderando al empleado la instituci\u00f3n y por lo tanto nuestro objetivo de trabajo el Adulto Mayor.<\/p>\n<p>Esta es la primera propuesta de parte de la oficina de adultos mayores y del C.D.R. \u00a0con una mirada biopsicosocial en materia de capacitaci\u00f3n esperando en el transcurso del a\u00f1o acercar a la comunidad diversas alternativas.<\/p>\n<p>Consultas a los tel\u00e9fonos:<\/p>\n<p>435137 &#8211; Centro de Referencia 2 n\u00b0 240<\/p>\n<p>435035 &#8211; Direcci\u00f3n de Adultos Mayores 25 n\u00b0 370<\/p>\n","protected":false},"excerpt":{"rendered":"<p>La Direcci\u00f3n de Adultos Mayores de la Municipalidad de Mercedes y\u00a0el Centro de Referencia del Ministerio de Desarrollo Social de &#8230; <a title=\"Jornada de Capacitaci\u00f3n para personal de residencia geri\u00e1trica\" class=\"read-more\" href=\"https:\/\/www.hoymercedes.com.ar\/principal\/2016\/06\/03\/jornada-de-capacitacion-para-personal-de-residencia-geriatrica\/\" aria-label=\"Leer m\u00e1s sobre Jornada de Capacitaci\u00f3n para personal de residencia geri\u00e1trica\">Leer m\u00e1s<\/a><\/p>\n","protected":false},"author":1,"featured_media":50845,"comment_status":"open","ping_status":"open","sticky":false,"template":"","format":"standard","meta":{"_monsterinsights_skip_tracking":false,"_monsterinsights_sitenote_active":false,"_monsterinsights_sitenote_note":"","_monsterinsights_sitenote_category":0,"jetpack_post_was_ever_published":false,"_jetpack_newsletter_access":"","_jetpack_dont_email_post_to_subs":false,"_jetpack_newsletter_tier_id":0,"_jetpack_memberships_contains_paywalled_content":false,"_jetpack_memberships_contains_paid_content":false,"footnotes":"","jetpack_publicize_message":"","jetpack_publicize_feature_enabled":true,"jetpack_social_post_already_shared":true,"jetpack_social_options":{"image_generator_settings":{"template":"highway","default_image_id":0,"font":"","enabled":false},"version":2},"_wpas_customize_per_network":false},"categories":[8],"tags":[8656,8753,8806],"class_list":["post-50844","post","type-post","status-publish","format-standard","has-post-thumbnail","hentry","category-sociedad","tag-capacitacion","tag-cdr","tag-direccion-de-adultos-mayores","generate-columns","tablet-grid-50","mobile-grid-100","grid-parent","grid-50"],"jetpack_publicize_connections":[],"jetpack_featured_media_url":"https:\/\/www.hoymercedes.com.ar\/principal\/wp-content\/uploads\/2016\/06\/03-charla-adultos.jpg","wps_subtitle":"La Direcci\u00f3n de adultos mayores y el CDR","jetpack_sharing_enabled":true,"_links":{"self":[{"href":"https:\/\/www.hoymercedes.com.ar\/principal\/wp-json\/wp\/v2\/posts\/50844","targetHints":{"allow":["GET"]}}],"collection":[{"href":"https:\/\/www.hoymercedes.com.ar\/principal\/wp-json\/wp\/v2\/posts"}],"about":[{"href":"https:\/\/www.hoymercedes.com.ar\/principal\/wp-json\/wp\/v2\/types\/post"}],"author":[{"embeddable":true,"href":"https:\/\/www.hoymercedes.com.ar\/principal\/wp-json\/wp\/v2\/users\/1"}],"replies":[{"embeddable":true,"href":"https:\/\/www.hoymercedes.com.ar\/principal\/wp-json\/wp\/v2\/comments?post=50844"}],"version-history":[{"count":0,"href":"https:\/\/www.hoymercedes.com.ar\/principal\/wp-json\/wp\/v2\/posts\/50844\/revisions"}],"wp:featuredmedia":[{"embeddable":true,"href":"https:\/\/www.hoymercedes.com.ar\/principal\/wp-json\/wp\/v2\/media\/50845"}],"wp:attachment":[{"href":"https:\/\/www.hoymercedes.com.ar\/principal\/wp-json\/wp\/v2\/media?parent=50844"}],"wp:term":[{"taxonomy":"category","embeddable":true,"href":"https:\/\/www.hoymercedes.com.ar\/principal\/wp-json\/wp\/v2\/categories?post=50844"},{"taxonomy":"post_tag","embeddable":true,"href":"https:\/\/www.hoymercedes.com.ar\/principal\/wp-json\/wp\/v2\/tags?post=50844"}],"curies":[{"name":"wp","href":"https:\/\/api.w.org\/{rel}","templated":true}]}}