{"id":5087,"date":"2011-06-18T23:52:14","date_gmt":"2011-06-18T23:52:14","guid":{"rendered":"http:\/\/www.hoymercedes.com.ar\/principal\/?p=5087"},"modified":"2011-06-18T23:52:14","modified_gmt":"2011-06-18T23:52:14","slug":"frente-al-local-partidario-en-la-29-carlos-selva-lanzara-su-pre-candidatura-a-intendente","status":"publish","type":"post","link":"https:\/\/www.hoymercedes.com.ar\/principal\/2011\/06\/18\/frente-al-local-partidario-en-la-29-carlos-selva-lanzara-su-pre-candidatura-a-intendente\/","title":{"rendered":"Frente al local partidario en la 29 Carlos Selva lanzar\u00e1 su pre candidatura a Intendente"},"content":{"rendered":"<p>N\u00e9stor Palacios, uno de los tres apoderados del grupo del Frente para la Victoria de nuestra ciudad sostuvo que durante el acto se dar\u00e1 a conocer oficialmente los nombres de quienes integrar\u00e1n la lista de Concejales y Consejeros Escolares que acompa\u00f1ar\u00e1n al Intendente Carlos Selva<\/p>\n<p>Uno de los tres apoderados partidarios que el Frente para la Victoria tiene en nuestra ciudad, N\u00e9stor Palacios, los dos restantes con el Dr. Horacio Deluca y Aldo Laur\u00eda, confirm\u00f3 que el acto de la proclamaci\u00f3n de la precandidatura a intendente del actual jefe comunal de la ciudad, Carlos Selva se llevar\u00e1 a cabo frente al local partidario de avenida 29 entre 20 y 22 el vienes 24 a partir de las 20.00.<\/p>\n<p>El vocero del actual intendente sostuvo \u201clos tiempos se van acortando y ya tenemos casi sobre nosotros el d\u00eda que vence el plazo para la presentaci\u00f3n de candidatos que ser\u00e1 el 25 de este mes en funci\u00f3n de la interna abierta y obligatoria que se llevar\u00e1 a cabo en el mes de agosto.<\/p>\n<p>Por tal motivo en viernes 24 de junio vamos a estar concretando frente a nuestro local partidario de Avenida 29 entre 20 y 22 el lanzamiento oficial donde el actual intendente Carlos Selva realizar\u00e1 la presentaci\u00f3n de quienes integrar\u00e1n la lista de concejales y consejeros escolares que lo acompa\u00f1ar\u00e1n en este tercer intento de ser intendente de Mercedes para lo cual estamos trabajando realmente de manera muy fuerte para con un acto multitudinario demostrar que seguimos vigentes con Carlos (Selva)en la popularidad de los vecinos de nuestra ciudad teniendo la certeza que tendremos un nuevo mandato de cuatro a\u00f1os a su cargo garantizando el futuro de los mercedinos que tendr\u00e1n la posibilidad el 14 de agosto  en las internas abiertas y obligatorias lograr un triunfo resonante que ser\u00e1 seguramente ratificado en las generales de octubre.<\/p>\n<p>Este a\u00f1o nos encontramos con una particularidad para la campa\u00f1a y en todo el proceso administrativo que se debe efectuar para poder participar en las elecciones, desde ya hay que decir que de dos apoderados que siempre se tuvo ahora deben ser tres y ya tenemos en nuestro poder m\u00e1s de dos mil avales que estaremos presentando ante la Junta Electoral de nuestro Partido y en tal sentido debo decir que se trata de avales que surgieron de manera espont\u00e1nea entre quienes concurren a nuestra sede partidaria como normalmente ocurre en proximidades de una elecci\u00f3n  donde la mayor\u00eda de los locales partidarios comienzan a tener una afluencia de vecinos muchos mayor, por eso nosotros no necesitamos traer ning\u00fan tren para dar servicios o pintar algunas viviendas  y as\u00ed conseguir avales, si ustedes ven en algunas calles del barrio donde se pint\u00f3, quedaron algunas casas sin que se hiciera dicho trabajo y esa es la consecuencia que trajo a sus moradores  no firmar avales. Nadie puede decir que nosotros apretamos a alguien para que firmaran los nuestros, por eso ahora estamos haciendo por computadora el listado completo de los mismos para que la Junta Electora pueda comprobar y si existen personas con doble aval\u201d.<\/p>\n<p>Nosotros este jueves estaremos viajando a la Junta Electoral partidaria para confirmar todos los detalles de la presentaci\u00f3n que hicimos, anticipando desde ya que la lista que encabeza Carlos Selva tiene como nombre Frente Para la Victoria.<\/p>\n<p>El intendente como es su costumbre terminar\u00e1 en las pr\u00f3ximas horas con la elecci\u00f3n de la totalidad de sus candidatos u efectuar la presentaci\u00f3n correspondiente tres o cuatro d\u00edas antes del s\u00e1bado 25 lo cual nos habilita la posibilidad de concretar nuestro acto de lanzamiento el viernes 24\u201d.<\/p>\n<p>&nbsp;<\/p>\n","protected":false},"excerpt":{"rendered":"<p>N\u00e9stor Palacios, uno de los tres apoderados del grupo del Frente para la Victoria de nuestra ciudad sostuvo que durante &#8230; <a title=\"Frente al local partidario en la 29 Carlos Selva lanzar\u00e1 su pre candidatura a Intendente\" class=\"read-more\" href=\"https:\/\/www.hoymercedes.com.ar\/principal\/2011\/06\/18\/frente-al-local-partidario-en-la-29-carlos-selva-lanzara-su-pre-candidatura-a-intendente\/\" aria-label=\"Leer m\u00e1s sobre Frente al local partidario en la 29 Carlos Selva lanzar\u00e1 su pre candidatura a Intendente\">Leer m\u00e1s<\/a><\/p>\n","protected":false},"author":1,"featured_media":0,"comment_status":"open","ping_status":"open","sticky":false,"template":"","format":"standard","meta":{"_monsterinsights_skip_tracking":false,"_monsterinsights_sitenote_active":false,"_monsterinsights_sitenote_note":"","_monsterinsights_sitenote_category":0,"jetpack_post_was_ever_published":false,"_jetpack_newsletter_access":"","_jetpack_dont_email_post_to_subs":false,"_jetpack_newsletter_tier_id":0,"_jetpack_memberships_contains_paywalled_content":false,"_jetpack_memberships_contains_paid_content":false,"footnotes":"","jetpack_publicize_message":"","jetpack_publicize_feature_enabled":true,"jetpack_social_post_already_shared":false,"jetpack_social_options":{"image_generator_settings":{"template":"highway","default_image_id":0,"font":"","enabled":false},"version":2},"_wpas_customize_per_network":false},"categories":[5],"tags":[931,930],"class_list":["post-5087","post","type-post","status-publish","format-standard","hentry","category-politica","tag-mercedes-noticicas-politicas","tag-selva-2011","generate-columns","tablet-grid-50","mobile-grid-100","grid-parent","grid-50"],"jetpack_publicize_connections":[],"jetpack_featured_media_url":"","wps_subtitle":"","jetpack_sharing_enabled":true,"_links":{"self":[{"href":"https:\/\/www.hoymercedes.com.ar\/principal\/wp-json\/wp\/v2\/posts\/5087","targetHints":{"allow":["GET"]}}],"collection":[{"href":"https:\/\/www.hoymercedes.com.ar\/principal\/wp-json\/wp\/v2\/posts"}],"about":[{"href":"https:\/\/www.hoymercedes.com.ar\/principal\/wp-json\/wp\/v2\/types\/post"}],"author":[{"embeddable":true,"href":"https:\/\/www.hoymercedes.com.ar\/principal\/wp-json\/wp\/v2\/users\/1"}],"replies":[{"embeddable":true,"href":"https:\/\/www.hoymercedes.com.ar\/principal\/wp-json\/wp\/v2\/comments?post=5087"}],"version-history":[{"count":0,"href":"https:\/\/www.hoymercedes.com.ar\/principal\/wp-json\/wp\/v2\/posts\/5087\/revisions"}],"wp:attachment":[{"href":"https:\/\/www.hoymercedes.com.ar\/principal\/wp-json\/wp\/v2\/media?parent=5087"}],"wp:term":[{"taxonomy":"category","embeddable":true,"href":"https:\/\/www.hoymercedes.com.ar\/principal\/wp-json\/wp\/v2\/categories?post=5087"},{"taxonomy":"post_tag","embeddable":true,"href":"https:\/\/www.hoymercedes.com.ar\/principal\/wp-json\/wp\/v2\/tags?post=5087"}],"curies":[{"name":"wp","href":"https:\/\/api.w.org\/{rel}","templated":true}]}}