{"id":50897,"date":"2016-06-04T15:59:37","date_gmt":"2016-06-04T18:59:37","guid":{"rendered":"http:\/\/www.hoymercedes.com.ar\/principal\/?p=50897"},"modified":"2016-06-04T11:06:46","modified_gmt":"2016-06-04T14:06:46","slug":"avanzan-en-los-proyectos-en-rse","status":"publish","type":"post","link":"https:\/\/www.hoymercedes.com.ar\/principal\/2016\/06\/04\/avanzan-en-los-proyectos-en-rse\/","title":{"rendered":"Avanzan en los proyectos en RSE"},"content":{"rendered":"<p>Durante la ma\u00f1ana del mi\u00e9rcoles en Ciudad de Buenos Aires se llev\u00f3 adelante una reuni\u00f3n en la CAME (Confederaci\u00f2n Argentina de la Mediana Empresa) en la que participaron el Coordinador\u00a0de la C\u00e1mara Econ\u00f3mica Mercedina: Ariel Pietrucha, la Directora de Discapacidad del Municipio Tatiana L\u00f3pez, la Concejala Celeste Burone y en representaci\u00f3n de la Secretaria de Responsabilidad Social Empresarial (RSE) de la CAME el Lic. Guzm\u00e1n Lasarte.<\/p>\n<p>Diligentemente se concret\u00f3 la reuni\u00f3n durante la cual Tatiana L\u00f3pez socializ\u00f3 el trabajo que viene desarrollando en su gesti\u00f3n con el aval de la Direcci\u00f3n de Salud Municipal a cargo del Dr. Canssiani. El Coordinador\u00a0de la C\u00e1mara Econ\u00f3mica mostr\u00f3, una vez m\u00e1s, su inter\u00e9s en abrir la puerta a la RSE en nuestra Ciudad y la Concejala Burone manifest\u00f3 su satisfacci\u00f3n al ver plasmados los primeros pasos en un tema necesario en la comunidad.<\/p>\n<p>Los concurrentes coincidieron en conceptos que ofrecen nuevos paradigmas de trabajo: ciudadanos activos, consumidores responsables, exigencias \u00e9ticas, sustentabilidad, normas de juego claras, incentivos virtuosos.<\/p>\n<p>En este sentido se reforz\u00f3 la idea del trabajo comunitario como fundamento de logros compartidos y el deseo de desarrollar, a futuro, programas dinamizadores del empleo dirigidos especialmente a los grupos m\u00e1s vulnerables.<\/p>\n<p>La discapacidad conforma uno de ellos. El principio de la Creaci\u00f3n del Valor Compartido que implique crear valor econ\u00f3mico de modo que tambi\u00e9n cree valor para la sociedad. Buscar la combinaci\u00f3n del \u00e9xito corporativo con progreso social es el desaf\u00edo que se propone el insipiente equipo de trabajo, a sabiendas de que gran parte del Comercio y la Empresa Local lo vienen desarrollando bajo distintas formas.<\/p>\n<p>Sobre el final de la reuni\u00f3n en la que cada integrante refiri\u00f3 sus experiencias que, a su vez, enriquecieron otras, se acord\u00f3 una capacitaci\u00f3n pr\u00f3xima en la Ciudad de Mercedes sobre RSE . El avance de la RSE en autoexigencia, calidad y compromiso es hoy, una demanda social cada vez m\u00e1s aguda en el mundo y en America Latina donde hay tanto por hacer.<\/p>\n<p>Mercedes est\u00e1 dando sus primeros pasos Institucionales en este sentido. Bernardo Klinsberg, reconocido economista y pensador argentino, ha instalado el tema en nuestro pa\u00eds que lleg\u00f3 para quedarse\u037e en sus diversas publicaciones sostiene que es posible ir hacia una Econom\u00eda con rostro humano: un capital social en acci\u00f3n. Hacia all\u00ed tambi\u00e9n vamos a trabajar en Mercedes sostuvieron Pietrucha, L\u00f3pez y Burone.<\/p>\n","protected":false},"excerpt":{"rendered":"<p>Durante la ma\u00f1ana del mi\u00e9rcoles en Ciudad de Buenos Aires se llev\u00f3 adelante una reuni\u00f3n en la CAME (Confederaci\u00f2n Argentina &#8230; <a title=\"Avanzan en los proyectos en RSE\" class=\"read-more\" href=\"https:\/\/www.hoymercedes.com.ar\/principal\/2016\/06\/04\/avanzan-en-los-proyectos-en-rse\/\" aria-label=\"Leer m\u00e1s sobre Avanzan en los proyectos en RSE\">Leer m\u00e1s<\/a><\/p>\n","protected":false},"author":1,"featured_media":50898,"comment_status":"open","ping_status":"open","sticky":false,"template":"","format":"standard","meta":{"_monsterinsights_skip_tracking":false,"_monsterinsights_sitenote_active":false,"_monsterinsights_sitenote_note":"","_monsterinsights_sitenote_category":0,"jetpack_post_was_ever_published":false,"_jetpack_newsletter_access":"","_jetpack_dont_email_post_to_subs":false,"_jetpack_newsletter_tier_id":0,"_jetpack_memberships_contains_paywalled_content":false,"_jetpack_memberships_contains_paid_content":false,"footnotes":"","jetpack_publicize_message":"","jetpack_publicize_feature_enabled":true,"jetpack_social_post_already_shared":true,"jetpack_social_options":{"image_generator_settings":{"template":"highway","default_image_id":0,"font":"","enabled":false},"version":2},"_wpas_customize_per_network":false},"categories":[30],"tags":[1496,682,15,244,9159],"class_list":["post-50897","post","type-post","status-publish","format-standard","has-post-thumbnail","hentry","category-municipio","tag-came","tag-cem","tag-hcd","tag-municipio-2","tag-rse","generate-columns","tablet-grid-50","mobile-grid-100","grid-parent","grid-50"],"jetpack_publicize_connections":[],"jetpack_featured_media_url":"https:\/\/www.hoymercedes.com.ar\/principal\/wp-content\/uploads\/2016\/06\/04-RSE.jpg","wps_subtitle":"Municipio, HCD, CEM y CAME","jetpack_sharing_enabled":true,"_links":{"self":[{"href":"https:\/\/www.hoymercedes.com.ar\/principal\/wp-json\/wp\/v2\/posts\/50897","targetHints":{"allow":["GET"]}}],"collection":[{"href":"https:\/\/www.hoymercedes.com.ar\/principal\/wp-json\/wp\/v2\/posts"}],"about":[{"href":"https:\/\/www.hoymercedes.com.ar\/principal\/wp-json\/wp\/v2\/types\/post"}],"author":[{"embeddable":true,"href":"https:\/\/www.hoymercedes.com.ar\/principal\/wp-json\/wp\/v2\/users\/1"}],"replies":[{"embeddable":true,"href":"https:\/\/www.hoymercedes.com.ar\/principal\/wp-json\/wp\/v2\/comments?post=50897"}],"version-history":[{"count":0,"href":"https:\/\/www.hoymercedes.com.ar\/principal\/wp-json\/wp\/v2\/posts\/50897\/revisions"}],"wp:featuredmedia":[{"embeddable":true,"href":"https:\/\/www.hoymercedes.com.ar\/principal\/wp-json\/wp\/v2\/media\/50898"}],"wp:attachment":[{"href":"https:\/\/www.hoymercedes.com.ar\/principal\/wp-json\/wp\/v2\/media?parent=50897"}],"wp:term":[{"taxonomy":"category","embeddable":true,"href":"https:\/\/www.hoymercedes.com.ar\/principal\/wp-json\/wp\/v2\/categories?post=50897"},{"taxonomy":"post_tag","embeddable":true,"href":"https:\/\/www.hoymercedes.com.ar\/principal\/wp-json\/wp\/v2\/tags?post=50897"}],"curies":[{"name":"wp","href":"https:\/\/api.w.org\/{rel}","templated":true}]}}