{"id":50900,"date":"2016-06-04T17:09:36","date_gmt":"2016-06-04T20:09:36","guid":{"rendered":"http:\/\/www.hoymercedes.com.ar\/principal\/?p=50900"},"modified":"2016-06-04T11:11:34","modified_gmt":"2016-06-04T14:11:34","slug":"ustarroz-participo-del-xiv-congreso-de-ciudades-educadoras","status":"publish","type":"post","link":"https:\/\/www.hoymercedes.com.ar\/principal\/2016\/06\/04\/ustarroz-participo-del-xiv-congreso-de-ciudades-educadoras\/","title":{"rendered":"Ustarroz particip\u00f3 del XIV Congreso de Ciudades Educadoras"},"content":{"rendered":"<p><strong><em><img loading=\"lazy\" decoding=\"async\" data-attachment-id=\"50901\" data-permalink=\"https:\/\/www.hoymercedes.com.ar\/principal\/2016\/06\/04\/ustarroz-participo-del-xiv-congreso-de-ciudades-educadoras\/04-ustarroz-rosario\/#main\" data-orig-file=\"https:\/\/www.hoymercedes.com.ar\/principal\/wp-content\/uploads\/2016\/06\/04-ustarroz-rosario.jpg\" data-orig-size=\"448,299\" data-comments-opened=\"1\" data-image-meta=\"{&quot;aperture&quot;:&quot;0&quot;,&quot;credit&quot;:&quot;&quot;,&quot;camera&quot;:&quot;&quot;,&quot;caption&quot;:&quot;&quot;,&quot;created_timestamp&quot;:&quot;0&quot;,&quot;copyright&quot;:&quot;&quot;,&quot;focal_length&quot;:&quot;0&quot;,&quot;iso&quot;:&quot;0&quot;,&quot;shutter_speed&quot;:&quot;0&quot;,&quot;title&quot;:&quot;&quot;,&quot;orientation&quot;:&quot;0&quot;}\" data-image-title=\"04 ustarroz rosario\" data-image-description=\"\" data-image-caption=\"\" data-large-file=\"https:\/\/www.hoymercedes.com.ar\/principal\/wp-content\/uploads\/2016\/06\/04-ustarroz-rosario.jpg\" class=\"aligncenter size-full wp-image-50901\" src=\"https:\/\/www.hoymercedes.com.ar\/principal\/wp-content\/uploads\/2016\/06\/04-ustarroz-rosario.jpg\" alt=\"04 ustarroz rosario\" width=\"448\" height=\"299\" srcset=\"https:\/\/www.hoymercedes.com.ar\/principal\/wp-content\/uploads\/2016\/06\/04-ustarroz-rosario.jpg 448w, https:\/\/www.hoymercedes.com.ar\/principal\/wp-content\/uploads\/2016\/06\/04-ustarroz-rosario-150x100.jpg 150w, https:\/\/www.hoymercedes.com.ar\/principal\/wp-content\/uploads\/2016\/06\/04-ustarroz-rosario-300x200.jpg 300w\" sizes=\"auto, (max-width: 448px) 100vw, 448px\" \/>El jefe comunal de Mercedes viaj\u00f3 el d\u00eda viernes a participar del Congreso de Ciudades Educadoras que se llev\u00f3 a cabo en la ciudad de Rosario. Entre otros intendentes estaba presente el de San Antonio de Areco Francisco \u00abPaco\u00bb Dura\u00f1ona y por supuesto la anfitriona intendenta de Rosario Monica Fein.<\/em><\/strong><\/p>\n<p>Con una gran cantidad de asistentes, la apertura estuvo a cargo de\u00a0Fernando Carri\u00f3n, quien hizo hincapi\u00e9 en el t\u00f3pico violencia, la ciudad y su relaci\u00f3n, causas y consecuencias y pol\u00edticas para llevar a cabo.<\/p>\n<p>El especialista remarc\u00f3 que la mayor\u00eda de las ciudades poseen dos problematicas claras: \u201ctransporte y seguridad ciudadana, que junto con la violencia, son temas recurrentes en las demandas p\u00fablicas por parte de la poblaci\u00f3n\u00bb.<\/p>\n<p>Contextualizando la situaci\u00f3n, aclar\u00f3 que \u201chay una condici\u00f3n hegem\u00f3nica de la condici\u00f3n de la violencia en America Latina que es la causalidad&#8230; Yo lo que quiero ver es qu\u00e9 es lo que produce la violencia urbana en la ciudad. Creo que los fen\u00f3menos que producen la violencia en la ciudad son francamente preocupantes\u00bb.<\/p>\n<p>Posteriormente, recalc\u00f3 que \u201cestamos viviendo una crisis de paradigma porque lo que ocurre es que ha cambiado permanentemente el objeto de estudio de estas teor\u00edas\u201d. Por lo tanto, \u201csi no vemos los cambios hist\u00f3ricos, es muy dif\u00edcil que estemos aplicando las pol\u00edticas correctas\u201d, indic\u00f3.<\/p>\n<p>Haciendo referencia a la situaci\u00f3n actual de muchas ciudades latinomericanas, expres\u00f3 que \u201choy tenemos una red social del crimen, organizaciones globales con acciones locales, lo que est\u00e1 ocurriendo no depende de la ciudad en s\u00ed misma sino de la ubicaci\u00f3n estrat\u00e9gica en esta red global del crimen\u00bb. Y a\u00f1adi\u00f3: \u201cHoy en d\u00eda la prevenci\u00f3n tiene que estar ligada a la pol\u00edtica econ\u00f3mica y hay que pensar en un derecho penal internacional\u201d.<\/p>\n<p>A modo de conclusi\u00f3n, expres\u00f3 que \u201cpara tener pol\u00edticas en la ciudad, hay que entender el tiempo y el espacio de la violencia, y defender a las ciudades de la violencia y no al rev\u00e9s. La prevenci\u00f3n es una ardua tarea que tienen los municipios\u00bb.<\/p>\n<p>Respecto a la planificaci\u00f3n urbana, recalc\u00f3 que \u00e9sta \u201ctiene que ser redefinida, tiene que ser reguladora del mercado, ser reguladora en general y tener la capacidad de generar equidad en la plusval\u00eda de los terrenos, estar m\u00e1s pr\u00f3ximos a la gesti\u00f3n p\u00fablica e incorporar la seguridad a los espacios p\u00fablicos\u201d.<\/p>\n<p>Fuente: Prensa Municipal<\/p>\n","protected":false},"excerpt":{"rendered":"<p>El jefe comunal de Mercedes viaj\u00f3 el d\u00eda viernes a participar del Congreso de Ciudades Educadoras que se llev\u00f3 a &#8230; <a title=\"Ustarroz particip\u00f3 del XIV Congreso de Ciudades Educadoras\" class=\"read-more\" href=\"https:\/\/www.hoymercedes.com.ar\/principal\/2016\/06\/04\/ustarroz-participo-del-xiv-congreso-de-ciudades-educadoras\/\" aria-label=\"Leer m\u00e1s sobre Ustarroz particip\u00f3 del XIV Congreso de Ciudades Educadoras\">Leer m\u00e1s<\/a><\/p>\n","protected":false},"author":1,"featured_media":50901,"comment_status":"open","ping_status":"open","sticky":false,"template":"","format":"standard","meta":{"_monsterinsights_skip_tracking":false,"_monsterinsights_sitenote_active":false,"_monsterinsights_sitenote_note":"","_monsterinsights_sitenote_category":0,"jetpack_post_was_ever_published":false,"_jetpack_newsletter_access":"","_jetpack_dont_email_post_to_subs":false,"_jetpack_newsletter_tier_id":0,"_jetpack_memberships_contains_paywalled_content":false,"_jetpack_memberships_contains_paid_content":false,"footnotes":"","jetpack_publicize_message":"","jetpack_publicize_feature_enabled":true,"jetpack_social_post_already_shared":true,"jetpack_social_options":{"image_generator_settings":{"template":"highway","default_image_id":0,"font":"","enabled":false},"version":2},"_wpas_customize_per_network":false},"categories":[30],"tags":[9417,244,9418,424],"class_list":["post-50900","post","type-post","status-publish","format-standard","has-post-thumbnail","hentry","category-municipio","tag-ciudades-educadoras","tag-municipio-2","tag-rosario-santa-fe","tag-ustarroz","generate-columns","tablet-grid-50","mobile-grid-100","grid-parent","grid-50"],"jetpack_publicize_connections":[],"jetpack_featured_media_url":"https:\/\/www.hoymercedes.com.ar\/principal\/wp-content\/uploads\/2016\/06\/04-ustarroz-rosario.jpg","wps_subtitle":"Encuentro en Rosario","jetpack_sharing_enabled":true,"_links":{"self":[{"href":"https:\/\/www.hoymercedes.com.ar\/principal\/wp-json\/wp\/v2\/posts\/50900","targetHints":{"allow":["GET"]}}],"collection":[{"href":"https:\/\/www.hoymercedes.com.ar\/principal\/wp-json\/wp\/v2\/posts"}],"about":[{"href":"https:\/\/www.hoymercedes.com.ar\/principal\/wp-json\/wp\/v2\/types\/post"}],"author":[{"embeddable":true,"href":"https:\/\/www.hoymercedes.com.ar\/principal\/wp-json\/wp\/v2\/users\/1"}],"replies":[{"embeddable":true,"href":"https:\/\/www.hoymercedes.com.ar\/principal\/wp-json\/wp\/v2\/comments?post=50900"}],"version-history":[{"count":0,"href":"https:\/\/www.hoymercedes.com.ar\/principal\/wp-json\/wp\/v2\/posts\/50900\/revisions"}],"wp:featuredmedia":[{"embeddable":true,"href":"https:\/\/www.hoymercedes.com.ar\/principal\/wp-json\/wp\/v2\/media\/50901"}],"wp:attachment":[{"href":"https:\/\/www.hoymercedes.com.ar\/principal\/wp-json\/wp\/v2\/media?parent=50900"}],"wp:term":[{"taxonomy":"category","embeddable":true,"href":"https:\/\/www.hoymercedes.com.ar\/principal\/wp-json\/wp\/v2\/categories?post=50900"},{"taxonomy":"post_tag","embeddable":true,"href":"https:\/\/www.hoymercedes.com.ar\/principal\/wp-json\/wp\/v2\/tags?post=50900"}],"curies":[{"name":"wp","href":"https:\/\/api.w.org\/{rel}","templated":true}]}}