{"id":5101,"date":"2011-06-20T17:37:25","date_gmt":"2011-06-20T17:37:25","guid":{"rendered":"http:\/\/www.hoymercedes.com.ar\/principal\/?p=5101"},"modified":"2011-06-20T17:37:25","modified_gmt":"2011-06-20T17:37:25","slug":"9-anos-de-red-solidaria-mercedes","status":"publish","type":"post","link":"https:\/\/www.hoymercedes.com.ar\/principal\/2011\/06\/20\/9-anos-de-red-solidaria-mercedes\/","title":{"rendered":"9 a\u00f1os de Red Solidaria Mercedes"},"content":{"rendered":"<p>Estamos cumpliendo 9 nueve a\u00f1os de vida, 9 a\u00f1os de agradecimiento a la Comunidad y a sus Instituciones, por eso los invitamos a reflexionar sobre la solidaridad, qu\u00e9 es ser solidario? Algunos responder\u00e1n que es un acto de amor, que es un valor, que es ser emp\u00e1tico, que es intentar un cambio\u2026.Es todo esto y mucho m\u00e1s, ser solidario implica trascender, traspasar los l\u00edmites de las acciones pol\u00edticas, partidarias, religiosas, de g\u00e9nero, de la cultura\u2026<\/p>\n<p>La verdadera solidaridad consiste en  transformar la realidad, hacer sentir al otro parte de uno, la solidaridad es un acto simple y voluntario: apoyar a quienes trabajan por causas justas hasta aquellas que sentimos que ya est\u00e1n perdidas, es dar afecto y comprensi\u00f3n al necesitado, es dar lo que me duele, es dar como si fuera para mis hijos o para mi padres, es pensar que el otro soy yo.<\/p>\n<p>Cuando aprendamos a diferenciar entre qu\u00e9 es la caridad y qu\u00e9 es la solidaridad, habremos haber dado el primer paso pensando en nuestros pares m\u00e1s necesitados, la caridad es una actitud de piedad generalmente centrada en la limosna y muchas veces en s\u00f3lo asistir al otro- y ah\u00ed nos olvidamos, cumplimos: regalamos una moneda y\/o donamos ropa que no cumple con el objetivo- la solidaridad se consolida en la reivindicaci\u00f3n de los derechos fundamentales y necesarios en todo ser humano, en la justicia y en la dignidad.<\/p>\n<p>Pensemos que todos necesitamos de todos, o de alguien que quiz\u00e1s no conocemos, en alg\u00fan momento, y todo no pasa por el dinero, se necesitan donantes de sangre y donantes de \u00f3rganos \u00bfcu\u00e1l es el precio? Si no hay personas que decidan voluntariamente estas acciones el objetivo no se cumple. Necesitamos muchas personas que acompa\u00f1en a la prevenci\u00f3n y educaci\u00f3n en seguridad vial, por no hacerlo debidamente, a conciencia, se va la vida! M\u00e1s, la vida de j\u00f3venes entre 15 y 29 a\u00f1os\u2026y esto tambi\u00e9n tiene que ver con ser solidarios, tiene que ver con las consecuencias, una vez ocurridos hechos no alcanza la familia, el hospital p\u00fablico, las instituciones, los clubes de servicio\u2026a las familias les cambia la vida\u2026haya v\u00edctimas fatales \u00f3 discapacidades f\u00edsicas que pueden llegar a ser permanentes.<\/p>\n<p>La solidaridad es servicio, es intentar resolver problemas materiales, espirituales, de salud de los dem\u00e1s, es ponerse en el lugar del otro, es en definitiva dejar de lado el ego\u00edsmo, el individualismo, el pensar que s\u00f3lo puedo.<\/p>\n<p>En estos 9 a\u00f1os recorridos debemos dar GRACIAS a toda una Comunidad, en especial a los voluntarios de hierro, esos\/as que siempre estuvieron y est\u00e1n, deseando a partir de hoy sumar voluntades.<\/p>\n<p>Red Solidaria es de puertas abiertas, no hay cargos, no hay sede, no recaudamos dinero\u2026estamos para ayudar, para ser un nexo entre quien necesita y quien puede dar, intentamos sumar en la resta y multiplicar en la divisi\u00f3n.<\/p>\n<p>Hemos aprendido a volar como los p\u00e1jaros, a nadar como los peces, pero no hemos aprendido el arte de vivir juntos, como hermanos. MARTIN LUTHER KING<\/p>\n<p>Nancy Okos<\/p>\n<p>Coordinadora Voluntaria<\/p>\n<p>RED SOLIDARIA MERCEDES (B)<\/p>\n<p>2002- 22\/06 &#8211; 2011<\/p>\n<p>&nbsp;<\/p>\n","protected":false},"excerpt":{"rendered":"<p>Estamos cumpliendo 9 nueve a\u00f1os de vida, 9 a\u00f1os de agradecimiento a la Comunidad y a sus Instituciones, por eso &#8230; <a title=\"9 a\u00f1os de Red Solidaria Mercedes\" class=\"read-more\" href=\"https:\/\/www.hoymercedes.com.ar\/principal\/2011\/06\/20\/9-anos-de-red-solidaria-mercedes\/\" aria-label=\"Leer m\u00e1s sobre 9 a\u00f1os de Red Solidaria Mercedes\">Leer m\u00e1s<\/a><\/p>\n","protected":false},"author":1,"featured_media":0,"comment_status":"open","ping_status":"open","sticky":false,"template":"","format":"standard","meta":{"_monsterinsights_skip_tracking":false,"_monsterinsights_sitenote_active":false,"_monsterinsights_sitenote_note":"","_monsterinsights_sitenote_category":0,"jetpack_post_was_ever_published":false,"_jetpack_newsletter_access":"","_jetpack_dont_email_post_to_subs":false,"_jetpack_newsletter_tier_id":0,"_jetpack_memberships_contains_paywalled_content":false,"_jetpack_memberships_contains_paid_content":false,"footnotes":"","jetpack_publicize_message":"","jetpack_publicize_feature_enabled":true,"jetpack_social_post_already_shared":false,"jetpack_social_options":{"image_generator_settings":{"template":"highway","default_image_id":0,"font":"","enabled":false},"version":2},"_wpas_customize_per_network":false},"categories":[8],"tags":[934],"class_list":["post-5101","post","type-post","status-publish","format-standard","hentry","category-sociedad","tag-red-solidaria-mercedes","generate-columns","tablet-grid-50","mobile-grid-100","grid-parent","grid-50"],"jetpack_publicize_connections":[],"jetpack_featured_media_url":"","wps_subtitle":"","jetpack_sharing_enabled":true,"_links":{"self":[{"href":"https:\/\/www.hoymercedes.com.ar\/principal\/wp-json\/wp\/v2\/posts\/5101","targetHints":{"allow":["GET"]}}],"collection":[{"href":"https:\/\/www.hoymercedes.com.ar\/principal\/wp-json\/wp\/v2\/posts"}],"about":[{"href":"https:\/\/www.hoymercedes.com.ar\/principal\/wp-json\/wp\/v2\/types\/post"}],"author":[{"embeddable":true,"href":"https:\/\/www.hoymercedes.com.ar\/principal\/wp-json\/wp\/v2\/users\/1"}],"replies":[{"embeddable":true,"href":"https:\/\/www.hoymercedes.com.ar\/principal\/wp-json\/wp\/v2\/comments?post=5101"}],"version-history":[{"count":0,"href":"https:\/\/www.hoymercedes.com.ar\/principal\/wp-json\/wp\/v2\/posts\/5101\/revisions"}],"wp:attachment":[{"href":"https:\/\/www.hoymercedes.com.ar\/principal\/wp-json\/wp\/v2\/media?parent=5101"}],"wp:term":[{"taxonomy":"category","embeddable":true,"href":"https:\/\/www.hoymercedes.com.ar\/principal\/wp-json\/wp\/v2\/categories?post=5101"},{"taxonomy":"post_tag","embeddable":true,"href":"https:\/\/www.hoymercedes.com.ar\/principal\/wp-json\/wp\/v2\/tags?post=5101"}],"curies":[{"name":"wp","href":"https:\/\/api.w.org\/{rel}","templated":true}]}}