{"id":51014,"date":"2016-06-07T16:45:57","date_gmt":"2016-06-07T19:45:57","guid":{"rendered":"http:\/\/www.hoymercedes.com.ar\/principal\/?p=51014"},"modified":"2016-06-14T12:40:40","modified_gmt":"2016-06-14T15:40:40","slug":"betty-campi-inauguro-muestra-mercedes-mi-ciudad","status":"publish","type":"post","link":"https:\/\/www.hoymercedes.com.ar\/principal\/2016\/06\/07\/betty-campi-inauguro-muestra-mercedes-mi-ciudad\/","title":{"rendered":"Betty Campi inaugur\u00f3 muestra \u00abMercedes, mi ciudad\u00bb."},"content":{"rendered":"<p>\u00abUn recorrido visual\u00a0por\u00a0la geograf\u00eda, edificios, puentes y dem\u00e1s iconos de la historia de la ciudad plasmada con destreza y profunda dedicaci\u00f3n por la artista mercedina\u00bb. As\u00ed puede resumirse la decena de cuadros que Betty Campi de Mouhsen re\u00fane en la muestra de dibujos y pinturas que inaugur\u00f3 el s\u00e1bado \u00a0pasado en el Museo de Arte \u00abMunicipalidad de Mercedes\u00bb (MAMM).<\/p>\n<div class=\"tiled-gallery type-square tiled-gallery-unresized\" data-original-width=\"1200\" data-carousel-extra='{&quot;blog_id&quot;:1,&quot;permalink&quot;:&quot;https:\\\/\\\/www.hoymercedes.com.ar\\\/principal\\\/2016\\\/06\\\/07\\\/betty-campi-inauguro-muestra-mercedes-mi-ciudad\\\/&quot;,&quot;likes_blog_id&quot;:50631561}' itemscope itemtype=\"http:\/\/schema.org\/ImageGallery\" > <div class=\"gallery-row\" style=\"width: 1200px; height: 1200px;\" data-original-width=\"1200\" data-original-height=\"1200\" > <div class=\"gallery-group\" style=\"width: 1200px; height: 1200px;\" data-original-width=\"1200\" data-original-height=\"1200\" > <div class=\"tiled-gallery-item \" itemprop=\"associatedMedia\" itemscope itemtype=\"http:\/\/schema.org\/ImageObject\"> <a href=\"https:\/\/i0.wp.com\/www.hoymercedes.com.ar\/principal\/wp-content\/uploads\/2016\/06\/07-betty-3.jpg?ssl=1\" border=\"0\" itemprop=\"url\"> <meta itemprop=\"width\" content=\"1196\"> <meta itemprop=\"height\" content=\"1196\"> <img decoding=\"async\" class=\"\" data-attachment-id=\"51018\" data-orig-file=\"https:\/\/www.hoymercedes.com.ar\/principal\/wp-content\/uploads\/2016\/06\/07-betty-3.jpg\" data-orig-size=\"448,299\" data-comments-opened=\"1\" data-image-meta=\"{&quot;aperture&quot;:&quot;3.8&quot;,&quot;credit&quot;:&quot;&quot;,&quot;camera&quot;:&quot;NIKON D3100&quot;,&quot;caption&quot;:&quot;????????????????????????????????????&quot;,&quot;created_timestamp&quot;:&quot;1465071887&quot;,&quot;copyright&quot;:&quot;&quot;,&quot;focal_length&quot;:&quot;23&quot;,&quot;iso&quot;:&quot;1250&quot;,&quot;shutter_speed&quot;:&quot;0.016666666666667&quot;,&quot;title&quot;:&quot;&quot;,&quot;orientation&quot;:&quot;1&quot;}\" data-image-title=\"07 betty 3\" data-image-description=\"\" data-medium-file=\"https:\/\/www.hoymercedes.com.ar\/principal\/wp-content\/uploads\/2016\/06\/07-betty-3.jpg\" data-large-file=\"https:\/\/www.hoymercedes.com.ar\/principal\/wp-content\/uploads\/2016\/06\/07-betty-3.jpg\" src=\"https:\/\/i0.wp.com\/www.hoymercedes.com.ar\/principal\/wp-content\/uploads\/2016\/06\/07-betty-3.jpg?w=1196&#038;h=1196&#038;crop=1&#038;ssl=1\" width=\"1196\" height=\"1196\" loading=\"lazy\" data-original-width=\"1196\" data-original-height=\"1196\" itemprop=\"http:\/\/schema.org\/image\" title=\"07 betty 3\" alt=\"07 betty 3\" style=\"width: 1196px; height: 1196px;\" \/> <\/a> <\/div> <\/div> <\/div> <div class=\"gallery-row\" style=\"width: 1200px; height: 400px;\" data-original-width=\"1200\" data-original-height=\"400\" > <div class=\"gallery-group\" style=\"width: 400px; height: 400px;\" data-original-width=\"400\" data-original-height=\"400\" > <div class=\"tiled-gallery-item \" itemprop=\"associatedMedia\" itemscope itemtype=\"http:\/\/schema.org\/ImageObject\"> <a href=\"https:\/\/i0.wp.com\/www.hoymercedes.com.ar\/principal\/wp-content\/uploads\/2016\/06\/07-betty-1.jpg?ssl=1\" border=\"0\" itemprop=\"url\"> <meta itemprop=\"width\" content=\"396\"> <meta itemprop=\"height\" content=\"396\"> <img decoding=\"async\" class=\"\" data-attachment-id=\"51016\" data-orig-file=\"https:\/\/www.hoymercedes.com.ar\/principal\/wp-content\/uploads\/2016\/06\/07-betty-1.jpg\" data-orig-size=\"448,299\" data-comments-opened=\"1\" data-image-meta=\"{&quot;aperture&quot;:&quot;4&quot;,&quot;credit&quot;:&quot;&quot;,&quot;camera&quot;:&quot;NIKON D3100&quot;,&quot;caption&quot;:&quot;????????????????????????????????????&quot;,&quot;created_timestamp&quot;:&quot;1465072156&quot;,&quot;copyright&quot;:&quot;&quot;,&quot;focal_length&quot;:&quot;28&quot;,&quot;iso&quot;:&quot;1250&quot;,&quot;shutter_speed&quot;:&quot;0.016666666666667&quot;,&quot;title&quot;:&quot;&quot;,&quot;orientation&quot;:&quot;1&quot;}\" data-image-title=\"07 betty 1\" data-image-description=\"\" data-medium-file=\"https:\/\/www.hoymercedes.com.ar\/principal\/wp-content\/uploads\/2016\/06\/07-betty-1.jpg\" data-large-file=\"https:\/\/www.hoymercedes.com.ar\/principal\/wp-content\/uploads\/2016\/06\/07-betty-1.jpg\" src=\"https:\/\/i0.wp.com\/www.hoymercedes.com.ar\/principal\/wp-content\/uploads\/2016\/06\/07-betty-1.jpg?w=396&#038;h=396&#038;crop=1&#038;ssl=1\" width=\"396\" height=\"396\" loading=\"lazy\" data-original-width=\"396\" data-original-height=\"396\" itemprop=\"http:\/\/schema.org\/image\" title=\"07 betty 1\" alt=\"07 betty 1\" style=\"width: 396px; height: 396px;\" \/> <\/a> <\/div> <\/div> <div class=\"gallery-group\" style=\"width: 400px; height: 400px;\" data-original-width=\"400\" data-original-height=\"400\" > <div class=\"tiled-gallery-item \" itemprop=\"associatedMedia\" itemscope itemtype=\"http:\/\/schema.org\/ImageObject\"> <a href=\"https:\/\/i0.wp.com\/www.hoymercedes.com.ar\/principal\/wp-content\/uploads\/2016\/06\/07-betty-8.jpg?ssl=1\" border=\"0\" itemprop=\"url\"> <meta itemprop=\"width\" content=\"396\"> <meta itemprop=\"height\" content=\"396\"> <img decoding=\"async\" class=\"\" data-attachment-id=\"51023\" data-orig-file=\"https:\/\/www.hoymercedes.com.ar\/principal\/wp-content\/uploads\/2016\/06\/07-betty-8.jpg\" data-orig-size=\"448,299\" data-comments-opened=\"1\" data-image-meta=\"{&quot;aperture&quot;:&quot;4&quot;,&quot;credit&quot;:&quot;&quot;,&quot;camera&quot;:&quot;NIKON D3100&quot;,&quot;caption&quot;:&quot;????????????????????????????????????&quot;,&quot;created_timestamp&quot;:&quot;1465070620&quot;,&quot;copyright&quot;:&quot;&quot;,&quot;focal_length&quot;:&quot;18&quot;,&quot;iso&quot;:&quot;400&quot;,&quot;shutter_speed&quot;:&quot;0.016666666666667&quot;,&quot;title&quot;:&quot;&quot;,&quot;orientation&quot;:&quot;1&quot;}\" data-image-title=\"07 betty 8\" data-image-description=\"\" data-medium-file=\"https:\/\/www.hoymercedes.com.ar\/principal\/wp-content\/uploads\/2016\/06\/07-betty-8.jpg\" data-large-file=\"https:\/\/www.hoymercedes.com.ar\/principal\/wp-content\/uploads\/2016\/06\/07-betty-8.jpg\" src=\"https:\/\/i0.wp.com\/www.hoymercedes.com.ar\/principal\/wp-content\/uploads\/2016\/06\/07-betty-8.jpg?w=396&#038;h=396&#038;crop=1&#038;ssl=1\" width=\"396\" height=\"396\" loading=\"lazy\" data-original-width=\"396\" data-original-height=\"396\" itemprop=\"http:\/\/schema.org\/image\" title=\"07 betty 8\" alt=\"07 betty 8\" style=\"width: 396px; height: 396px;\" \/> <\/a> <\/div> <\/div> <div class=\"gallery-group\" style=\"width: 400px; height: 400px;\" data-original-width=\"400\" data-original-height=\"400\" > <div class=\"tiled-gallery-item \" itemprop=\"associatedMedia\" itemscope itemtype=\"http:\/\/schema.org\/ImageObject\"> <a href=\"https:\/\/i0.wp.com\/www.hoymercedes.com.ar\/principal\/wp-content\/uploads\/2016\/06\/07-betty-2.jpg?ssl=1\" border=\"0\" itemprop=\"url\"> <meta itemprop=\"width\" content=\"396\"> <meta itemprop=\"height\" content=\"396\"> <img decoding=\"async\" class=\"\" data-attachment-id=\"51017\" data-orig-file=\"https:\/\/www.hoymercedes.com.ar\/principal\/wp-content\/uploads\/2016\/06\/07-betty-2.jpg\" data-orig-size=\"448,299\" data-comments-opened=\"1\" data-image-meta=\"{&quot;aperture&quot;:&quot;4.2&quot;,&quot;credit&quot;:&quot;&quot;,&quot;camera&quot;:&quot;NIKON D3100&quot;,&quot;caption&quot;:&quot;????????????????????????????????????&quot;,&quot;created_timestamp&quot;:&quot;1465072111&quot;,&quot;copyright&quot;:&quot;&quot;,&quot;focal_length&quot;:&quot;30&quot;,&quot;iso&quot;:&quot;1000&quot;,&quot;shutter_speed&quot;:&quot;0.016666666666667&quot;,&quot;title&quot;:&quot;&quot;,&quot;orientation&quot;:&quot;1&quot;}\" data-image-title=\"07 betty 2\" data-image-description=\"\" data-medium-file=\"https:\/\/www.hoymercedes.com.ar\/principal\/wp-content\/uploads\/2016\/06\/07-betty-2.jpg\" data-large-file=\"https:\/\/www.hoymercedes.com.ar\/principal\/wp-content\/uploads\/2016\/06\/07-betty-2.jpg\" src=\"https:\/\/i0.wp.com\/www.hoymercedes.com.ar\/principal\/wp-content\/uploads\/2016\/06\/07-betty-2.jpg?w=396&#038;h=396&#038;crop=1&#038;ssl=1\" width=\"396\" height=\"396\" loading=\"lazy\" data-original-width=\"396\" data-original-height=\"396\" itemprop=\"http:\/\/schema.org\/image\" title=\"07 betty 2\" alt=\"07 betty 2\" style=\"width: 396px; height: 396px;\" \/> <\/a> <\/div> <\/div> <\/div> <div class=\"gallery-row\" style=\"width: 1200px; height: 400px;\" data-original-width=\"1200\" data-original-height=\"400\" > <div class=\"gallery-group\" style=\"width: 400px; height: 400px;\" data-original-width=\"400\" data-original-height=\"400\" > <div class=\"tiled-gallery-item \" itemprop=\"associatedMedia\" itemscope itemtype=\"http:\/\/schema.org\/ImageObject\"> <a href=\"https:\/\/i0.wp.com\/www.hoymercedes.com.ar\/principal\/wp-content\/uploads\/2016\/06\/07-betty-7.jpg?ssl=1\" border=\"0\" itemprop=\"url\"> <meta itemprop=\"width\" content=\"396\"> <meta itemprop=\"height\" content=\"396\"> <img decoding=\"async\" class=\"\" data-attachment-id=\"51022\" data-orig-file=\"https:\/\/www.hoymercedes.com.ar\/principal\/wp-content\/uploads\/2016\/06\/07-betty-7.jpg\" data-orig-size=\"448,299\" data-comments-opened=\"1\" data-image-meta=\"{&quot;aperture&quot;:&quot;4&quot;,&quot;credit&quot;:&quot;&quot;,&quot;camera&quot;:&quot;NIKON D3100&quot;,&quot;caption&quot;:&quot;????????????????????????????????????&quot;,&quot;created_timestamp&quot;:&quot;1465070635&quot;,&quot;copyright&quot;:&quot;&quot;,&quot;focal_length&quot;:&quot;20&quot;,&quot;iso&quot;:&quot;400&quot;,&quot;shutter_speed&quot;:&quot;0.016666666666667&quot;,&quot;title&quot;:&quot;&quot;,&quot;orientation&quot;:&quot;1&quot;}\" data-image-title=\"07 betty 7\" data-image-description=\"\" data-medium-file=\"https:\/\/www.hoymercedes.com.ar\/principal\/wp-content\/uploads\/2016\/06\/07-betty-7.jpg\" data-large-file=\"https:\/\/www.hoymercedes.com.ar\/principal\/wp-content\/uploads\/2016\/06\/07-betty-7.jpg\" src=\"https:\/\/i0.wp.com\/www.hoymercedes.com.ar\/principal\/wp-content\/uploads\/2016\/06\/07-betty-7.jpg?w=396&#038;h=396&#038;crop=1&#038;ssl=1\" width=\"396\" height=\"396\" loading=\"lazy\" data-original-width=\"396\" data-original-height=\"396\" itemprop=\"http:\/\/schema.org\/image\" title=\"07 betty 7\" alt=\"07 betty 7\" style=\"width: 396px; height: 396px;\" \/> <\/a> <\/div> <\/div> <div class=\"gallery-group\" style=\"width: 400px; height: 400px;\" data-original-width=\"400\" data-original-height=\"400\" > <div class=\"tiled-gallery-item \" itemprop=\"associatedMedia\" itemscope itemtype=\"http:\/\/schema.org\/ImageObject\"> <a href=\"https:\/\/i0.wp.com\/www.hoymercedes.com.ar\/principal\/wp-content\/uploads\/2016\/06\/07-betty-4.jpg?ssl=1\" border=\"0\" itemprop=\"url\"> <meta itemprop=\"width\" content=\"396\"> <meta itemprop=\"height\" content=\"396\"> <img decoding=\"async\" class=\"\" data-attachment-id=\"51019\" data-orig-file=\"https:\/\/www.hoymercedes.com.ar\/principal\/wp-content\/uploads\/2016\/06\/07-betty-4.jpg\" data-orig-size=\"448,299\" data-comments-opened=\"1\" data-image-meta=\"{&quot;aperture&quot;:&quot;3.5&quot;,&quot;credit&quot;:&quot;&quot;,&quot;camera&quot;:&quot;NIKON D3100&quot;,&quot;caption&quot;:&quot;????????????????????????????????????&quot;,&quot;created_timestamp&quot;:&quot;1465071636&quot;,&quot;copyright&quot;:&quot;&quot;,&quot;focal_length&quot;:&quot;18&quot;,&quot;iso&quot;:&quot;900&quot;,&quot;shutter_speed&quot;:&quot;0.016666666666667&quot;,&quot;title&quot;:&quot;&quot;,&quot;orientation&quot;:&quot;1&quot;}\" data-image-title=\"07 betty 4\" data-image-description=\"\" data-medium-file=\"https:\/\/www.hoymercedes.com.ar\/principal\/wp-content\/uploads\/2016\/06\/07-betty-4.jpg\" data-large-file=\"https:\/\/www.hoymercedes.com.ar\/principal\/wp-content\/uploads\/2016\/06\/07-betty-4.jpg\" src=\"https:\/\/i0.wp.com\/www.hoymercedes.com.ar\/principal\/wp-content\/uploads\/2016\/06\/07-betty-4.jpg?w=396&#038;h=396&#038;crop=1&#038;ssl=1\" width=\"396\" height=\"396\" loading=\"lazy\" data-original-width=\"396\" data-original-height=\"396\" itemprop=\"http:\/\/schema.org\/image\" title=\"07 betty 4\" alt=\"07 betty 4\" style=\"width: 396px; height: 396px;\" \/> <\/a> <\/div> <\/div> <div class=\"gallery-group\" style=\"width: 400px; height: 400px;\" data-original-width=\"400\" data-original-height=\"400\" > <div class=\"tiled-gallery-item \" itemprop=\"associatedMedia\" itemscope itemtype=\"http:\/\/schema.org\/ImageObject\"> <a href=\"https:\/\/i0.wp.com\/www.hoymercedes.com.ar\/principal\/wp-content\/uploads\/2016\/06\/07-betty-10.jpg?ssl=1\" border=\"0\" itemprop=\"url\"> <meta itemprop=\"width\" content=\"396\"> <meta itemprop=\"height\" content=\"396\"> <img decoding=\"async\" class=\"\" data-attachment-id=\"51015\" data-orig-file=\"https:\/\/www.hoymercedes.com.ar\/principal\/wp-content\/uploads\/2016\/06\/07-betty-10.jpg\" data-orig-size=\"448,299\" data-comments-opened=\"1\" data-image-meta=\"{&quot;aperture&quot;:&quot;4&quot;,&quot;credit&quot;:&quot;&quot;,&quot;camera&quot;:&quot;NIKON D3100&quot;,&quot;caption&quot;:&quot;????????????????????????????????????&quot;,&quot;created_timestamp&quot;:&quot;1465070495&quot;,&quot;copyright&quot;:&quot;&quot;,&quot;focal_length&quot;:&quot;18&quot;,&quot;iso&quot;:&quot;400&quot;,&quot;shutter_speed&quot;:&quot;0.016666666666667&quot;,&quot;title&quot;:&quot;&quot;,&quot;orientation&quot;:&quot;1&quot;}\" data-image-title=\"07 betty 10\" data-image-description=\"\" data-medium-file=\"https:\/\/www.hoymercedes.com.ar\/principal\/wp-content\/uploads\/2016\/06\/07-betty-10.jpg\" data-large-file=\"https:\/\/www.hoymercedes.com.ar\/principal\/wp-content\/uploads\/2016\/06\/07-betty-10.jpg\" src=\"https:\/\/i0.wp.com\/www.hoymercedes.com.ar\/principal\/wp-content\/uploads\/2016\/06\/07-betty-10.jpg?w=396&#038;h=396&#038;crop=1&#038;ssl=1\" width=\"396\" height=\"396\" loading=\"lazy\" data-original-width=\"396\" data-original-height=\"396\" itemprop=\"http:\/\/schema.org\/image\" title=\"07 betty 10\" alt=\"07 betty 10\" style=\"width: 396px; height: 396px;\" \/> <\/a> <\/div> <\/div> <\/div> <div class=\"gallery-row\" style=\"width: 1200px; height: 400px;\" data-original-width=\"1200\" data-original-height=\"400\" > <div class=\"gallery-group\" style=\"width: 400px; height: 400px;\" data-original-width=\"400\" data-original-height=\"400\" > <div class=\"tiled-gallery-item \" itemprop=\"associatedMedia\" itemscope itemtype=\"http:\/\/schema.org\/ImageObject\"> <a href=\"https:\/\/i0.wp.com\/www.hoymercedes.com.ar\/principal\/wp-content\/uploads\/2016\/06\/07-betty-5.jpg?ssl=1\" border=\"0\" itemprop=\"url\"> <meta itemprop=\"width\" content=\"396\"> <meta itemprop=\"height\" content=\"396\"> <img decoding=\"async\" class=\"\" data-attachment-id=\"51020\" data-orig-file=\"https:\/\/www.hoymercedes.com.ar\/principal\/wp-content\/uploads\/2016\/06\/07-betty-5.jpg\" data-orig-size=\"448,299\" data-comments-opened=\"1\" data-image-meta=\"{&quot;aperture&quot;:&quot;3.8&quot;,&quot;credit&quot;:&quot;&quot;,&quot;camera&quot;:&quot;NIKON D3100&quot;,&quot;caption&quot;:&quot;????????????????????????????????????&quot;,&quot;created_timestamp&quot;:&quot;1465071397&quot;,&quot;copyright&quot;:&quot;&quot;,&quot;focal_length&quot;:&quot;23&quot;,&quot;iso&quot;:&quot;1800&quot;,&quot;shutter_speed&quot;:&quot;0.016666666666667&quot;,&quot;title&quot;:&quot;&quot;,&quot;orientation&quot;:&quot;1&quot;}\" data-image-title=\"07 betty 5\" data-image-description=\"\" data-medium-file=\"https:\/\/www.hoymercedes.com.ar\/principal\/wp-content\/uploads\/2016\/06\/07-betty-5.jpg\" data-large-file=\"https:\/\/www.hoymercedes.com.ar\/principal\/wp-content\/uploads\/2016\/06\/07-betty-5.jpg\" src=\"https:\/\/i0.wp.com\/www.hoymercedes.com.ar\/principal\/wp-content\/uploads\/2016\/06\/07-betty-5.jpg?w=396&#038;h=396&#038;crop=1&#038;ssl=1\" width=\"396\" height=\"396\" loading=\"lazy\" data-original-width=\"396\" data-original-height=\"396\" itemprop=\"http:\/\/schema.org\/image\" title=\"07 betty 5\" alt=\"07 betty 5\" style=\"width: 396px; height: 396px;\" \/> <\/a> <\/div> <\/div> <div class=\"gallery-group\" style=\"width: 400px; height: 400px;\" data-original-width=\"400\" data-original-height=\"400\" > <div class=\"tiled-gallery-item \" itemprop=\"associatedMedia\" itemscope itemtype=\"http:\/\/schema.org\/ImageObject\"> <a href=\"https:\/\/i0.wp.com\/www.hoymercedes.com.ar\/principal\/wp-content\/uploads\/2016\/06\/07-betty-9.jpg?ssl=1\" border=\"0\" itemprop=\"url\"> <meta itemprop=\"width\" content=\"396\"> <meta itemprop=\"height\" content=\"396\"> <img decoding=\"async\" class=\"\" data-attachment-id=\"51024\" data-orig-file=\"https:\/\/www.hoymercedes.com.ar\/principal\/wp-content\/uploads\/2016\/06\/07-betty-9.jpg\" data-orig-size=\"448,299\" data-comments-opened=\"1\" data-image-meta=\"{&quot;aperture&quot;:&quot;3.8&quot;,&quot;credit&quot;:&quot;&quot;,&quot;camera&quot;:&quot;NIKON D3100&quot;,&quot;caption&quot;:&quot;????????????????????????????????????&quot;,&quot;created_timestamp&quot;:&quot;1465070578&quot;,&quot;copyright&quot;:&quot;&quot;,&quot;focal_length&quot;:&quot;23&quot;,&quot;iso&quot;:&quot;400&quot;,&quot;shutter_speed&quot;:&quot;0.016666666666667&quot;,&quot;title&quot;:&quot;&quot;,&quot;orientation&quot;:&quot;1&quot;}\" data-image-title=\"07 betty 9\" data-image-description=\"\" data-medium-file=\"https:\/\/www.hoymercedes.com.ar\/principal\/wp-content\/uploads\/2016\/06\/07-betty-9.jpg\" data-large-file=\"https:\/\/www.hoymercedes.com.ar\/principal\/wp-content\/uploads\/2016\/06\/07-betty-9.jpg\" src=\"https:\/\/i0.wp.com\/www.hoymercedes.com.ar\/principal\/wp-content\/uploads\/2016\/06\/07-betty-9.jpg?w=396&#038;h=396&#038;crop=1&#038;ssl=1\" width=\"396\" height=\"396\" loading=\"lazy\" data-original-width=\"396\" data-original-height=\"396\" itemprop=\"http:\/\/schema.org\/image\" title=\"07 betty 9\" alt=\"07 betty 9\" style=\"width: 396px; height: 396px;\" \/> <\/a> <\/div> <\/div> <div class=\"gallery-group\" style=\"width: 400px; height: 400px;\" data-original-width=\"400\" data-original-height=\"400\" > <div class=\"tiled-gallery-item \" itemprop=\"associatedMedia\" itemscope itemtype=\"http:\/\/schema.org\/ImageObject\"> <a href=\"https:\/\/i0.wp.com\/www.hoymercedes.com.ar\/principal\/wp-content\/uploads\/2016\/06\/07-betty-6.jpg?ssl=1\" border=\"0\" itemprop=\"url\"> <meta itemprop=\"width\" content=\"396\"> <meta itemprop=\"height\" content=\"396\"> <img decoding=\"async\" class=\"\" data-attachment-id=\"51021\" data-orig-file=\"https:\/\/www.hoymercedes.com.ar\/principal\/wp-content\/uploads\/2016\/06\/07-betty-6.jpg\" data-orig-size=\"448,299\" data-comments-opened=\"1\" data-image-meta=\"{&quot;aperture&quot;:&quot;3.5&quot;,&quot;credit&quot;:&quot;&quot;,&quot;camera&quot;:&quot;NIKON D3100&quot;,&quot;caption&quot;:&quot;????????????????????????????????????&quot;,&quot;created_timestamp&quot;:&quot;1465071365&quot;,&quot;copyright&quot;:&quot;&quot;,&quot;focal_length&quot;:&quot;18&quot;,&quot;iso&quot;:&quot;1100&quot;,&quot;shutter_speed&quot;:&quot;0.016666666666667&quot;,&quot;title&quot;:&quot;&quot;,&quot;orientation&quot;:&quot;1&quot;}\" data-image-title=\"07 betty 6\" data-image-description=\"\" data-medium-file=\"https:\/\/www.hoymercedes.com.ar\/principal\/wp-content\/uploads\/2016\/06\/07-betty-6.jpg\" data-large-file=\"https:\/\/www.hoymercedes.com.ar\/principal\/wp-content\/uploads\/2016\/06\/07-betty-6.jpg\" src=\"https:\/\/i0.wp.com\/www.hoymercedes.com.ar\/principal\/wp-content\/uploads\/2016\/06\/07-betty-6.jpg?w=396&#038;h=396&#038;crop=1&#038;ssl=1\" width=\"396\" height=\"396\" loading=\"lazy\" data-original-width=\"396\" data-original-height=\"396\" itemprop=\"http:\/\/schema.org\/image\" title=\"07 betty 6\" alt=\"07 betty 6\" style=\"width: 396px; height: 396px;\" \/> <\/a> <\/div> <\/div> <\/div> <\/div>\n<p>Una muestra que destaca edificios que no est\u00e1n m\u00e1s y otros tantos que fueron reformados y muchos vecinos recuerdan cada vez que el camino les lleva por esas calles. Una muestra que da inicio a una serie de festejos que la Comuna organizar\u00e1 en el marco de un nuevo aniversario del origen de Mercedes a celebrar el 25 de junio.<\/p>\n","protected":false},"excerpt":{"rendered":"<p>\u00abUn recorrido visual\u00a0por\u00a0la geograf\u00eda, edificios, puentes y dem\u00e1s iconos de la historia de la ciudad plasmada con destreza y profunda &#8230; <a title=\"Betty Campi inaugur\u00f3 muestra \u00abMercedes, mi ciudad\u00bb.\" class=\"read-more\" href=\"https:\/\/www.hoymercedes.com.ar\/principal\/2016\/06\/07\/betty-campi-inauguro-muestra-mercedes-mi-ciudad\/\" aria-label=\"Leer m\u00e1s sobre Betty Campi inaugur\u00f3 muestra \u00abMercedes, mi ciudad\u00bb.\">Leer m\u00e1s<\/a><\/p>\n","protected":false},"author":1,"featured_media":51019,"comment_status":"open","ping_status":"open","sticky":false,"template":"","format":"standard","meta":{"_monsterinsights_skip_tracking":false,"_monsterinsights_sitenote_active":false,"_monsterinsights_sitenote_note":"","_monsterinsights_sitenote_category":0,"jetpack_post_was_ever_published":false,"_jetpack_newsletter_access":"","_jetpack_dont_email_post_to_subs":false,"_jetpack_newsletter_tier_id":0,"_jetpack_memberships_contains_paywalled_content":false,"_jetpack_memberships_contains_paid_content":false,"footnotes":"","jetpack_publicize_message":"","jetpack_publicize_feature_enabled":true,"jetpack_social_post_already_shared":true,"jetpack_social_options":{"image_generator_settings":{"template":"highway","default_image_id":0,"font":"","enabled":false},"version":2},"_wpas_customize_per_network":false},"categories":[104],"tags":[9356,7805,8674],"class_list":["post-51014","post","type-post","status-publish","format-standard","has-post-thumbnail","hentry","category-cultura","tag-betty-campi","tag-cultura","tag-mamm","generate-columns","tablet-grid-50","mobile-grid-100","grid-parent","grid-50"],"jetpack_publicize_connections":[],"jetpack_featured_media_url":"https:\/\/www.hoymercedes.com.ar\/principal\/wp-content\/uploads\/2016\/06\/07-betty-4.jpg","wps_subtitle":"El s\u00e1bado pasado en MAMM","jetpack_sharing_enabled":true,"_links":{"self":[{"href":"https:\/\/www.hoymercedes.com.ar\/principal\/wp-json\/wp\/v2\/posts\/51014","targetHints":{"allow":["GET"]}}],"collection":[{"href":"https:\/\/www.hoymercedes.com.ar\/principal\/wp-json\/wp\/v2\/posts"}],"about":[{"href":"https:\/\/www.hoymercedes.com.ar\/principal\/wp-json\/wp\/v2\/types\/post"}],"author":[{"embeddable":true,"href":"https:\/\/www.hoymercedes.com.ar\/principal\/wp-json\/wp\/v2\/users\/1"}],"replies":[{"embeddable":true,"href":"https:\/\/www.hoymercedes.com.ar\/principal\/wp-json\/wp\/v2\/comments?post=51014"}],"version-history":[{"count":0,"href":"https:\/\/www.hoymercedes.com.ar\/principal\/wp-json\/wp\/v2\/posts\/51014\/revisions"}],"wp:featuredmedia":[{"embeddable":true,"href":"https:\/\/www.hoymercedes.com.ar\/principal\/wp-json\/wp\/v2\/media\/51019"}],"wp:attachment":[{"href":"https:\/\/www.hoymercedes.com.ar\/principal\/wp-json\/wp\/v2\/media?parent=51014"}],"wp:term":[{"taxonomy":"category","embeddable":true,"href":"https:\/\/www.hoymercedes.com.ar\/principal\/wp-json\/wp\/v2\/categories?post=51014"},{"taxonomy":"post_tag","embeddable":true,"href":"https:\/\/www.hoymercedes.com.ar\/principal\/wp-json\/wp\/v2\/tags?post=51014"}],"curies":[{"name":"wp","href":"https:\/\/api.w.org\/{rel}","templated":true}]}}