{"id":51037,"date":"2016-06-08T08:52:47","date_gmt":"2016-06-08T11:52:47","guid":{"rendered":"http:\/\/www.hoymercedes.com.ar\/principal\/?p=51037"},"modified":"2016-06-07T21:54:54","modified_gmt":"2016-06-08T00:54:54","slug":"palabras-que-hieren-el-alma","status":"publish","type":"post","link":"https:\/\/www.hoymercedes.com.ar\/principal\/2016\/06\/08\/palabras-que-hieren-el-alma\/","title":{"rendered":"Palabras que hieren el alma"},"content":{"rendered":"<p>Por Oscar Dinova \/\u00a0Ni hoy, que Argentina gan\u00f3 un partido lindo, bien jugado en el arranque de la Copa Am\u00e9rica me puedo ir a dormir en paz.\u00a0Ni hoy, que disfrutamos de una obra de teatro infantil donde actuaba mi nieto puedo descansar el esp\u00edritu.\u00a0Tengo que contestarle a este pusil\u00e1nime de Guillermo Moreno o me ahogo del todo.<\/p>\n<p>Este cr\u00e1pula vino a hacer una analog\u00eda entre los miles de muertos en la dictadura y los problemas alimentarios en un gobierno democr\u00e1tico.\u00a0No voy a responder ni pol\u00edtica ni hist\u00f3ricamente sobre los gobiernos de los \u00faltimos 70 a\u00f1os pues usted no lo merece y la inmensa mayor\u00eda del pueblo ha comprendido hace rato, que JAM\u00c1S se puede comparar una dictadura asesina con un gobierno elegido en las urnas, por m\u00e1s defectos que se le quiera o se le pueda encontrar a este \u00faltimo.<\/p>\n<p>Ahora bien:\u00a0No puede usted Sr. Moreno poner en un punto de comparaci\u00f3n alguna ser subido a un Fokker F-27 medio drogado por la inyecci\u00f3n de pentotal que, le han dicho, es una vacuna pues lo trasladan a un penal en el sur, confiado, -dentro del punto l\u00edmite- porque prometieron que lo van a \u00abblanquear\u00bb haci\u00e9ndolo prisionero legal, para luego ver aterrado e impotente abrirse las compuertas del avi\u00f3n en medio de la negrura de la noche y ser arrojado al Atl\u00e1ntico a\u00fan vivo y semiconsciente, con tener problemas para llegar a fin de mes, por ejemplo.<\/p>\n<p>Vaya, visite la ESMA, vaya s\u00f3lo mejor, vaya a la hora en que el sol es est\u00e1 yendo, cuando las penumbras abordan ese infierno, ahora suponga por un momento que es 1976 \u00f3 1977 si prefiere y que est\u00e1 prisionero en Capucha, extenuado, sin esperanza, en la compa\u00f1\u00eda de sombras que apenas se mueven en sus cadenas, es mi\u00e9rcoles y pronuncian su n\u00famero para ser trasladado, le van a dar una inyecci\u00f3n, imag\u00ednese el resto tambi\u00e9n.<\/p>\n<p>Respire tranquilo, est\u00e1 en 2016 y vivimos en democracia.<\/p>\n<p>No corre usted peligro.\u00a0Ni nadie por suerte. Fue su imaginaci\u00f3n solamente.<br \/>\nDespu\u00e9s vuelva al programa de televisi\u00f3n y repita lo que dijo, si puede.<\/p>\n<p>Lo desprecio, lo desprecio desde el fondo de mi coraz\u00f3n.<\/p>\n<p>En nombre de todos las personas que sufrieron un martirio inconfesable y aquellos que perdieron a sus seres queridos para siempre, lo desprecio.<\/p>\n<p>Es usted un cr\u00e1pula. Que Dios lo perdone por esta blasfemia, que Dios lo perdone.<\/p>\n<p>Yo no.<\/p>\n<p>&nbsp;<\/p>\n<p>&nbsp;<\/p>\n","protected":false},"excerpt":{"rendered":"<p>Por Oscar Dinova \/\u00a0Ni hoy, que Argentina gan\u00f3 un partido lindo, bien jugado en el arranque de la Copa Am\u00e9rica &#8230; <a title=\"Palabras que hieren el alma\" class=\"read-more\" href=\"https:\/\/www.hoymercedes.com.ar\/principal\/2016\/06\/08\/palabras-que-hieren-el-alma\/\" aria-label=\"Leer m\u00e1s sobre Palabras que hieren el alma\">Leer m\u00e1s<\/a><\/p>\n","protected":false},"author":1,"featured_media":0,"comment_status":"open","ping_status":"open","sticky":false,"template":"","format":"standard","meta":{"_monsterinsights_skip_tracking":false,"_monsterinsights_sitenote_active":false,"_monsterinsights_sitenote_note":"","_monsterinsights_sitenote_category":0,"jetpack_post_was_ever_published":false,"_jetpack_newsletter_access":"","_jetpack_dont_email_post_to_subs":false,"_jetpack_newsletter_tier_id":0,"_jetpack_memberships_contains_paywalled_content":false,"_jetpack_memberships_contains_paid_content":false,"footnotes":"","jetpack_publicize_message":"","jetpack_publicize_feature_enabled":true,"jetpack_social_post_already_shared":true,"jetpack_social_options":{"image_generator_settings":{"template":"highway","default_image_id":0,"font":"","enabled":false},"version":2},"_wpas_customize_per_network":false},"categories":[11],"tags":[8748,1288],"class_list":["post-51037","post","type-post","status-publish","format-standard","hentry","category-ciudad","tag-opinion","tag-oscar-dinova","generate-columns","tablet-grid-50","mobile-grid-100","grid-parent","grid-50"],"jetpack_publicize_connections":[],"jetpack_featured_media_url":"","wps_subtitle":"","jetpack_sharing_enabled":true,"_links":{"self":[{"href":"https:\/\/www.hoymercedes.com.ar\/principal\/wp-json\/wp\/v2\/posts\/51037","targetHints":{"allow":["GET"]}}],"collection":[{"href":"https:\/\/www.hoymercedes.com.ar\/principal\/wp-json\/wp\/v2\/posts"}],"about":[{"href":"https:\/\/www.hoymercedes.com.ar\/principal\/wp-json\/wp\/v2\/types\/post"}],"author":[{"embeddable":true,"href":"https:\/\/www.hoymercedes.com.ar\/principal\/wp-json\/wp\/v2\/users\/1"}],"replies":[{"embeddable":true,"href":"https:\/\/www.hoymercedes.com.ar\/principal\/wp-json\/wp\/v2\/comments?post=51037"}],"version-history":[{"count":0,"href":"https:\/\/www.hoymercedes.com.ar\/principal\/wp-json\/wp\/v2\/posts\/51037\/revisions"}],"wp:attachment":[{"href":"https:\/\/www.hoymercedes.com.ar\/principal\/wp-json\/wp\/v2\/media?parent=51037"}],"wp:term":[{"taxonomy":"category","embeddable":true,"href":"https:\/\/www.hoymercedes.com.ar\/principal\/wp-json\/wp\/v2\/categories?post=51037"},{"taxonomy":"post_tag","embeddable":true,"href":"https:\/\/www.hoymercedes.com.ar\/principal\/wp-json\/wp\/v2\/tags?post=51037"}],"curies":[{"name":"wp","href":"https:\/\/api.w.org\/{rel}","templated":true}]}}