{"id":51041,"date":"2016-06-08T09:16:33","date_gmt":"2016-06-08T12:16:33","guid":{"rendered":"http:\/\/www.hoymercedes.com.ar\/principal\/?p=51041"},"modified":"2016-06-07T23:47:11","modified_gmt":"2016-06-08T02:47:11","slug":"nunca-dispare-afirmo-dani-la-muerte-ante-la-justicia-de-mercedes","status":"publish","type":"post","link":"https:\/\/www.hoymercedes.com.ar\/principal\/2016\/06\/08\/nunca-dispare-afirmo-dani-la-muerte-ante-la-justicia-de-mercedes\/","title":{"rendered":"\u201cNunca dispar\u00e9\u201d afirm\u00f3 Dani \u201cla Muerte\u201d ante la justicia de Mercedes"},"content":{"rendered":"<figure id=\"attachment_51042\" aria-describedby=\"caption-attachment-51042\" style=\"width: 620px\" class=\"wp-caption aligncenter\"><img loading=\"lazy\" decoding=\"async\" data-attachment-id=\"51042\" data-permalink=\"https:\/\/www.hoymercedes.com.ar\/principal\/2016\/06\/08\/nunca-dispare-afirmo-dani-la-muerte-ante-la-justicia-de-mercedes\/danilamuerte\/#main\" data-orig-file=\"https:\/\/www.hoymercedes.com.ar\/principal\/wp-content\/uploads\/2016\/06\/danilamuerte.jpg\" data-orig-size=\"1099,610\" data-comments-opened=\"1\" data-image-meta=\"{&quot;aperture&quot;:&quot;0&quot;,&quot;credit&quot;:&quot;&quot;,&quot;camera&quot;:&quot;&quot;,&quot;caption&quot;:&quot;&quot;,&quot;created_timestamp&quot;:&quot;0&quot;,&quot;copyright&quot;:&quot;&quot;,&quot;focal_length&quot;:&quot;0&quot;,&quot;iso&quot;:&quot;0&quot;,&quot;shutter_speed&quot;:&quot;0&quot;,&quot;title&quot;:&quot;&quot;,&quot;orientation&quot;:&quot;0&quot;}\" data-image-title=\"danilamuerte\" data-image-description=\"\" data-image-caption=\"&lt;p&gt;Dani \u00abla muerte\u00bb herido en Luj\u00e1n&lt;\/p&gt;\n\" data-large-file=\"https:\/\/www.hoymercedes.com.ar\/principal\/wp-content\/uploads\/2016\/06\/danilamuerte-1024x568.jpg\" class=\"size-medium wp-image-51042\" src=\"https:\/\/www.hoymercedes.com.ar\/principal\/wp-content\/uploads\/2016\/06\/danilamuerte-630x350.jpg\" alt=\"Dani &quot;la muerte&quot; herido en Luj\u00e1n\" width=\"630\" height=\"350\" srcset=\"https:\/\/www.hoymercedes.com.ar\/principal\/wp-content\/uploads\/2016\/06\/danilamuerte-630x350.jpg 630w, https:\/\/www.hoymercedes.com.ar\/principal\/wp-content\/uploads\/2016\/06\/danilamuerte-150x83.jpg 150w, https:\/\/www.hoymercedes.com.ar\/principal\/wp-content\/uploads\/2016\/06\/danilamuerte-1024x568.jpg 1024w, https:\/\/www.hoymercedes.com.ar\/principal\/wp-content\/uploads\/2016\/06\/danilamuerte.jpg 1099w\" sizes=\"auto, (max-width: 630px) 100vw, 630px\" \/><figcaption id=\"caption-attachment-51042\" class=\"wp-caption-text\">Dani \u00abla muerte\u00bb herido en Luj\u00e1n<\/figcaption><\/figure>\n<p><strong>Finalmente el guardaespaldas Daniel D\u00edaz Le\u00f3n, m\u00e1s conocido como Dani \u201cla muerte\u201d, declar\u00f3 ante la justicia mercedina tras semanas de internaci\u00f3n en el Hospital Municipal de Luj\u00e1n. Su recuperaci\u00f3n permiti\u00f3 que compareciera y se escriba un nuevo cap\u00edtulo de uno de los hechos m\u00e1s resonante del \u00faltimo tiempo.<\/strong><\/p>\n<p>Tras 24 d\u00edas internado y con nueve balazos recibidos Dani \u201cLa Muerte\u201d se recuper\u00f3 y logr\u00f3 estar en la condici\u00f3n de salud necesaria que requer\u00eda la justicia para poder tomarle declaraci\u00f3n. Recordemos que la causa originalmente hab\u00eda sido dirigida por la fiscal\u00eda descentralizada de Luj\u00e1n, pero, luego pas\u00f3 a nuestra localidad y Juan Bidone, Fiscal de Delitos Complejos tom\u00f3 su continuidad.<\/p>\n<p>El custodio sostuvo en su exposici\u00f3n que \u201cnunca disipar\u00e9\u201d y lanz\u00f3 sus acusaciones contra Leonardo Gatto, el ex polic\u00eda bonaerense que se encuentra sospechado de propinarle los balazos a D\u00edaz Le\u00f3n.<\/p>\n<p>\u00abLos que me balearon fueron el polic\u00eda Gatto y otro de su grupo que no pude reconocer\u00bb, sostienen medios nacionales expres\u00f3 en su declaraci\u00f3n el famoso custodio.<\/p>\n<p>El canal de noticias C5N dio cuenta tambi\u00e9n que Dani \u201cla muerte\u201d reconoci\u00f3 que \u00abexist\u00eda un conflicto previo entre los Hell&#8217;s Angels y Los Tehuelches\u00bb sosteniendo que el enfrentamiento no estuvo programado, como algunas primeras versiones sosten\u00edan.<\/p>\n<p>Recordemos que el hecho es uno de los m\u00e1s graves vividos en los enfrentamientos que entre bandas de motoqueros previo a los encuentros se suele dar. En esta ocasi\u00f3n en el cruce de ruta 5 y 42, en Luj\u00e1n, frente al conocido parador TC ambas bandas se enfrentaron dispar\u00e1ndose m\u00e1s de 150 balas y siendo Daniel D\u00edaz Le\u00f3n uno de los m\u00e1s afectados dado que nueve fueron directo en su cuerpo.<\/p>\n<p>Para el fiscal de nuestra ciudad, Dani \u00abLa Muerte\u00bb y Leonardo Gatto est\u00e1n acusados de tentativa de homicidio, pero tambi\u00e9n los considera v\u00edctimas dentro de los hechos que tiene siete detenidos siendo tres bajo tentativa de homicidio y cuatro por tenencia de armas, m\u00e1s all\u00e1 que Bidone reconoci\u00f3 no aparecieron armas en el lugar de los enfrentamientos, salgo la que se encontr\u00f3 sin uso en la moto del guardaespaldas.<\/p>\n<p>El acontecimiento despert\u00f3 un sinf\u00edn de especulaciones, como por ejemplo que estuvo programado, que pudo ser un ajuste de cuentas por dinero, drogas o el control de los encuentros alrededor del pa\u00eds.<\/p>\n<p>La cuesti\u00f3n sigue y sin duda dar\u00e1 nuevos cap\u00edtulos en un hecho que dej\u00f3 mucho por investigar.<\/p>\n","protected":false},"excerpt":{"rendered":"<p>Finalmente el guardaespaldas Daniel D\u00edaz Le\u00f3n, m\u00e1s conocido como Dani \u201cla muerte\u201d, declar\u00f3 ante la justicia mercedina tras semanas de &#8230; <a title=\"\u201cNunca dispar\u00e9\u201d afirm\u00f3 Dani \u201cla Muerte\u201d ante la justicia de Mercedes\" class=\"read-more\" href=\"https:\/\/www.hoymercedes.com.ar\/principal\/2016\/06\/08\/nunca-dispare-afirmo-dani-la-muerte-ante-la-justicia-de-mercedes\/\" aria-label=\"Leer m\u00e1s sobre \u201cNunca dispar\u00e9\u201d afirm\u00f3 Dani \u201cla Muerte\u201d ante la justicia de Mercedes\">Leer m\u00e1s<\/a><\/p>\n","protected":false},"author":1,"featured_media":51042,"comment_status":"open","ping_status":"open","sticky":false,"template":"","format":"standard","meta":{"_monsterinsights_skip_tracking":false,"_monsterinsights_sitenote_active":false,"_monsterinsights_sitenote_note":"","_monsterinsights_sitenote_category":0,"jetpack_post_was_ever_published":false,"_jetpack_newsletter_access":"","_jetpack_dont_email_post_to_subs":false,"_jetpack_newsletter_tier_id":0,"_jetpack_memberships_contains_paywalled_content":false,"_jetpack_memberships_contains_paid_content":false,"footnotes":"","jetpack_publicize_message":"","jetpack_publicize_feature_enabled":true,"jetpack_social_post_already_shared":true,"jetpack_social_options":{"image_generator_settings":{"template":"highway","default_image_id":0,"font":"","enabled":false},"version":2},"_wpas_customize_per_network":false},"categories":[85],"tags":[9438,7723],"class_list":["post-51041","post","type-post","status-publish","format-standard","has-post-thumbnail","hentry","category-policial","tag-dani-la-muerte","tag-fiscal-bidone","generate-columns","tablet-grid-50","mobile-grid-100","grid-parent","grid-50"],"jetpack_publicize_connections":[],"jetpack_featured_media_url":"https:\/\/www.hoymercedes.com.ar\/principal\/wp-content\/uploads\/2016\/06\/danilamuerte.jpg","wps_subtitle":"Ante el fiscal Bidone","jetpack_sharing_enabled":true,"_links":{"self":[{"href":"https:\/\/www.hoymercedes.com.ar\/principal\/wp-json\/wp\/v2\/posts\/51041","targetHints":{"allow":["GET"]}}],"collection":[{"href":"https:\/\/www.hoymercedes.com.ar\/principal\/wp-json\/wp\/v2\/posts"}],"about":[{"href":"https:\/\/www.hoymercedes.com.ar\/principal\/wp-json\/wp\/v2\/types\/post"}],"author":[{"embeddable":true,"href":"https:\/\/www.hoymercedes.com.ar\/principal\/wp-json\/wp\/v2\/users\/1"}],"replies":[{"embeddable":true,"href":"https:\/\/www.hoymercedes.com.ar\/principal\/wp-json\/wp\/v2\/comments?post=51041"}],"version-history":[{"count":0,"href":"https:\/\/www.hoymercedes.com.ar\/principal\/wp-json\/wp\/v2\/posts\/51041\/revisions"}],"wp:featuredmedia":[{"embeddable":true,"href":"https:\/\/www.hoymercedes.com.ar\/principal\/wp-json\/wp\/v2\/media\/51042"}],"wp:attachment":[{"href":"https:\/\/www.hoymercedes.com.ar\/principal\/wp-json\/wp\/v2\/media?parent=51041"}],"wp:term":[{"taxonomy":"category","embeddable":true,"href":"https:\/\/www.hoymercedes.com.ar\/principal\/wp-json\/wp\/v2\/categories?post=51041"},{"taxonomy":"post_tag","embeddable":true,"href":"https:\/\/www.hoymercedes.com.ar\/principal\/wp-json\/wp\/v2\/tags?post=51041"}],"curies":[{"name":"wp","href":"https:\/\/api.w.org\/{rel}","templated":true}]}}