{"id":51049,"date":"2016-06-08T13:00:59","date_gmt":"2016-06-08T16:00:59","guid":{"rendered":"http:\/\/www.hoymercedes.com.ar\/principal\/?p=51049"},"modified":"2016-06-08T10:36:04","modified_gmt":"2016-06-08T13:36:04","slug":"ultimos-dias-para-presentar-obras","status":"publish","type":"post","link":"https:\/\/www.hoymercedes.com.ar\/principal\/2016\/06\/08\/ultimos-dias-para-presentar-obras\/","title":{"rendered":"\u00daltimos d\u00edas para presentar obras"},"content":{"rendered":"<p>Este domingo 12 de junio cierra la recepci\u00f3n de obras para el\u00a013\u00ba Sal\u00f3n Anual Provincial de Pintura \u00abCiudad de Mercedes\u00bb, ya que entre el lunes y martes estar\u00e1 actuando el jurado convocado especialmente para seleccionar los cuadros que participen de la muestra y elegir los premios a otorgar.<\/p>\n<p>Tendr\u00e1n car\u00e1cter de adquisici\u00f3n el 1\u00ba, 2\u00ba y el 1\u00ba. premio local. Los valores de este a\u00f1o son:<br \/>\n&#8211; Primer premio: $ 10.000 adquisici\u00f3n, medalla y diploma.<br \/>\n&#8211; Segundo premio: $ 7.500 adquisici\u00f3n, medalla y diploma.<br \/>\n&#8211; Tercer premio: medalla y diploma<br \/>\n&#8211; Primer premio al artista local: $ 10.000 adquisici\u00f3n, medalla y diploma.<br \/>\n&#8211; Menciones que determine el jurado: diplomas<\/p>\n<p>La inauguraci\u00f3n del sal\u00f3n ser\u00e1 el 18 de junio de 2016, a las 19 horas, en el\u00a0Museo de Arte Municipalidad de Mercedes.<\/p>\n<p>La recepci\u00f3n de obras se hacen en el\u00a0MAMM (Calle 23 N\u00ba 383 &#8211; Mercedes). Ante consultas comunicarse al tel\u00e9fono\u00a0(02324) 435368<\/p>\n<div><\/div>\n<div><\/div>\n","protected":false},"excerpt":{"rendered":"<p>Este domingo 12 de junio cierra la recepci\u00f3n de obras para el\u00a013\u00ba Sal\u00f3n Anual Provincial de Pintura \u00abCiudad de Mercedes\u00bb, &#8230; <a title=\"\u00daltimos d\u00edas para presentar obras\" class=\"read-more\" href=\"https:\/\/www.hoymercedes.com.ar\/principal\/2016\/06\/08\/ultimos-dias-para-presentar-obras\/\" aria-label=\"Leer m\u00e1s sobre \u00daltimos d\u00edas para presentar obras\">Leer m\u00e1s<\/a><\/p>\n","protected":false},"author":1,"featured_media":49261,"comment_status":"open","ping_status":"open","sticky":false,"template":"","format":"standard","meta":{"_monsterinsights_skip_tracking":false,"_monsterinsights_sitenote_active":false,"_monsterinsights_sitenote_note":"","_monsterinsights_sitenote_category":0,"jetpack_post_was_ever_published":false,"_jetpack_newsletter_access":"","_jetpack_dont_email_post_to_subs":false,"_jetpack_newsletter_tier_id":0,"_jetpack_memberships_contains_paywalled_content":false,"_jetpack_memberships_contains_paid_content":false,"footnotes":"","jetpack_publicize_message":"","jetpack_publicize_feature_enabled":true,"jetpack_social_post_already_shared":true,"jetpack_social_options":{"image_generator_settings":{"template":"highway","default_image_id":0,"font":"","enabled":false},"version":2},"_wpas_customize_per_network":false},"categories":[104],"tags":[7805,8674,970],"class_list":["post-51049","post","type-post","status-publish","format-standard","has-post-thumbnail","hentry","category-cultura","tag-cultura","tag-mamm","tag-salon-de-pintura","generate-columns","tablet-grid-50","mobile-grid-100","grid-parent","grid-50"],"jetpack_publicize_connections":[],"jetpack_featured_media_url":"https:\/\/www.hoymercedes.com.ar\/principal\/wp-content\/uploads\/2016\/04\/26-salon-de-pintura.jpg","wps_subtitle":"Sal\u00f3n de Pintura Municipal","jetpack_sharing_enabled":true,"_links":{"self":[{"href":"https:\/\/www.hoymercedes.com.ar\/principal\/wp-json\/wp\/v2\/posts\/51049","targetHints":{"allow":["GET"]}}],"collection":[{"href":"https:\/\/www.hoymercedes.com.ar\/principal\/wp-json\/wp\/v2\/posts"}],"about":[{"href":"https:\/\/www.hoymercedes.com.ar\/principal\/wp-json\/wp\/v2\/types\/post"}],"author":[{"embeddable":true,"href":"https:\/\/www.hoymercedes.com.ar\/principal\/wp-json\/wp\/v2\/users\/1"}],"replies":[{"embeddable":true,"href":"https:\/\/www.hoymercedes.com.ar\/principal\/wp-json\/wp\/v2\/comments?post=51049"}],"version-history":[{"count":0,"href":"https:\/\/www.hoymercedes.com.ar\/principal\/wp-json\/wp\/v2\/posts\/51049\/revisions"}],"wp:featuredmedia":[{"embeddable":true,"href":"https:\/\/www.hoymercedes.com.ar\/principal\/wp-json\/wp\/v2\/media\/49261"}],"wp:attachment":[{"href":"https:\/\/www.hoymercedes.com.ar\/principal\/wp-json\/wp\/v2\/media?parent=51049"}],"wp:term":[{"taxonomy":"category","embeddable":true,"href":"https:\/\/www.hoymercedes.com.ar\/principal\/wp-json\/wp\/v2\/categories?post=51049"},{"taxonomy":"post_tag","embeddable":true,"href":"https:\/\/www.hoymercedes.com.ar\/principal\/wp-json\/wp\/v2\/tags?post=51049"}],"curies":[{"name":"wp","href":"https:\/\/api.w.org\/{rel}","templated":true}]}}