{"id":51140,"date":"2016-06-10T18:30:09","date_gmt":"2016-06-10T21:30:09","guid":{"rendered":"http:\/\/www.hoymercedes.com.ar\/principal\/?p=51140"},"modified":"2016-06-11T21:39:22","modified_gmt":"2016-06-12T00:39:22","slug":"una-estrella-amarilla-para-brian-zarate","status":"publish","type":"post","link":"https:\/\/www.hoymercedes.com.ar\/principal\/2016\/06\/10\/una-estrella-amarilla-para-brian-zarate\/","title":{"rendered":"Una Estrella Amarilla para Brian Z\u00e1rate"},"content":{"rendered":"<p>En la intersecci\u00f3n de 22 bis y 117, se pint\u00f3 una estrella de color amarilla, a la memoria del joven de 19 a\u00f1os que hace un a\u00f1o sufri\u00f3 el impacto de un auto cuando iba \u00e9l en bicicleta. Su madre Ana Torres y su padre Hern\u00e1n Z\u00e1rate lo recordaron con la estrella pintada sobre el asfalto recordando que depende todas personas que no haya\u00a0m\u00e1s v\u00edctimas de siniestros viales.<\/p>\n<div class=\"tiled-gallery type-square tiled-gallery-unresized\" data-original-width=\"1200\" data-carousel-extra='{&quot;blog_id&quot;:1,&quot;permalink&quot;:&quot;https:\\\/\\\/www.hoymercedes.com.ar\\\/principal\\\/2016\\\/06\\\/10\\\/una-estrella-amarilla-para-brian-zarate\\\/&quot;,&quot;likes_blog_id&quot;:50631561}' itemscope itemtype=\"http:\/\/schema.org\/ImageGallery\" > <div class=\"gallery-row\" style=\"width: 1200px; height: 1200px;\" data-original-width=\"1200\" data-original-height=\"1200\" > <div class=\"gallery-group\" style=\"width: 1200px; height: 1200px;\" data-original-width=\"1200\" data-original-height=\"1200\" > <div class=\"tiled-gallery-item \" itemprop=\"associatedMedia\" itemscope itemtype=\"http:\/\/schema.org\/ImageObject\"> <a href=\"https:\/\/i0.wp.com\/www.hoymercedes.com.ar\/principal\/wp-content\/uploads\/2016\/06\/10-estrella-amarilla-9.jpg?ssl=1\" border=\"0\" itemprop=\"url\"> <meta itemprop=\"width\" content=\"1196\"> <meta itemprop=\"height\" content=\"1196\"> <img decoding=\"async\" class=\"\" data-attachment-id=\"51131\" data-orig-file=\"https:\/\/www.hoymercedes.com.ar\/principal\/wp-content\/uploads\/2016\/06\/10-estrella-amarilla-9.jpg\" data-orig-size=\"448,299\" data-comments-opened=\"1\" data-image-meta=\"{&quot;aperture&quot;:&quot;8&quot;,&quot;credit&quot;:&quot;&quot;,&quot;camera&quot;:&quot;NIKON D3100&quot;,&quot;caption&quot;:&quot;????????????????????????????????????&quot;,&quot;created_timestamp&quot;:&quot;1465561786&quot;,&quot;copyright&quot;:&quot;&quot;,&quot;focal_length&quot;:&quot;45&quot;,&quot;iso&quot;:&quot;100&quot;,&quot;shutter_speed&quot;:&quot;0.004&quot;,&quot;title&quot;:&quot;&quot;,&quot;orientation&quot;:&quot;1&quot;}\" data-image-title=\"10 estrella amarilla 9\" data-image-description=\"\" data-medium-file=\"https:\/\/www.hoymercedes.com.ar\/principal\/wp-content\/uploads\/2016\/06\/10-estrella-amarilla-9.jpg\" data-large-file=\"https:\/\/www.hoymercedes.com.ar\/principal\/wp-content\/uploads\/2016\/06\/10-estrella-amarilla-9.jpg\" src=\"https:\/\/i0.wp.com\/www.hoymercedes.com.ar\/principal\/wp-content\/uploads\/2016\/06\/10-estrella-amarilla-9.jpg?w=1196&#038;h=1196&#038;crop=1&#038;ssl=1\" width=\"1196\" height=\"1196\" loading=\"lazy\" data-original-width=\"1196\" data-original-height=\"1196\" itemprop=\"http:\/\/schema.org\/image\" title=\"10 estrella amarilla 9\" alt=\"10 estrella amarilla 9\" style=\"width: 1196px; height: 1196px;\" \/> <\/a> <\/div> <\/div> <\/div> <div class=\"gallery-row\" style=\"width: 1200px; height: 400px;\" data-original-width=\"1200\" data-original-height=\"400\" > <div class=\"gallery-group\" style=\"width: 400px; height: 400px;\" data-original-width=\"400\" data-original-height=\"400\" > <div class=\"tiled-gallery-item \" itemprop=\"associatedMedia\" itemscope itemtype=\"http:\/\/schema.org\/ImageObject\"> <a href=\"https:\/\/i0.wp.com\/www.hoymercedes.com.ar\/principal\/wp-content\/uploads\/2016\/06\/10-estrella-amarilla-2.jpg?ssl=1\" border=\"0\" itemprop=\"url\"> <meta itemprop=\"width\" content=\"396\"> <meta itemprop=\"height\" content=\"396\"> <img decoding=\"async\" class=\"\" data-attachment-id=\"51124\" data-orig-file=\"https:\/\/www.hoymercedes.com.ar\/principal\/wp-content\/uploads\/2016\/06\/10-estrella-amarilla-2.jpg\" data-orig-size=\"448,299\" data-comments-opened=\"1\" data-image-meta=\"{&quot;aperture&quot;:&quot;8&quot;,&quot;credit&quot;:&quot;&quot;,&quot;camera&quot;:&quot;NIKON D3100&quot;,&quot;caption&quot;:&quot;????????????????????????????????????&quot;,&quot;created_timestamp&quot;:&quot;1465563022&quot;,&quot;copyright&quot;:&quot;&quot;,&quot;focal_length&quot;:&quot;24&quot;,&quot;iso&quot;:&quot;100&quot;,&quot;shutter_speed&quot;:&quot;0.004&quot;,&quot;title&quot;:&quot;&quot;,&quot;orientation&quot;:&quot;1&quot;}\" data-image-title=\"10 estrella amarilla 2\" data-image-description=\"\" data-medium-file=\"https:\/\/www.hoymercedes.com.ar\/principal\/wp-content\/uploads\/2016\/06\/10-estrella-amarilla-2.jpg\" data-large-file=\"https:\/\/www.hoymercedes.com.ar\/principal\/wp-content\/uploads\/2016\/06\/10-estrella-amarilla-2.jpg\" src=\"https:\/\/i0.wp.com\/www.hoymercedes.com.ar\/principal\/wp-content\/uploads\/2016\/06\/10-estrella-amarilla-2.jpg?w=396&#038;h=396&#038;crop=1&#038;ssl=1\" width=\"396\" height=\"396\" loading=\"lazy\" data-original-width=\"396\" data-original-height=\"396\" itemprop=\"http:\/\/schema.org\/image\" title=\"10 estrella amarilla 2\" alt=\"10 estrella amarilla 2\" style=\"width: 396px; height: 396px;\" \/> <\/a> <\/div> <\/div> <div class=\"gallery-group\" style=\"width: 400px; height: 400px;\" data-original-width=\"400\" data-original-height=\"400\" > <div class=\"tiled-gallery-item \" itemprop=\"associatedMedia\" itemscope itemtype=\"http:\/\/schema.org\/ImageObject\"> <a href=\"https:\/\/i0.wp.com\/www.hoymercedes.com.ar\/principal\/wp-content\/uploads\/2016\/06\/10-estrella-amarilla-1.jpg?ssl=1\" border=\"0\" itemprop=\"url\"> <meta itemprop=\"width\" content=\"396\"> <meta itemprop=\"height\" content=\"396\"> <img decoding=\"async\" class=\"\" data-attachment-id=\"51123\" data-orig-file=\"https:\/\/www.hoymercedes.com.ar\/principal\/wp-content\/uploads\/2016\/06\/10-estrella-amarilla-1.jpg\" data-orig-size=\"448,299\" data-comments-opened=\"1\" data-image-meta=\"{&quot;aperture&quot;:&quot;6.3&quot;,&quot;credit&quot;:&quot;&quot;,&quot;camera&quot;:&quot;NIKON D3100&quot;,&quot;caption&quot;:&quot;????????????????????????????????????&quot;,&quot;created_timestamp&quot;:&quot;1465563154&quot;,&quot;copyright&quot;:&quot;&quot;,&quot;focal_length&quot;:&quot;24&quot;,&quot;iso&quot;:&quot;100&quot;,&quot;shutter_speed&quot;:&quot;0.00625&quot;,&quot;title&quot;:&quot;&quot;,&quot;orientation&quot;:&quot;1&quot;}\" data-image-title=\"10 estrella amarilla 1\" data-image-description=\"\" data-medium-file=\"https:\/\/www.hoymercedes.com.ar\/principal\/wp-content\/uploads\/2016\/06\/10-estrella-amarilla-1.jpg\" data-large-file=\"https:\/\/www.hoymercedes.com.ar\/principal\/wp-content\/uploads\/2016\/06\/10-estrella-amarilla-1.jpg\" src=\"https:\/\/i0.wp.com\/www.hoymercedes.com.ar\/principal\/wp-content\/uploads\/2016\/06\/10-estrella-amarilla-1.jpg?w=396&#038;h=396&#038;crop=1&#038;ssl=1\" width=\"396\" height=\"396\" loading=\"lazy\" data-original-width=\"396\" data-original-height=\"396\" itemprop=\"http:\/\/schema.org\/image\" title=\"10 estrella amarilla 1\" alt=\"10 estrella amarilla 1\" style=\"width: 396px; height: 396px;\" \/> <\/a> <\/div> <\/div> <div class=\"gallery-group\" style=\"width: 400px; height: 400px;\" data-original-width=\"400\" data-original-height=\"400\" > <div class=\"tiled-gallery-item \" itemprop=\"associatedMedia\" itemscope itemtype=\"http:\/\/schema.org\/ImageObject\"> <a href=\"https:\/\/i0.wp.com\/www.hoymercedes.com.ar\/principal\/wp-content\/uploads\/2016\/06\/10-estrella-amarilla-8.jpg?ssl=1\" border=\"0\" itemprop=\"url\"> <meta itemprop=\"width\" content=\"396\"> <meta itemprop=\"height\" content=\"396\"> <img decoding=\"async\" class=\"\" data-attachment-id=\"51130\" data-orig-file=\"https:\/\/www.hoymercedes.com.ar\/principal\/wp-content\/uploads\/2016\/06\/10-estrella-amarilla-8.jpg\" data-orig-size=\"448,299\" data-comments-opened=\"1\" data-image-meta=\"{&quot;aperture&quot;:&quot;8&quot;,&quot;credit&quot;:&quot;&quot;,&quot;camera&quot;:&quot;NIKON D3100&quot;,&quot;caption&quot;:&quot;????????????????????????????????????&quot;,&quot;created_timestamp&quot;:&quot;1465562066&quot;,&quot;copyright&quot;:&quot;&quot;,&quot;focal_length&quot;:&quot;55&quot;,&quot;iso&quot;:&quot;100&quot;,&quot;shutter_speed&quot;:&quot;0.004&quot;,&quot;title&quot;:&quot;&quot;,&quot;orientation&quot;:&quot;1&quot;}\" data-image-title=\"10 estrella amarilla 8\" data-image-description=\"\" data-medium-file=\"https:\/\/www.hoymercedes.com.ar\/principal\/wp-content\/uploads\/2016\/06\/10-estrella-amarilla-8.jpg\" data-large-file=\"https:\/\/www.hoymercedes.com.ar\/principal\/wp-content\/uploads\/2016\/06\/10-estrella-amarilla-8.jpg\" src=\"https:\/\/i0.wp.com\/www.hoymercedes.com.ar\/principal\/wp-content\/uploads\/2016\/06\/10-estrella-amarilla-8.jpg?w=396&#038;h=396&#038;crop=1&#038;ssl=1\" width=\"396\" height=\"396\" loading=\"lazy\" data-original-width=\"396\" data-original-height=\"396\" itemprop=\"http:\/\/schema.org\/image\" title=\"10 estrella amarilla 8\" alt=\"10 estrella amarilla 8\" style=\"width: 396px; height: 396px;\" \/> <\/a> <\/div> <\/div> <\/div> <div class=\"gallery-row\" style=\"width: 1200px; height: 400px;\" data-original-width=\"1200\" data-original-height=\"400\" > <div class=\"gallery-group\" style=\"width: 400px; height: 400px;\" data-original-width=\"400\" data-original-height=\"400\" > <div class=\"tiled-gallery-item \" itemprop=\"associatedMedia\" itemscope itemtype=\"http:\/\/schema.org\/ImageObject\"> <a href=\"https:\/\/i0.wp.com\/www.hoymercedes.com.ar\/principal\/wp-content\/uploads\/2016\/06\/10-estrella-amarilla-5.jpg?ssl=1\" border=\"0\" itemprop=\"url\"> <meta itemprop=\"width\" content=\"396\"> <meta itemprop=\"height\" content=\"396\"> <img decoding=\"async\" class=\"\" data-attachment-id=\"51127\" data-orig-file=\"https:\/\/www.hoymercedes.com.ar\/principal\/wp-content\/uploads\/2016\/06\/10-estrella-amarilla-5.jpg\" data-orig-size=\"448,299\" data-comments-opened=\"1\" data-image-meta=\"{&quot;aperture&quot;:&quot;8&quot;,&quot;credit&quot;:&quot;&quot;,&quot;camera&quot;:&quot;NIKON D3100&quot;,&quot;caption&quot;:&quot;????????????????????????????????????&quot;,&quot;created_timestamp&quot;:&quot;1465562629&quot;,&quot;copyright&quot;:&quot;&quot;,&quot;focal_length&quot;:&quot;34&quot;,&quot;iso&quot;:&quot;100&quot;,&quot;shutter_speed&quot;:&quot;0.004&quot;,&quot;title&quot;:&quot;&quot;,&quot;orientation&quot;:&quot;1&quot;}\" data-image-title=\"10 estrella amarilla 5\" data-image-description=\"\" data-medium-file=\"https:\/\/www.hoymercedes.com.ar\/principal\/wp-content\/uploads\/2016\/06\/10-estrella-amarilla-5.jpg\" data-large-file=\"https:\/\/www.hoymercedes.com.ar\/principal\/wp-content\/uploads\/2016\/06\/10-estrella-amarilla-5.jpg\" src=\"https:\/\/i0.wp.com\/www.hoymercedes.com.ar\/principal\/wp-content\/uploads\/2016\/06\/10-estrella-amarilla-5.jpg?w=396&#038;h=396&#038;crop=1&#038;ssl=1\" width=\"396\" height=\"396\" loading=\"lazy\" data-original-width=\"396\" data-original-height=\"396\" itemprop=\"http:\/\/schema.org\/image\" title=\"10 estrella amarilla 5\" alt=\"10 estrella amarilla 5\" style=\"width: 396px; height: 396px;\" \/> <\/a> <\/div> <\/div> <div class=\"gallery-group\" style=\"width: 400px; height: 400px;\" data-original-width=\"400\" data-original-height=\"400\" > <div class=\"tiled-gallery-item \" itemprop=\"associatedMedia\" itemscope itemtype=\"http:\/\/schema.org\/ImageObject\"> <a href=\"https:\/\/i0.wp.com\/www.hoymercedes.com.ar\/principal\/wp-content\/uploads\/2016\/06\/10-estrella-amarilla-6.jpg?ssl=1\" border=\"0\" itemprop=\"url\"> <meta itemprop=\"width\" content=\"396\"> <meta itemprop=\"height\" content=\"396\"> <img decoding=\"async\" class=\"\" data-attachment-id=\"51128\" data-orig-file=\"https:\/\/www.hoymercedes.com.ar\/principal\/wp-content\/uploads\/2016\/06\/10-estrella-amarilla-6.jpg\" data-orig-size=\"448,299\" data-comments-opened=\"1\" data-image-meta=\"{&quot;aperture&quot;:&quot;7.1&quot;,&quot;credit&quot;:&quot;&quot;,&quot;camera&quot;:&quot;NIKON D3100&quot;,&quot;caption&quot;:&quot;????????????????????????????????????&quot;,&quot;created_timestamp&quot;:&quot;1465562480&quot;,&quot;copyright&quot;:&quot;&quot;,&quot;focal_length&quot;:&quot;22&quot;,&quot;iso&quot;:&quot;100&quot;,&quot;shutter_speed&quot;:&quot;0.005&quot;,&quot;title&quot;:&quot;&quot;,&quot;orientation&quot;:&quot;1&quot;}\" data-image-title=\"10 estrella amarilla 6\" data-image-description=\"\" data-medium-file=\"https:\/\/www.hoymercedes.com.ar\/principal\/wp-content\/uploads\/2016\/06\/10-estrella-amarilla-6.jpg\" data-large-file=\"https:\/\/www.hoymercedes.com.ar\/principal\/wp-content\/uploads\/2016\/06\/10-estrella-amarilla-6.jpg\" src=\"https:\/\/i0.wp.com\/www.hoymercedes.com.ar\/principal\/wp-content\/uploads\/2016\/06\/10-estrella-amarilla-6.jpg?w=396&#038;h=396&#038;crop=1&#038;ssl=1\" width=\"396\" height=\"396\" loading=\"lazy\" data-original-width=\"396\" data-original-height=\"396\" itemprop=\"http:\/\/schema.org\/image\" title=\"10 estrella amarilla 6\" alt=\"10 estrella amarilla 6\" style=\"width: 396px; height: 396px;\" \/> <\/a> <\/div> <\/div> <div class=\"gallery-group\" style=\"width: 400px; height: 400px;\" data-original-width=\"400\" data-original-height=\"400\" > <div class=\"tiled-gallery-item \" itemprop=\"associatedMedia\" itemscope itemtype=\"http:\/\/schema.org\/ImageObject\"> <a href=\"https:\/\/i0.wp.com\/www.hoymercedes.com.ar\/principal\/wp-content\/uploads\/2016\/06\/10-estrella-amarilla-7.jpg?ssl=1\" border=\"0\" itemprop=\"url\"> <meta itemprop=\"width\" content=\"396\"> <meta itemprop=\"height\" content=\"396\"> <img decoding=\"async\" class=\"\" data-attachment-id=\"51129\" data-orig-file=\"https:\/\/www.hoymercedes.com.ar\/principal\/wp-content\/uploads\/2016\/06\/10-estrella-amarilla-7.jpg\" data-orig-size=\"448,299\" data-comments-opened=\"1\" data-image-meta=\"{&quot;aperture&quot;:&quot;7.1&quot;,&quot;credit&quot;:&quot;&quot;,&quot;camera&quot;:&quot;NIKON D3100&quot;,&quot;caption&quot;:&quot;????????????????????????????????????&quot;,&quot;created_timestamp&quot;:&quot;1465562372&quot;,&quot;copyright&quot;:&quot;&quot;,&quot;focal_length&quot;:&quot;23&quot;,&quot;iso&quot;:&quot;100&quot;,&quot;shutter_speed&quot;:&quot;0.004&quot;,&quot;title&quot;:&quot;&quot;,&quot;orientation&quot;:&quot;1&quot;}\" data-image-title=\"10 estrella amarilla 7\" data-image-description=\"\" data-medium-file=\"https:\/\/www.hoymercedes.com.ar\/principal\/wp-content\/uploads\/2016\/06\/10-estrella-amarilla-7.jpg\" data-large-file=\"https:\/\/www.hoymercedes.com.ar\/principal\/wp-content\/uploads\/2016\/06\/10-estrella-amarilla-7.jpg\" src=\"https:\/\/i0.wp.com\/www.hoymercedes.com.ar\/principal\/wp-content\/uploads\/2016\/06\/10-estrella-amarilla-7.jpg?w=396&#038;h=396&#038;crop=1&#038;ssl=1\" width=\"396\" height=\"396\" loading=\"lazy\" data-original-width=\"396\" data-original-height=\"396\" itemprop=\"http:\/\/schema.org\/image\" title=\"10 estrella amarilla 7\" alt=\"10 estrella amarilla 7\" style=\"width: 396px; height: 396px;\" \/> <\/a> <\/div> <\/div> <\/div> <div class=\"gallery-row\" style=\"width: 1200px; height: 400px;\" data-original-width=\"1200\" data-original-height=\"400\" > <div class=\"gallery-group\" style=\"width: 400px; height: 400px;\" data-original-width=\"400\" data-original-height=\"400\" > <div class=\"tiled-gallery-item \" itemprop=\"associatedMedia\" itemscope itemtype=\"http:\/\/schema.org\/ImageObject\"> <a href=\"https:\/\/i0.wp.com\/www.hoymercedes.com.ar\/principal\/wp-content\/uploads\/2016\/06\/10-estrella-amarilla-4.jpg?ssl=1\" border=\"0\" itemprop=\"url\"> <meta itemprop=\"width\" content=\"396\"> <meta itemprop=\"height\" content=\"396\"> <img decoding=\"async\" class=\"\" data-attachment-id=\"51126\" data-orig-file=\"https:\/\/www.hoymercedes.com.ar\/principal\/wp-content\/uploads\/2016\/06\/10-estrella-amarilla-4.jpg\" data-orig-size=\"448,299\" data-comments-opened=\"1\" data-image-meta=\"{&quot;aperture&quot;:&quot;8&quot;,&quot;credit&quot;:&quot;&quot;,&quot;camera&quot;:&quot;NIKON D3100&quot;,&quot;caption&quot;:&quot;????????????????????????????????????&quot;,&quot;created_timestamp&quot;:&quot;1465562932&quot;,&quot;copyright&quot;:&quot;&quot;,&quot;focal_length&quot;:&quot;18&quot;,&quot;iso&quot;:&quot;100&quot;,&quot;shutter_speed&quot;:&quot;0.004&quot;,&quot;title&quot;:&quot;&quot;,&quot;orientation&quot;:&quot;1&quot;}\" data-image-title=\"10 estrella amarilla 4\" data-image-description=\"\" data-medium-file=\"https:\/\/www.hoymercedes.com.ar\/principal\/wp-content\/uploads\/2016\/06\/10-estrella-amarilla-4.jpg\" data-large-file=\"https:\/\/www.hoymercedes.com.ar\/principal\/wp-content\/uploads\/2016\/06\/10-estrella-amarilla-4.jpg\" src=\"https:\/\/i0.wp.com\/www.hoymercedes.com.ar\/principal\/wp-content\/uploads\/2016\/06\/10-estrella-amarilla-4.jpg?w=396&#038;h=396&#038;crop=1&#038;ssl=1\" width=\"396\" height=\"396\" loading=\"lazy\" data-original-width=\"396\" data-original-height=\"396\" itemprop=\"http:\/\/schema.org\/image\" title=\"10 estrella amarilla 4\" alt=\"10 estrella amarilla 4\" style=\"width: 396px; height: 396px;\" \/> <\/a> <\/div> <\/div> <div class=\"gallery-group\" style=\"width: 400px; height: 400px;\" data-original-width=\"400\" data-original-height=\"400\" > <div class=\"tiled-gallery-item \" itemprop=\"associatedMedia\" itemscope itemtype=\"http:\/\/schema.org\/ImageObject\"> <a href=\"https:\/\/i0.wp.com\/www.hoymercedes.com.ar\/principal\/wp-content\/uploads\/2016\/06\/10-estrella-amarilla-10.jpg?ssl=1\" border=\"0\" itemprop=\"url\"> <meta itemprop=\"width\" content=\"396\"> <meta itemprop=\"height\" content=\"396\"> <img decoding=\"async\" class=\"\" data-attachment-id=\"51132\" data-orig-file=\"https:\/\/www.hoymercedes.com.ar\/principal\/wp-content\/uploads\/2016\/06\/10-estrella-amarilla-10.jpg\" data-orig-size=\"448,299\" data-comments-opened=\"1\" data-image-meta=\"{&quot;aperture&quot;:&quot;7.1&quot;,&quot;credit&quot;:&quot;&quot;,&quot;camera&quot;:&quot;NIKON D3100&quot;,&quot;caption&quot;:&quot;????????????????????????????????????&quot;,&quot;created_timestamp&quot;:&quot;1465561782&quot;,&quot;copyright&quot;:&quot;&quot;,&quot;focal_length&quot;:&quot;42&quot;,&quot;iso&quot;:&quot;100&quot;,&quot;shutter_speed&quot;:&quot;0.005&quot;,&quot;title&quot;:&quot;&quot;,&quot;orientation&quot;:&quot;1&quot;}\" data-image-title=\"10 estrella amarilla 10\" data-image-description=\"\" data-medium-file=\"https:\/\/www.hoymercedes.com.ar\/principal\/wp-content\/uploads\/2016\/06\/10-estrella-amarilla-10.jpg\" data-large-file=\"https:\/\/www.hoymercedes.com.ar\/principal\/wp-content\/uploads\/2016\/06\/10-estrella-amarilla-10.jpg\" src=\"https:\/\/i0.wp.com\/www.hoymercedes.com.ar\/principal\/wp-content\/uploads\/2016\/06\/10-estrella-amarilla-10.jpg?w=396&#038;h=396&#038;crop=1&#038;ssl=1\" width=\"396\" height=\"396\" loading=\"lazy\" data-original-width=\"396\" data-original-height=\"396\" itemprop=\"http:\/\/schema.org\/image\" title=\"10 estrella amarilla 10\" alt=\"10 estrella amarilla 10\" style=\"width: 396px; height: 396px;\" \/> <\/a> <\/div> <\/div> <div class=\"gallery-group\" style=\"width: 400px; height: 400px;\" data-original-width=\"400\" data-original-height=\"400\" > <div class=\"tiled-gallery-item \" itemprop=\"associatedMedia\" itemscope itemtype=\"http:\/\/schema.org\/ImageObject\"> <a href=\"https:\/\/i0.wp.com\/www.hoymercedes.com.ar\/principal\/wp-content\/uploads\/2016\/06\/10-estrella-amarilla-3.jpg?ssl=1\" border=\"0\" itemprop=\"url\"> <meta itemprop=\"width\" content=\"396\"> <meta itemprop=\"height\" content=\"396\"> <img decoding=\"async\" class=\"\" data-attachment-id=\"51125\" data-orig-file=\"https:\/\/www.hoymercedes.com.ar\/principal\/wp-content\/uploads\/2016\/06\/10-estrella-amarilla-3.jpg\" data-orig-size=\"448,299\" data-comments-opened=\"1\" data-image-meta=\"{&quot;aperture&quot;:&quot;7.1&quot;,&quot;credit&quot;:&quot;&quot;,&quot;camera&quot;:&quot;NIKON D3100&quot;,&quot;caption&quot;:&quot;????????????????????????????????????&quot;,&quot;created_timestamp&quot;:&quot;1465562976&quot;,&quot;copyright&quot;:&quot;&quot;,&quot;focal_length&quot;:&quot;31&quot;,&quot;iso&quot;:&quot;100&quot;,&quot;shutter_speed&quot;:&quot;0.005&quot;,&quot;title&quot;:&quot;&quot;,&quot;orientation&quot;:&quot;1&quot;}\" data-image-title=\"10 estrella amarilla 3\" data-image-description=\"\" data-medium-file=\"https:\/\/www.hoymercedes.com.ar\/principal\/wp-content\/uploads\/2016\/06\/10-estrella-amarilla-3.jpg\" data-large-file=\"https:\/\/www.hoymercedes.com.ar\/principal\/wp-content\/uploads\/2016\/06\/10-estrella-amarilla-3.jpg\" src=\"https:\/\/i0.wp.com\/www.hoymercedes.com.ar\/principal\/wp-content\/uploads\/2016\/06\/10-estrella-amarilla-3.jpg?w=396&#038;h=396&#038;crop=1&#038;ssl=1\" width=\"396\" height=\"396\" loading=\"lazy\" data-original-width=\"396\" data-original-height=\"396\" itemprop=\"http:\/\/schema.org\/image\" title=\"10 estrella amarilla 3\" alt=\"10 estrella amarilla 3\" style=\"width: 396px; height: 396px;\" \/> <\/a> <\/div> <\/div> <\/div> <\/div>\n<p>Ana Torres, la mam\u00e1 de Brian Z\u00e1rate, tom\u00f3 la palabra en nombre de la familia. Agradeci\u00f3 a los presentes y destac\u00f3 la importancia del acto.<\/p>\n<p>\u201cHace un a\u00f1o, esta noticia fue la peor de nuestras vidas. Siempre supimos que Brian estaba ac\u00e1 con nosotros. \u00c9l era un luchador constante. Quisimos transformar este dolor que sentimos y nos unimos a sumar voluntades para tomar conciencia y que no haya m\u00e1s violencia vial. Sab\u00edamos que en muchos lugares se agrupan familiares y pap\u00e1s que pasan por lo mismo.\u00bb<\/p>\n<p>\u00abEste es un homenaje a Brian para que no quede en el olvido. Que esto no sea solamente una estrella para Brian, sino para todo aquel familiar que la solicite y que todos tomen conciencia que donde hay una estrella hay una muerte\u201d, destac\u00f3 Ana para luego recordar los pasos que dio para lograr que se pinte la primera estrella amarilla en Mercedes, enmarcada en un proyecto que estar\u00e1 aprob\u00e1ndose formalmente este lunes en la sesi\u00f3n del Concejo Deliberante, aunque ya fue declarado de inter\u00e9s municipal.<\/p>\n","protected":false},"excerpt":{"rendered":"<p>En la intersecci\u00f3n de 22 bis y 117, se pint\u00f3 una estrella de color amarilla, a la memoria del joven &#8230; <a title=\"Una Estrella Amarilla para Brian Z\u00e1rate\" class=\"read-more\" href=\"https:\/\/www.hoymercedes.com.ar\/principal\/2016\/06\/10\/una-estrella-amarilla-para-brian-zarate\/\" aria-label=\"Leer m\u00e1s sobre Una Estrella Amarilla para Brian Z\u00e1rate\">Leer m\u00e1s<\/a><\/p>\n","protected":false},"author":1,"featured_media":51124,"comment_status":"open","ping_status":"open","sticky":false,"template":"","format":"standard","meta":{"_monsterinsights_skip_tracking":false,"_monsterinsights_sitenote_active":false,"_monsterinsights_sitenote_note":"","_monsterinsights_sitenote_category":0,"jetpack_post_was_ever_published":false,"_jetpack_newsletter_access":"","_jetpack_dont_email_post_to_subs":false,"_jetpack_newsletter_tier_id":0,"_jetpack_memberships_contains_paywalled_content":false,"_jetpack_memberships_contains_paid_content":false,"footnotes":"","jetpack_publicize_message":"","jetpack_publicize_feature_enabled":true,"jetpack_social_post_already_shared":true,"jetpack_social_options":{"image_generator_settings":{"template":"highway","default_image_id":0,"font":"","enabled":false},"version":2},"_wpas_customize_per_network":false},"categories":[8],"tags":[9452,9451,626,9453,7802],"class_list":["post-51140","post","type-post","status-publish","format-standard","has-post-thumbnail","hentry","category-sociedad","tag-brian-zarate","tag-estrellas-amarillas","tag-seguridad-vial","tag-siniestros-viales","tag-sociedad","generate-columns","tablet-grid-50","mobile-grid-100","grid-parent","grid-50"],"jetpack_publicize_connections":[],"jetpack_featured_media_url":"https:\/\/www.hoymercedes.com.ar\/principal\/wp-content\/uploads\/2016\/06\/10-estrella-amarilla-2.jpg","wps_subtitle":"#NoM\u00e1sViolenciaVial","jetpack_sharing_enabled":true,"_links":{"self":[{"href":"https:\/\/www.hoymercedes.com.ar\/principal\/wp-json\/wp\/v2\/posts\/51140","targetHints":{"allow":["GET"]}}],"collection":[{"href":"https:\/\/www.hoymercedes.com.ar\/principal\/wp-json\/wp\/v2\/posts"}],"about":[{"href":"https:\/\/www.hoymercedes.com.ar\/principal\/wp-json\/wp\/v2\/types\/post"}],"author":[{"embeddable":true,"href":"https:\/\/www.hoymercedes.com.ar\/principal\/wp-json\/wp\/v2\/users\/1"}],"replies":[{"embeddable":true,"href":"https:\/\/www.hoymercedes.com.ar\/principal\/wp-json\/wp\/v2\/comments?post=51140"}],"version-history":[{"count":0,"href":"https:\/\/www.hoymercedes.com.ar\/principal\/wp-json\/wp\/v2\/posts\/51140\/revisions"}],"wp:featuredmedia":[{"embeddable":true,"href":"https:\/\/www.hoymercedes.com.ar\/principal\/wp-json\/wp\/v2\/media\/51124"}],"wp:attachment":[{"href":"https:\/\/www.hoymercedes.com.ar\/principal\/wp-json\/wp\/v2\/media?parent=51140"}],"wp:term":[{"taxonomy":"category","embeddable":true,"href":"https:\/\/www.hoymercedes.com.ar\/principal\/wp-json\/wp\/v2\/categories?post=51140"},{"taxonomy":"post_tag","embeddable":true,"href":"https:\/\/www.hoymercedes.com.ar\/principal\/wp-json\/wp\/v2\/tags?post=51140"}],"curies":[{"name":"wp","href":"https:\/\/api.w.org\/{rel}","templated":true}]}}