{"id":51158,"date":"2016-06-11T11:45:15","date_gmt":"2016-06-11T14:45:15","guid":{"rendered":"http:\/\/www.hoymercedes.com.ar\/principal\/?p=51158"},"modified":"2016-06-11T10:53:42","modified_gmt":"2016-06-11T13:53:42","slug":"la-federacion-argentina-de-colegio-de-abogados-realizo-su-ii-junta-de-gobierno","status":"publish","type":"post","link":"https:\/\/www.hoymercedes.com.ar\/principal\/2016\/06\/11\/la-federacion-argentina-de-colegio-de-abogados-realizo-su-ii-junta-de-gobierno\/","title":{"rendered":"La Federaci\u00f3n Argentina de Colegio de Abogados realiz\u00f3 su II Junta de Gobierno"},"content":{"rendered":"<p><em><strong>En el marco del centenario del Colegio de Abogados local, realizaron este encuentro nacional\u00a0 por primera en la ciudad. La reforma del Consejo de la Magistratura de la Naci\u00f3n y el proyecto para que la matr\u00edcula federal sea otorgada por los Colegios de Abogados del pa\u00eds, fueron algunos de los puntos trabajados.<\/strong><\/em><\/p>\n<p><img loading=\"lazy\" decoding=\"async\" data-attachment-id=\"51133\" data-permalink=\"https:\/\/www.hoymercedes.com.ar\/principal\/2016\/06\/11\/stefania-pisani-viajo-al-mundial-de-corea\/10-abogados\/#main\" data-orig-file=\"https:\/\/www.hoymercedes.com.ar\/principal\/wp-content\/uploads\/2016\/06\/10-abogados.jpg\" data-orig-size=\"448,299\" data-comments-opened=\"1\" data-image-meta=\"{&quot;aperture&quot;:&quot;4.5&quot;,&quot;credit&quot;:&quot;&quot;,&quot;camera&quot;:&quot;NIKON D3100&quot;,&quot;caption&quot;:&quot;????????????????????????????????????&quot;,&quot;created_timestamp&quot;:&quot;1465555627&quot;,&quot;copyright&quot;:&quot;&quot;,&quot;focal_length&quot;:&quot;32&quot;,&quot;iso&quot;:&quot;400&quot;,&quot;shutter_speed&quot;:&quot;0.0125&quot;,&quot;title&quot;:&quot;&quot;,&quot;orientation&quot;:&quot;1&quot;}\" data-image-title=\"10 abogados\" data-image-description=\"\" data-image-caption=\"\" data-large-file=\"https:\/\/www.hoymercedes.com.ar\/principal\/wp-content\/uploads\/2016\/06\/10-abogados.jpg\" class=\"aligncenter size-full wp-image-51133\" src=\"https:\/\/www.hoymercedes.com.ar\/principal\/wp-content\/uploads\/2016\/06\/10-abogados.jpg\" alt=\"10 abogados\" width=\"448\" height=\"299\" srcset=\"https:\/\/www.hoymercedes.com.ar\/principal\/wp-content\/uploads\/2016\/06\/10-abogados.jpg 448w, https:\/\/www.hoymercedes.com.ar\/principal\/wp-content\/uploads\/2016\/06\/10-abogados-150x100.jpg 150w, https:\/\/www.hoymercedes.com.ar\/principal\/wp-content\/uploads\/2016\/06\/10-abogados-300x200.jpg 300w\" sizes=\"auto, (max-width: 448px) 100vw, 448px\" \/><\/p>\n<p>Presidentes y Delegados de los Colegios de Abogados de todo el pa\u00eds se hicieron\u00a0 presentes durante los d\u00edas 9 y 10 de junio en la sede del Colegio de Abogados del Departamento Judicial Mercedes con el objetivo de llevar adelante la segunda Junta de Gobierno de la Federaci\u00f3n Argentina de Colegios de Abogados (FACA).<\/p>\n<p>Mientras el jueves \u00faltimo, la Mesa Directiva desarroll\u00f3 su reuni\u00f3n en la Sala del Consejo Directivo del Colegio local, con un extenso orden del d\u00eda que comprendi\u00f3 amplias y disimiles problem\u00e1ticas que se presentan en los distintos sistemas judiciales de todo el pa\u00eds, el viernes se desarroll\u00f3 la reuni\u00f3n de la Segunda Junta de Gobierno, con la presencia de m\u00e1s de 70 abogados de todo el pa\u00eds, principalmente Presidentes de Colegios y Delegados de todas las provincias argentina.<\/p>\n<p>Minutos antes de comenzar con la jornada del d\u00eda viernes, el presidente del Colegio de Abogados de Mercedes, y ahora tambi\u00e9n del de la Provincia de Buenos Aires, Dr. Mateo Laborde, y el Presidente de FACA, Dr. Eduardo Massot, dialogaron con los medios locales con el fin de dar detalles sobre el evento que se estaba desarrollando.<\/p>\n<p>\u201cEs un halago que venga la Federaci\u00f3n a pocos d\u00edas de festejar el centenario del Colegio. Es un orgullo formar parte de ella como uno de los Colegios fundadores\u201d, destac\u00f3 el Dr. Laborda a la hora de presentar al titular de la Federaci\u00f3n de Colegios de Abogados, el Dr. Massot que por su parte, agradeci\u00f3 y resalt\u00f3 que era la primera vez que se celebraba una junta de gobierno en Mercedes.<\/p>\n<p>\u201cLa Federaci\u00f3n nuclea a 82 Colegios de todo el pa\u00eds. Es una instituci\u00f3n que brega por el mejoramiento del servicio de justicia y por nuestra profesi\u00f3n desde el a\u00f1o 1921. Estar en la provincia de Buenos Aires, luego de lo sucedido en el Poder Judicial y los paros que han tenido, es muy importante porque estamos respaldando el accionar de los Colegios con las presentaciones que han realizado\u201d, resalt\u00f3 el Dr. Massot.<\/p>\n<p>A su vez, el titular de la FACA resalt\u00f3 que hubo un orden del d\u00eda para la sesi\u00f3n, tanto de la Mesa Directiva, como de la Junta de Gobierno, diferentes puntos vinculados al servicio de Justicia. \u201cUno de los puntos centrales fue la reforma del Consejo de la Magistratura de la Naci\u00f3n que para nosotros es un tema central y de agenda permanente. Otro es un objetivo que tiene la Federaci\u00f3n desde hace much\u00edsimos a\u00f1os que es la matr\u00edcula federal, para que sea otorgada por los Colegios del pa\u00eds y no por la Corte Suprema a trav\u00e9s de las C\u00e1maras Federales distribuidas a lo largo y ancho del pa\u00eds. Tambi\u00e9n tratamos un tema que se refiere a la declaraci\u00f3n de inter\u00e9s p\u00fablico de la carrera de abogac\u00eda, a trav\u00e9s de una resoluci\u00f3n del Ministerio de Educaci\u00f3n. Esto tiene directa incidencia en las incumbencias profesionales nuestras\u201d, agreg\u00f3 el Presidente de la FACA.<\/p>\n<p>Asimismo, el Dr. Massot hizo referencia al cambio de gobierno nacional a partir de la pregunta de uno de los medios presentes. \u201cHemos notado un cambio favorable. Lo hemos planteado antes de que se presente la pol\u00edtica judicial a trav\u00e9s de su Plan de Justicia 2020. Dec\u00edamos que era una oportunidad de di\u00e1logo y de renovar tambi\u00e9n los interlocutores. Vimos con benepl\u00e1cito esto porque la participaci\u00f3n que se nos ha dado en el Plan de Justicia 2020, algo as\u00ed como una plataforma pol\u00edtica del Ministerio de Justicia es relevante, es importante, participamos del Consejo Consultivo del Plan de Justicia 2020 a trav\u00e9s de la Federaci\u00f3n, y a trav\u00e9s de todos los Colegios. La Abogac\u00eda fue escuchada y podemos debatir con los distintos estamentos que hacen al quehacer judicial en temas que son centrales para la profesi\u00f3n pero tambi\u00e9n para el servicio de Justicia\u201d, resalt\u00f3 el Dr. Massot.<\/p>\n<p>&nbsp;<\/p>\n","protected":false},"excerpt":{"rendered":"<p>En el marco del centenario del Colegio de Abogados local, realizaron este encuentro nacional\u00a0 por primera en la ciudad. La &#8230; <a title=\"La Federaci\u00f3n Argentina de Colegio de Abogados realiz\u00f3 su II Junta de Gobierno\" class=\"read-more\" href=\"https:\/\/www.hoymercedes.com.ar\/principal\/2016\/06\/11\/la-federacion-argentina-de-colegio-de-abogados-realizo-su-ii-junta-de-gobierno\/\" aria-label=\"Leer m\u00e1s sobre La Federaci\u00f3n Argentina de Colegio de Abogados realiz\u00f3 su II Junta de Gobierno\">Leer m\u00e1s<\/a><\/p>\n","protected":false},"author":1,"featured_media":51133,"comment_status":"open","ping_status":"open","sticky":false,"template":"","format":"standard","meta":{"_monsterinsights_skip_tracking":false,"_monsterinsights_sitenote_active":false,"_monsterinsights_sitenote_note":"","_monsterinsights_sitenote_category":0,"jetpack_post_was_ever_published":false,"_jetpack_newsletter_access":"","_jetpack_dont_email_post_to_subs":false,"_jetpack_newsletter_tier_id":0,"_jetpack_memberships_contains_paywalled_content":false,"_jetpack_memberships_contains_paid_content":false,"footnotes":"","jetpack_publicize_message":"","jetpack_publicize_feature_enabled":true,"jetpack_social_post_already_shared":true,"jetpack_social_options":{"image_generator_settings":{"template":"highway","default_image_id":0,"font":"","enabled":false},"version":2},"_wpas_customize_per_network":false},"categories":[8],"tags":[928,9456,9457],"class_list":["post-51158","post","type-post","status-publish","format-standard","has-post-thumbnail","hentry","category-sociedad","tag-colegio-de-abogados","tag-faca","tag-reunion-nacional","generate-columns","tablet-grid-50","mobile-grid-100","grid-parent","grid-50"],"jetpack_publicize_connections":[],"jetpack_featured_media_url":"https:\/\/www.hoymercedes.com.ar\/principal\/wp-content\/uploads\/2016\/06\/10-abogados.jpg","wps_subtitle":"En la ciudad de Mercedes","jetpack_sharing_enabled":true,"_links":{"self":[{"href":"https:\/\/www.hoymercedes.com.ar\/principal\/wp-json\/wp\/v2\/posts\/51158","targetHints":{"allow":["GET"]}}],"collection":[{"href":"https:\/\/www.hoymercedes.com.ar\/principal\/wp-json\/wp\/v2\/posts"}],"about":[{"href":"https:\/\/www.hoymercedes.com.ar\/principal\/wp-json\/wp\/v2\/types\/post"}],"author":[{"embeddable":true,"href":"https:\/\/www.hoymercedes.com.ar\/principal\/wp-json\/wp\/v2\/users\/1"}],"replies":[{"embeddable":true,"href":"https:\/\/www.hoymercedes.com.ar\/principal\/wp-json\/wp\/v2\/comments?post=51158"}],"version-history":[{"count":0,"href":"https:\/\/www.hoymercedes.com.ar\/principal\/wp-json\/wp\/v2\/posts\/51158\/revisions"}],"wp:featuredmedia":[{"embeddable":true,"href":"https:\/\/www.hoymercedes.com.ar\/principal\/wp-json\/wp\/v2\/media\/51133"}],"wp:attachment":[{"href":"https:\/\/www.hoymercedes.com.ar\/principal\/wp-json\/wp\/v2\/media?parent=51158"}],"wp:term":[{"taxonomy":"category","embeddable":true,"href":"https:\/\/www.hoymercedes.com.ar\/principal\/wp-json\/wp\/v2\/categories?post=51158"},{"taxonomy":"post_tag","embeddable":true,"href":"https:\/\/www.hoymercedes.com.ar\/principal\/wp-json\/wp\/v2\/tags?post=51158"}],"curies":[{"name":"wp","href":"https:\/\/api.w.org\/{rel}","templated":true}]}}