{"id":51175,"date":"2016-06-11T18:06:13","date_gmt":"2016-06-11T21:06:13","guid":{"rendered":"http:\/\/www.hoymercedes.com.ar\/principal\/?p=51175"},"modified":"2016-06-11T18:06:13","modified_gmt":"2016-06-11T21:06:13","slug":"los-alumnos-del-cef-no-40-visitan-el-aeroclub-mercedes","status":"publish","type":"post","link":"https:\/\/www.hoymercedes.com.ar\/principal\/2016\/06\/11\/los-alumnos-del-cef-no-40-visitan-el-aeroclub-mercedes\/","title":{"rendered":"Los alumnos del CEF N\u00ba 40 visitan el Aeroclub Mercedes"},"content":{"rendered":"<p><strong><em>M\u00e1s de 120 ni\u00f1os vienen disfrutando del Proyecto \u201cUna Forma de vida\u201d que desde el CEF N\u00ba 40 se viene desarrollando en forma articulada con el Aeroclub Mercedes.<\/em><\/strong><\/p>\n<p><img loading=\"lazy\" decoding=\"async\" data-attachment-id=\"51176\" data-permalink=\"https:\/\/www.hoymercedes.com.ar\/principal\/2016\/06\/11\/los-alumnos-del-cef-no-40-visitan-el-aeroclub-mercedes\/11-experiencia-aeroclub-cef\/#main\" data-orig-file=\"https:\/\/www.hoymercedes.com.ar\/principal\/wp-content\/uploads\/2016\/06\/11-Experiencia-Aeroclub-CEF.jpg\" data-orig-size=\"448,253\" data-comments-opened=\"1\" data-image-meta=\"{&quot;aperture&quot;:&quot;0&quot;,&quot;credit&quot;:&quot;&quot;,&quot;camera&quot;:&quot;&quot;,&quot;caption&quot;:&quot;&quot;,&quot;created_timestamp&quot;:&quot;0&quot;,&quot;copyright&quot;:&quot;&quot;,&quot;focal_length&quot;:&quot;0&quot;,&quot;iso&quot;:&quot;0&quot;,&quot;shutter_speed&quot;:&quot;0&quot;,&quot;title&quot;:&quot;&quot;,&quot;orientation&quot;:&quot;0&quot;}\" data-image-title=\"11 Experiencia Aeroclub CEF\" data-image-description=\"\" data-image-caption=\"\" data-large-file=\"https:\/\/www.hoymercedes.com.ar\/principal\/wp-content\/uploads\/2016\/06\/11-Experiencia-Aeroclub-CEF.jpg\" class=\"aligncenter size-full wp-image-51176\" src=\"https:\/\/www.hoymercedes.com.ar\/principal\/wp-content\/uploads\/2016\/06\/11-Experiencia-Aeroclub-CEF.jpg\" alt=\"11 Experiencia Aeroclub CEF\" width=\"448\" height=\"253\" srcset=\"https:\/\/www.hoymercedes.com.ar\/principal\/wp-content\/uploads\/2016\/06\/11-Experiencia-Aeroclub-CEF.jpg 448w, https:\/\/www.hoymercedes.com.ar\/principal\/wp-content\/uploads\/2016\/06\/11-Experiencia-Aeroclub-CEF-150x85.jpg 150w\" sizes=\"auto, (max-width: 448px) 100vw, 448px\" \/><\/p>\n<p>La idea del proyecto es que \u00a0diferentes grupos de alumnos del Centro De Educaci\u00f3n F\u00edsica N\u00ba 40 se acerquen a diferentes lugares de nuestra ciudad. Es as\u00ed que d\u00edas atr\u00e1s desde el \u00abpolideportivo\u00bb eligieron visitar el Aeroclub y as\u00ed aprovechar este encuentro como disfrute del contacto con la naturaleza.\u00a0As\u00ed como\u00a0crear conciencia de la necesidad de preservar el medio natural, y conocer,\u00a0 a trav\u00e9s de la experiencia directa, los objetivos del Aeroclub y las caracter\u00edsticas\u00a0 de las aeronaves.<\/p>\n<p>La actividad consisti\u00f3 en realizar caminatas interpretativas de reconocimiento de flora y fauna, juegos ecol\u00f3gicos, juegos de b\u00fasqueda y exploraci\u00f3n en el medio natural y cerrar la tarde con una explicaci\u00f3n did\u00e1ctica del funcionamiento y vuelo de una avioneta a cargo del\u00a0 presidente del Aeroclub Eduardo Voloni, que acerca a los ni\u00f1os el conocimiento de la aeron\u00e1utica y la historia de nuestro Aeroclub.<\/p>\n<p>Desde el CEF N\u00ba 40 agradecieron a las familias que permitieron que los chicos vivan la\u00a0experiencia que coordinaron los profesores\u00a0Renato M\u00f3naco, Carolina Martinelli,\u00a0Juan Melo, Viviana Legarreta y el equipo directivo que encabeza Silvia Panessi.<\/p>\n<p>Este proyecto que tiene cuatro\u00a0meses de vida se desarrollar\u00e1 durante todo el a\u00f1o y se espera al finalizar el mismo que m\u00e1s de 400 ni\u00f1os puedan conocer el Aeroclub y las bondades de ese predio.\u00a0a sobre final del a\u00f1o culminara el mismo con un campamento\u00a0 de dos d\u00edas con los alumnos participantes.<\/p>\n<p>&nbsp;<\/p>\n<p>Fuente: Direcci\u00f3n CEF N\u00ba 40<\/p>\n<p>&nbsp;<\/p>\n<p>&nbsp;<\/p>\n","protected":false},"excerpt":{"rendered":"<p>M\u00e1s de 120 ni\u00f1os vienen disfrutando del Proyecto \u201cUna Forma de vida\u201d que desde el CEF N\u00ba 40 se viene &#8230; <a title=\"Los alumnos del CEF N\u00ba 40 visitan el Aeroclub Mercedes\" class=\"read-more\" href=\"https:\/\/www.hoymercedes.com.ar\/principal\/2016\/06\/11\/los-alumnos-del-cef-no-40-visitan-el-aeroclub-mercedes\/\" aria-label=\"Leer m\u00e1s sobre Los alumnos del CEF N\u00ba 40 visitan el Aeroclub Mercedes\">Leer m\u00e1s<\/a><\/p>\n","protected":false},"author":1,"featured_media":51176,"comment_status":"open","ping_status":"open","sticky":false,"template":"","format":"standard","meta":{"_monsterinsights_skip_tracking":false,"_monsterinsights_sitenote_active":false,"_monsterinsights_sitenote_note":"","_monsterinsights_sitenote_category":0,"jetpack_post_was_ever_published":false,"_jetpack_newsletter_access":"","_jetpack_dont_email_post_to_subs":false,"_jetpack_newsletter_tier_id":0,"_jetpack_memberships_contains_paywalled_content":false,"_jetpack_memberships_contains_paid_content":false,"footnotes":"","jetpack_publicize_message":"","jetpack_publicize_feature_enabled":true,"jetpack_social_post_already_shared":true,"jetpack_social_options":{"image_generator_settings":{"template":"highway","default_image_id":0,"font":"","enabled":false},"version":2},"_wpas_customize_per_network":false},"categories":[5485],"tags":[1492,8915,47],"class_list":["post-51175","post","type-post","status-publish","format-standard","has-post-thumbnail","hentry","category-comunidad","tag-aeroclub","tag-cef-no-40","tag-educacion-2","generate-columns","tablet-grid-50","mobile-grid-100","grid-parent","grid-50"],"jetpack_publicize_connections":[],"jetpack_featured_media_url":"https:\/\/www.hoymercedes.com.ar\/principal\/wp-content\/uploads\/2016\/06\/11-Experiencia-Aeroclub-CEF.jpg","wps_subtitle":"Proyecto \"Una Forma de Vida\"","jetpack_sharing_enabled":true,"_links":{"self":[{"href":"https:\/\/www.hoymercedes.com.ar\/principal\/wp-json\/wp\/v2\/posts\/51175","targetHints":{"allow":["GET"]}}],"collection":[{"href":"https:\/\/www.hoymercedes.com.ar\/principal\/wp-json\/wp\/v2\/posts"}],"about":[{"href":"https:\/\/www.hoymercedes.com.ar\/principal\/wp-json\/wp\/v2\/types\/post"}],"author":[{"embeddable":true,"href":"https:\/\/www.hoymercedes.com.ar\/principal\/wp-json\/wp\/v2\/users\/1"}],"replies":[{"embeddable":true,"href":"https:\/\/www.hoymercedes.com.ar\/principal\/wp-json\/wp\/v2\/comments?post=51175"}],"version-history":[{"count":0,"href":"https:\/\/www.hoymercedes.com.ar\/principal\/wp-json\/wp\/v2\/posts\/51175\/revisions"}],"wp:featuredmedia":[{"embeddable":true,"href":"https:\/\/www.hoymercedes.com.ar\/principal\/wp-json\/wp\/v2\/media\/51176"}],"wp:attachment":[{"href":"https:\/\/www.hoymercedes.com.ar\/principal\/wp-json\/wp\/v2\/media?parent=51175"}],"wp:term":[{"taxonomy":"category","embeddable":true,"href":"https:\/\/www.hoymercedes.com.ar\/principal\/wp-json\/wp\/v2\/categories?post=51175"},{"taxonomy":"post_tag","embeddable":true,"href":"https:\/\/www.hoymercedes.com.ar\/principal\/wp-json\/wp\/v2\/tags?post=51175"}],"curies":[{"name":"wp","href":"https:\/\/api.w.org\/{rel}","templated":true}]}}