{"id":51216,"date":"2016-06-13T08:36:50","date_gmt":"2016-06-13T11:36:50","guid":{"rendered":"http:\/\/www.hoymercedes.com.ar\/principal\/?p=51216"},"modified":"2016-06-13T09:15:48","modified_gmt":"2016-06-13T12:15:48","slug":"abran-cancha-que-viene-don-quijote-de-la-mancha","status":"publish","type":"post","link":"https:\/\/www.hoymercedes.com.ar\/principal\/2016\/06\/13\/abran-cancha-que-viene-don-quijote-de-la-mancha\/","title":{"rendered":"\u201cAbran cancha que viene don Quijote de la Mancha\u201d"},"content":{"rendered":"<p><img loading=\"lazy\" decoding=\"async\" data-attachment-id=\"51217\" data-permalink=\"https:\/\/www.hoymercedes.com.ar\/principal\/2016\/06\/13\/abran-cancha-que-viene-don-quijote-de-la-mancha\/don-quijote-eenro-1\/#main\" data-orig-file=\"https:\/\/www.hoymercedes.com.ar\/principal\/wp-content\/uploads\/2016\/06\/Don-Quijote-EENro-1.jpg\" data-orig-size=\"600,493\" data-comments-opened=\"1\" data-image-meta=\"{&quot;aperture&quot;:&quot;4.5&quot;,&quot;credit&quot;:&quot;Picasa&quot;,&quot;camera&quot;:&quot;Canon EOS REBEL T5&quot;,&quot;caption&quot;:&quot;&quot;,&quot;created_timestamp&quot;:&quot;1465225815&quot;,&quot;copyright&quot;:&quot;&quot;,&quot;focal_length&quot;:&quot;34&quot;,&quot;iso&quot;:&quot;800&quot;,&quot;shutter_speed&quot;:&quot;0.016666666666667&quot;,&quot;title&quot;:&quot;&quot;,&quot;orientation&quot;:&quot;1&quot;}\" data-image-title=\"Don Quijote EENro 1\" data-image-description=\"\" data-image-caption=\"\" data-large-file=\"https:\/\/www.hoymercedes.com.ar\/principal\/wp-content\/uploads\/2016\/06\/Don-Quijote-EENro-1.jpg\" class=\"aligncenter size-full wp-image-51217\" src=\"https:\/\/www.hoymercedes.com.ar\/principal\/wp-content\/uploads\/2016\/06\/Don-Quijote-EENro-1.jpg\" alt=\"Don Quijote EENro 1\" width=\"600\" height=\"493\" srcset=\"https:\/\/www.hoymercedes.com.ar\/principal\/wp-content\/uploads\/2016\/06\/Don-Quijote-EENro-1.jpg 600w, https:\/\/www.hoymercedes.com.ar\/principal\/wp-content\/uploads\/2016\/06\/Don-Quijote-EENro-1-150x123.jpg 150w\" sizes=\"auto, (max-width: 600px) 100vw, 600px\" \/>Por Oscar Dinova<\/p>\n<p>El 6 de Junio, el p\u00fablico se acercaba intrigado por la vereda de calle 25, rumbo al MAMM, siempre acogedor y reluciente con sus salones plenos de luz y obras de arte. La cita era con la obra de teatro infantil sobre <strong>Abran Cancha que cuenta la vida del hidalgo Don Quijote<\/strong>, a cargo de los alumnos de la <strong>Escuela Municipal de Est\u00e9tica, guiados por la docente-artista Marina Pilia y sus colegas<\/strong>.<\/p>\n<p>Las estatuas que simbolizan a <strong>Don Quijote en sus etapas de vida<\/strong> nos invitan a pasar. Inm\u00f3viles, hablan con su gracia y sus atuendos, la pluma genial est\u00e1 escribiendo alguno de sus textos inmortales, el otro descansa, aquel medita sobre sus tiempos y acechanzas. En su mutismo, nos dicen que nos esperan dentro, que apuremos el paso, que la historia va a empezar\u2026<\/p>\n<p>Las mozas, aquellas que marcaran la vida de <strong>Miguel de Cervantes<\/strong>, nos gu\u00edan hasta el sal\u00f3n, imposible no sonre\u00edr ante esa galante amabilidad. Antes de empezar nos cuentan c\u00f3mo trabaja la Escuela de Est\u00e9tica, el video nos deja impresionados, perd\u00f3n, emocionados. Es que no quedan dudas que la primera herramienta de esta instituci\u00f3n es el coraz\u00f3n, despu\u00e9s las capacidades.<\/p>\n<p>Pero atentos, la obra comienza. Una joven-artista-locutora nos llevar\u00e1, con mano maestra a trav\u00e9s del espect\u00e1culo. Su voz, segura y melodiosa tiene el encanto de una alfombra voladora, sobre la cual los espectadores viajan para mejor ver las aventuras del <strong>Quijote y su fiel amigo, Sancho Panza.<\/strong><\/p>\n<p>All\u00e1 est\u00e1n ellos, los h\u00e9roes, peque\u00f1os gigantes que casi sin palabras, cual fieles aprendices de Carlitos Chaplin deleitan a padres, amigos y peque\u00f1os venidos de otras escuelas. Es un deleite ver cabalgar en busca de sus ideales a Quijote y Sancho, en su elocuencia y gracia hasta Rocinante deja de ser un palo de escoba para ser la cabalgadura de un caballero rom\u00e1ntico y principista. Los molinos de viento no ser\u00e1n escollo para estos dos fieles amigos que buscan obstinadamente sus espacios de libertad.<\/p>\n<p>Su amor, <strong>Dulcinea del Toboso-ni\u00f1a-artista<\/strong>, luego de c\u00f3micas peripecias y desatinos muchos caer\u00e1 rendida a sus pies para sorpresa de su madre, suegra del perseverante Quijote. Todo es una fiesta, en el casamiento, los colores de la vida y los amigos estar\u00e1n presentes para alegrar el momento y prometerse un futuro de bonanza.<\/p>\n<p>El corolario es una peque\u00f1a hada que nos transporta <strong>con su dulce voz a la promesa de \u201cUn sue\u00f1o Imposible\u201d<\/strong>. No podr\u00eda haber un cierre mejor para este estupendo trabajo de cuatro meses de la EE Nro 1. Docentes y alumnos, -apoyados por sus familias- regalaron a la comunidad mercedina cuatro representaciones m\u00e1gicas, plenas de dulzura y calidad art\u00edstica.<\/p>\n<p><strong>Que se repita es el mejor reconocimiento que podemos hacerles. Queremos volver a verlos.<\/strong><\/p>\n<p><strong><u>Escuela de Est\u00e9tica Nro 1.<\/u><\/strong> Directora: Andrea Pereyra, Prof. Expresi\u00f3n. Dram\u00e1tica: Marina Pilia, Prof. Pl\u00e1stica: Jimena Belzunces, Prof. M\u00fasica: Raquel Pereyra y L\u00f2pez Courtade, Prof. Expresi\u00f3n Corporal: Sol L\u00f3pez.<\/p>\n","protected":false},"excerpt":{"rendered":"<p>Por Oscar Dinova El 6 de Junio, el p\u00fablico se acercaba intrigado por la vereda de calle 25, rumbo al &#8230; <a title=\"\u201cAbran cancha que viene don Quijote de la Mancha\u201d\" class=\"read-more\" href=\"https:\/\/www.hoymercedes.com.ar\/principal\/2016\/06\/13\/abran-cancha-que-viene-don-quijote-de-la-mancha\/\" aria-label=\"Leer m\u00e1s sobre \u201cAbran cancha que viene don Quijote de la Mancha\u201d\">Leer m\u00e1s<\/a><\/p>\n","protected":false},"author":1,"featured_media":51217,"comment_status":"open","ping_status":"open","sticky":false,"template":"","format":"standard","meta":{"_monsterinsights_skip_tracking":false,"_monsterinsights_sitenote_active":false,"_monsterinsights_sitenote_note":"","_monsterinsights_sitenote_category":0,"jetpack_post_was_ever_published":false,"_jetpack_newsletter_access":"","_jetpack_dont_email_post_to_subs":false,"_jetpack_newsletter_tier_id":0,"_jetpack_memberships_contains_paywalled_content":false,"_jetpack_memberships_contains_paid_content":false,"footnotes":"","jetpack_publicize_message":"","jetpack_publicize_feature_enabled":true,"jetpack_social_post_already_shared":true,"jetpack_social_options":{"image_generator_settings":{"template":"highway","default_image_id":0,"font":"","enabled":false},"version":2},"_wpas_customize_per_network":false},"categories":[8],"tags":[],"class_list":["post-51216","post","type-post","status-publish","format-standard","has-post-thumbnail","hentry","category-sociedad","generate-columns","tablet-grid-50","mobile-grid-100","grid-parent","grid-50"],"jetpack_publicize_connections":[],"jetpack_featured_media_url":"https:\/\/www.hoymercedes.com.ar\/principal\/wp-content\/uploads\/2016\/06\/Don-Quijote-EENro-1.jpg","wps_subtitle":"Por la Escuela de Est\u00e9tica N\u00ba 1 en el MAMM","jetpack_sharing_enabled":true,"_links":{"self":[{"href":"https:\/\/www.hoymercedes.com.ar\/principal\/wp-json\/wp\/v2\/posts\/51216","targetHints":{"allow":["GET"]}}],"collection":[{"href":"https:\/\/www.hoymercedes.com.ar\/principal\/wp-json\/wp\/v2\/posts"}],"about":[{"href":"https:\/\/www.hoymercedes.com.ar\/principal\/wp-json\/wp\/v2\/types\/post"}],"author":[{"embeddable":true,"href":"https:\/\/www.hoymercedes.com.ar\/principal\/wp-json\/wp\/v2\/users\/1"}],"replies":[{"embeddable":true,"href":"https:\/\/www.hoymercedes.com.ar\/principal\/wp-json\/wp\/v2\/comments?post=51216"}],"version-history":[{"count":0,"href":"https:\/\/www.hoymercedes.com.ar\/principal\/wp-json\/wp\/v2\/posts\/51216\/revisions"}],"wp:featuredmedia":[{"embeddable":true,"href":"https:\/\/www.hoymercedes.com.ar\/principal\/wp-json\/wp\/v2\/media\/51217"}],"wp:attachment":[{"href":"https:\/\/www.hoymercedes.com.ar\/principal\/wp-json\/wp\/v2\/media?parent=51216"}],"wp:term":[{"taxonomy":"category","embeddable":true,"href":"https:\/\/www.hoymercedes.com.ar\/principal\/wp-json\/wp\/v2\/categories?post=51216"},{"taxonomy":"post_tag","embeddable":true,"href":"https:\/\/www.hoymercedes.com.ar\/principal\/wp-json\/wp\/v2\/tags?post=51216"}],"curies":[{"name":"wp","href":"https:\/\/api.w.org\/{rel}","templated":true}]}}