{"id":51219,"date":"2016-06-13T09:30:20","date_gmt":"2016-06-13T12:30:20","guid":{"rendered":"http:\/\/www.hoymercedes.com.ar\/principal\/?p=51219"},"modified":"2016-06-13T09:17:59","modified_gmt":"2016-06-13T12:17:59","slug":"jornada-de-homenaje-a-carlos-ameghino","status":"publish","type":"post","link":"https:\/\/www.hoymercedes.com.ar\/principal\/2016\/06\/13\/jornada-de-homenaje-a-carlos-ameghino\/","title":{"rendered":"Jornada de homenaje a Carlos Ameghino"},"content":{"rendered":"<p><img loading=\"lazy\" decoding=\"async\" data-attachment-id=\"51220\" data-permalink=\"https:\/\/www.hoymercedes.com.ar\/principal\/2016\/06\/13\/jornada-de-homenaje-a-carlos-ameghino\/remote-jpg\/#main\" data-orig-file=\"https:\/\/www.hoymercedes.com.ar\/principal\/wp-content\/uploads\/2016\/06\/remote.jpg.jpg\" data-orig-size=\"600,270\" data-comments-opened=\"1\" data-image-meta=\"{&quot;aperture&quot;:&quot;0&quot;,&quot;credit&quot;:&quot;&quot;,&quot;camera&quot;:&quot;&quot;,&quot;caption&quot;:&quot;&quot;,&quot;created_timestamp&quot;:&quot;0&quot;,&quot;copyright&quot;:&quot;&quot;,&quot;focal_length&quot;:&quot;0&quot;,&quot;iso&quot;:&quot;0&quot;,&quot;shutter_speed&quot;:&quot;0&quot;,&quot;title&quot;:&quot;&quot;,&quot;orientation&quot;:&quot;1&quot;}\" data-image-title=\"remote.jpg\" data-image-description=\"\" data-image-caption=\"\" data-large-file=\"https:\/\/www.hoymercedes.com.ar\/principal\/wp-content\/uploads\/2016\/06\/remote.jpg.jpg\" class=\"aligncenter size-full wp-image-51220\" src=\"https:\/\/www.hoymercedes.com.ar\/principal\/wp-content\/uploads\/2016\/06\/remote.jpg.jpg\" alt=\"remote.jpg\" width=\"600\" height=\"270\" srcset=\"https:\/\/www.hoymercedes.com.ar\/principal\/wp-content\/uploads\/2016\/06\/remote.jpg.jpg 600w, https:\/\/www.hoymercedes.com.ar\/principal\/wp-content\/uploads\/2016\/06\/remote.jpg-150x68.jpg 150w\" sizes=\"auto, (max-width: 600px) 100vw, 600px\" \/>El viernes 17 se realizar\u00e1 en Mercedes una jornada de difusi\u00f3n cient\u00edfica titulada \u201cCiencia, Historia y Patrimonio\u201d en homenaje a Carlos Ameghino en el 151\u00b0 Aniversario de su Nacimiento.<\/p>\n<p>Seg\u00fan las fuentes hist\u00f3ricas Carlos Ameghino naci\u00f3 en Luj\u00e1n el d\u00eda 16 de junio de 1865, si bien en su certificado de bautismo se\u00f1ala que habr\u00eda nacido el d\u00eda 18 de junio.<\/p>\n<p>La Jornada se desarrollar\u00e1 de 10:00 a 18:00 horas, en el Museo Municipal de Ciencias Naturales \u201cCarlos Ameghino\u201d (calle 26 esquina 21).<\/p>\n<p>El nombre de \u201cCarlos Ameghino\u201d fue propuesto para el museo de Ciencias Naturales de Mercedes por Jos\u00e9 Antonio Mignone, vecino de J\u00e1uregui, all\u00e1 por la d\u00e9cada de 1940, cuando se estaba gestando el mismo.<\/p>\n<p>Este a\u00f1o la Asociaci\u00f3n de Amigos del Museo \u00abCarlos Ameghino\u00bb con el auspicio de la Municipalidad de Mercedes, junto al Instituto de Investigaciones Geogr\u00e1ficas (INIGEO) y a la Secretar\u00eda de Extensi\u00f3n y Vinculaci\u00f3n de Ciencias Sociales de la Universidad Nacional de Luj\u00e1n, realizar\u00e1n su homenaje bajo el formato de Jornada, a fin de alcanzar al mayor n\u00famero de p\u00fablico interesado.<\/p>\n<p>El objetivo de la Jornada es generar un espacio de intercambio y puesta en com\u00fan de saberes entre los numerosos interesados en conocer y difundir los resultados de investigaciones cient\u00edficas e hist\u00f3ricas que aborden del rico patrimonio cultural de nuestra regi\u00f3n, desde un enfoque pluralista.<\/p>\n<p>Tras una convocatoria amplia y libre para la presentaci\u00f3n de ponencias, se superaron las expectativas de participaci\u00f3n, habi\u00e9ndose confirmado la presencia de 12 investigadores de Mercedes, Suipacha, Luj\u00e1n, San Pedro, Buenos Aires, Jos\u00e9 C. Paz, Berazategui y Chascom\u00fas que representan distintas universidades nacionales y museos municipales.<\/p>\n<p>La Jornada es de acceso libre y gratuito para todos los interesados. Se otorgar\u00e1n certificados de asistencia. Para mayor informaci\u00f3n\u00a0 comunicarse con\u00a0 el Museo \u00abCarlos Ameghino\u00bb por tel\u00e9fono al 02324-434896, o al mail mameghino@mercedes.gob.ar.<\/p>\n","protected":false},"excerpt":{"rendered":"<p>El viernes 17 se realizar\u00e1 en Mercedes una jornada de difusi\u00f3n cient\u00edfica titulada \u201cCiencia, Historia y Patrimonio\u201d en homenaje a &#8230; <a title=\"Jornada de homenaje a Carlos Ameghino\" class=\"read-more\" href=\"https:\/\/www.hoymercedes.com.ar\/principal\/2016\/06\/13\/jornada-de-homenaje-a-carlos-ameghino\/\" aria-label=\"Leer m\u00e1s sobre Jornada de homenaje a Carlos Ameghino\">Leer m\u00e1s<\/a><\/p>\n","protected":false},"author":1,"featured_media":51220,"comment_status":"open","ping_status":"open","sticky":false,"template":"","format":"standard","meta":{"_monsterinsights_skip_tracking":false,"_monsterinsights_sitenote_active":false,"_monsterinsights_sitenote_note":"","_monsterinsights_sitenote_category":0,"jetpack_post_was_ever_published":false,"_jetpack_newsletter_access":"","_jetpack_dont_email_post_to_subs":false,"_jetpack_newsletter_tier_id":0,"_jetpack_memberships_contains_paywalled_content":false,"_jetpack_memberships_contains_paid_content":false,"footnotes":"","jetpack_publicize_message":"","jetpack_publicize_feature_enabled":true,"jetpack_social_post_already_shared":true,"jetpack_social_options":{"image_generator_settings":{"template":"highway","default_image_id":0,"font":"","enabled":false},"version":2},"_wpas_customize_per_network":false},"categories":[104],"tags":[9466,9431,798],"class_list":["post-51219","post","type-post","status-publish","format-standard","has-post-thumbnail","hentry","category-cultura","tag-carlos-ameghino","tag-jornada","tag-museo","generate-columns","tablet-grid-50","mobile-grid-100","grid-parent","grid-50"],"jetpack_publicize_connections":[],"jetpack_featured_media_url":"https:\/\/www.hoymercedes.com.ar\/principal\/wp-content\/uploads\/2016\/06\/remote.jpg.jpg","wps_subtitle":"En el 151\u00b0 Aniversario de su Nacimiento","jetpack_sharing_enabled":true,"_links":{"self":[{"href":"https:\/\/www.hoymercedes.com.ar\/principal\/wp-json\/wp\/v2\/posts\/51219","targetHints":{"allow":["GET"]}}],"collection":[{"href":"https:\/\/www.hoymercedes.com.ar\/principal\/wp-json\/wp\/v2\/posts"}],"about":[{"href":"https:\/\/www.hoymercedes.com.ar\/principal\/wp-json\/wp\/v2\/types\/post"}],"author":[{"embeddable":true,"href":"https:\/\/www.hoymercedes.com.ar\/principal\/wp-json\/wp\/v2\/users\/1"}],"replies":[{"embeddable":true,"href":"https:\/\/www.hoymercedes.com.ar\/principal\/wp-json\/wp\/v2\/comments?post=51219"}],"version-history":[{"count":0,"href":"https:\/\/www.hoymercedes.com.ar\/principal\/wp-json\/wp\/v2\/posts\/51219\/revisions"}],"wp:featuredmedia":[{"embeddable":true,"href":"https:\/\/www.hoymercedes.com.ar\/principal\/wp-json\/wp\/v2\/media\/51220"}],"wp:attachment":[{"href":"https:\/\/www.hoymercedes.com.ar\/principal\/wp-json\/wp\/v2\/media?parent=51219"}],"wp:term":[{"taxonomy":"category","embeddable":true,"href":"https:\/\/www.hoymercedes.com.ar\/principal\/wp-json\/wp\/v2\/categories?post=51219"},{"taxonomy":"post_tag","embeddable":true,"href":"https:\/\/www.hoymercedes.com.ar\/principal\/wp-json\/wp\/v2\/tags?post=51219"}],"curies":[{"name":"wp","href":"https:\/\/api.w.org\/{rel}","templated":true}]}}