{"id":5123,"date":"2011-06-21T01:36:37","date_gmt":"2011-06-21T01:36:37","guid":{"rendered":"http:\/\/www.hoymercedes.com.ar\/principal\/?p=5123"},"modified":"2011-06-21T01:36:37","modified_gmt":"2011-06-21T01:36:37","slug":"biglia-desde-el-arranque-con-argentina-goles","status":"publish","type":"post","link":"https:\/\/www.hoymercedes.com.ar\/principal\/2011\/06\/21\/biglia-desde-el-arranque-con-argentina-goles\/","title":{"rendered":"Biglia desde el arranque con Argentina (Goles)"},"content":{"rendered":"<p><a href=\"https:\/\/www.hoymercedes.com.ar\/principal\/wp-content\/uploads\/2011\/06\/seleccionargantina20.06.11.jpg\"><br \/>\n<\/a><a href=\"https:\/\/www.hoymercedes.com.ar\/principal\/wp-content\/uploads\/2011\/06\/seleccionargantina20.06.111.jpg\"><img loading=\"lazy\" decoding=\"async\" data-attachment-id=\"5126\" data-permalink=\"https:\/\/www.hoymercedes.com.ar\/principal\/2011\/06\/21\/biglia-desde-el-arranque-con-argentina-goles\/seleccionargantina20-06-11-2\/#main\" data-orig-file=\"https:\/\/www.hoymercedes.com.ar\/principal\/wp-content\/uploads\/2011\/06\/seleccionargantina20.06.111.jpg\" data-orig-size=\"600,419\" data-comments-opened=\"1\" data-image-meta=\"{&quot;aperture&quot;:&quot;0&quot;,&quot;credit&quot;:&quot;&quot;,&quot;camera&quot;:&quot;&quot;,&quot;caption&quot;:&quot;&quot;,&quot;created_timestamp&quot;:&quot;0&quot;,&quot;copyright&quot;:&quot;&quot;,&quot;focal_length&quot;:&quot;0&quot;,&quot;iso&quot;:&quot;0&quot;,&quot;shutter_speed&quot;:&quot;0&quot;,&quot;title&quot;:&quot;&quot;}\" data-image-title=\"seleccionargantina20.06.11\" data-image-description=\"\" data-image-caption=\"\" data-large-file=\"https:\/\/www.hoymercedes.com.ar\/principal\/wp-content\/uploads\/2011\/06\/seleccionargantina20.06.111.jpg\" class=\"aligncenter size-full wp-image-5126\" title=\"seleccionargantina20.06.11\" src=\"https:\/\/www.hoymercedes.com.ar\/principal\/wp-content\/uploads\/2011\/06\/seleccionargantina20.06.111.jpg\" alt=\"\" width=\"600\" height=\"419\" \/><\/a><\/p>\n<p>Lucas Biglia fue de la partida en el \u00faltimo amistoso que jug\u00f3 el seleccionado nacional mayor de f\u00fatbol frente a su par de Alba\u00f1a.<\/p>\n<p>Entre los 11 titulares que empezaron el partido en el estadio de River Plate estaba presente el mercedino Lucas Biglia que tiene pr\u00e1cticamente asegurada su participaci\u00f3n en la pr\u00f3xima Copa Am\u00e9rica a disputarse en nuestro pa\u00eds a partir del pr\u00f3ximo  1 de julio.<\/p>\n<p>Biglia jug\u00f3 muy cerca de Messi subiendo constantemente acerc\u00e1ndose al arco contrario e incluso lanzando desde media distancia.<\/p>\n<p>Terminado el primer tiempo el t\u00e9cnico Batista empez\u00f3 a probar el ordenamiento del equipo bajo otros jugadores llevando a que Biglia se quedara en el banco de suplente durante los \u00faltimos 45 minutos siendo Fernando Gago su reemplazo.<\/p>\n<p>De esta manera Biglia contin\u00faa firme en el seleccionado nacional como uno de los convocados y con minutos en la cancha.<\/p>\n<p>&nbsp;<\/p>\n<p>&nbsp;<\/p>\n<div align=\"center\"><iframe loading=\"lazy\" width=\"480\" height=\"390\" src=\"http:\/\/www.youtube.com\/embed\/a9wGWYLZAKg?rel=0\" frameborder=\"0\" allowfullscreen><\/iframe><\/div>\n","protected":false},"excerpt":{"rendered":"<p>Lucas Biglia fue de la partida en el \u00faltimo amistoso que jug\u00f3 el seleccionado nacional mayor de f\u00fatbol frente a &#8230; <a title=\"Biglia desde el arranque con Argentina (Goles)\" class=\"read-more\" href=\"https:\/\/www.hoymercedes.com.ar\/principal\/2011\/06\/21\/biglia-desde-el-arranque-con-argentina-goles\/\" aria-label=\"Leer m\u00e1s sobre Biglia desde el arranque con Argentina (Goles)\">Leer m\u00e1s<\/a><\/p>\n","protected":false},"author":1,"featured_media":0,"comment_status":"open","ping_status":"open","sticky":false,"template":"","format":"standard","meta":{"_monsterinsights_skip_tracking":false,"_monsterinsights_sitenote_active":false,"_monsterinsights_sitenote_note":"","_monsterinsights_sitenote_category":0,"jetpack_post_was_ever_published":false,"_jetpack_newsletter_access":"","_jetpack_dont_email_post_to_subs":false,"_jetpack_newsletter_tier_id":0,"_jetpack_memberships_contains_paywalled_content":false,"_jetpack_memberships_contains_paid_content":false,"footnotes":"","jetpack_publicize_message":"","jetpack_publicize_feature_enabled":true,"jetpack_social_post_already_shared":false,"jetpack_social_options":{"image_generator_settings":{"template":"highway","default_image_id":0,"font":"","enabled":false},"version":2},"_wpas_customize_per_network":false},"categories":[21],"tags":[305],"class_list":["post-5123","post","type-post","status-publish","format-standard","hentry","category-deportes","tag-lucas-biglia","generate-columns","tablet-grid-50","mobile-grid-100","grid-parent","grid-50"],"jetpack_publicize_connections":[],"jetpack_featured_media_url":"","wps_subtitle":"","jetpack_sharing_enabled":true,"_links":{"self":[{"href":"https:\/\/www.hoymercedes.com.ar\/principal\/wp-json\/wp\/v2\/posts\/5123","targetHints":{"allow":["GET"]}}],"collection":[{"href":"https:\/\/www.hoymercedes.com.ar\/principal\/wp-json\/wp\/v2\/posts"}],"about":[{"href":"https:\/\/www.hoymercedes.com.ar\/principal\/wp-json\/wp\/v2\/types\/post"}],"author":[{"embeddable":true,"href":"https:\/\/www.hoymercedes.com.ar\/principal\/wp-json\/wp\/v2\/users\/1"}],"replies":[{"embeddable":true,"href":"https:\/\/www.hoymercedes.com.ar\/principal\/wp-json\/wp\/v2\/comments?post=5123"}],"version-history":[{"count":0,"href":"https:\/\/www.hoymercedes.com.ar\/principal\/wp-json\/wp\/v2\/posts\/5123\/revisions"}],"wp:attachment":[{"href":"https:\/\/www.hoymercedes.com.ar\/principal\/wp-json\/wp\/v2\/media?parent=5123"}],"wp:term":[{"taxonomy":"category","embeddable":true,"href":"https:\/\/www.hoymercedes.com.ar\/principal\/wp-json\/wp\/v2\/categories?post=5123"},{"taxonomy":"post_tag","embeddable":true,"href":"https:\/\/www.hoymercedes.com.ar\/principal\/wp-json\/wp\/v2\/tags?post=5123"}],"curies":[{"name":"wp","href":"https:\/\/api.w.org\/{rel}","templated":true}]}}