{"id":51251,"date":"2016-06-13T21:55:05","date_gmt":"2016-06-14T00:55:05","guid":{"rendered":"http:\/\/www.hoymercedes.com.ar\/principal\/?p=51251"},"modified":"2016-06-13T17:57:57","modified_gmt":"2016-06-13T20:57:57","slug":"la-federacion-de-abogados-recorrio-la-carcel-local","status":"publish","type":"post","link":"https:\/\/www.hoymercedes.com.ar\/principal\/2016\/06\/13\/la-federacion-de-abogados-recorrio-la-carcel-local\/","title":{"rendered":"La Federaci\u00f3n de Abogados recorri\u00f3 la c\u00e1rcel local"},"content":{"rendered":"<p>El pasado\u00a0viernes, el Director \u00a0de la Comisi\u00f3n de Pol\u00edtica Criminal y Servicio Penitenciaria de la Federaci\u00f3n Argentina de Colegios de Abogados \u2013FACA- Dr. Juan Carlos Valente junto a integrantes de la de la misma comisi\u00f3n, \u00a0Dra. Ana Mar\u00eda Canal y Dr. Ernesto Moreau, realizaron una visita institucional a la Unidad Penitenciaria N\u00b05, recibidos por el Director Prefecto Adolfo Cersosimo.<\/p>\n<p><img loading=\"lazy\" decoding=\"async\" data-attachment-id=\"51252\" data-permalink=\"https:\/\/www.hoymercedes.com.ar\/principal\/2016\/06\/13\/la-federacion-de-abogados-recorrio-la-carcel-local\/13-faca-carcel\/#main\" data-orig-file=\"https:\/\/www.hoymercedes.com.ar\/principal\/wp-content\/uploads\/2016\/06\/13-FACA-carcel.jpg\" data-orig-size=\"448,299\" data-comments-opened=\"1\" data-image-meta=\"{&quot;aperture&quot;:&quot;0&quot;,&quot;credit&quot;:&quot;&quot;,&quot;camera&quot;:&quot;&quot;,&quot;caption&quot;:&quot;&quot;,&quot;created_timestamp&quot;:&quot;0&quot;,&quot;copyright&quot;:&quot;&quot;,&quot;focal_length&quot;:&quot;0&quot;,&quot;iso&quot;:&quot;0&quot;,&quot;shutter_speed&quot;:&quot;0&quot;,&quot;title&quot;:&quot;&quot;,&quot;orientation&quot;:&quot;0&quot;}\" data-image-title=\"13 FACA carcel\" data-image-description=\"\" data-image-caption=\"\" data-large-file=\"https:\/\/www.hoymercedes.com.ar\/principal\/wp-content\/uploads\/2016\/06\/13-FACA-carcel.jpg\" class=\"aligncenter size-full wp-image-51252\" src=\"https:\/\/www.hoymercedes.com.ar\/principal\/wp-content\/uploads\/2016\/06\/13-FACA-carcel.jpg\" alt=\"13 FACA carcel\" width=\"448\" height=\"299\" srcset=\"https:\/\/www.hoymercedes.com.ar\/principal\/wp-content\/uploads\/2016\/06\/13-FACA-carcel.jpg 448w, https:\/\/www.hoymercedes.com.ar\/principal\/wp-content\/uploads\/2016\/06\/13-FACA-carcel-150x100.jpg 150w, https:\/\/www.hoymercedes.com.ar\/principal\/wp-content\/uploads\/2016\/06\/13-FACA-carcel-300x200.jpg 300w\" sizes=\"auto, (max-width: 448px) 100vw, 448px\" \/><\/p>\n<p>La recorrida incluy\u00f3 diversos sectores donde habitan las personas detenidas, pabellones, la cocina donde probaron el men\u00fa que se estaba elaborando, dep\u00f3sitos de mercader\u00eda, y culminaron en la Capilla ubicada en el primer piso destinada a los internos, donde diariamente asisten los catequistas y semanalmente tienen misa a cargo del capell\u00e1n de la Unidad.<\/p>\n<p>Mantuvieron una reuni\u00f3n con Cersosimo en su despacho, \u00a0quien adem\u00e1s los acompa\u00f1o durante todo el tiempo que estuvieron presentes, junto a los Subdirectores del \u00c1rea Seguridad \u00a0y Asistencia y Tratamiento, por los lugares que vieron. En las charlas se interesaron por las actividades culturales, art\u00edsticas, y deportivas, entre otras.<\/p>\n<p>Una vez concluida la misma, agradecieron la excelente predisposici\u00f3n brindada por todo el personal penitenciario, por los Directivos,\u00a0 y resaltaron el buen mantenimiento general que tiene la unidad a pesar de la longevidad de su construcci\u00f3n.<\/p>\n<p>Fuente: Prensa Unidad Penitenciaria N\u00ba 5<\/p>\n<p>&nbsp;<\/p>\n","protected":false},"excerpt":{"rendered":"<p>El pasado\u00a0viernes, el Director \u00a0de la Comisi\u00f3n de Pol\u00edtica Criminal y Servicio Penitenciaria de la Federaci\u00f3n Argentina de Colegios de &#8230; <a title=\"La Federaci\u00f3n de Abogados recorri\u00f3 la c\u00e1rcel local\" class=\"read-more\" href=\"https:\/\/www.hoymercedes.com.ar\/principal\/2016\/06\/13\/la-federacion-de-abogados-recorrio-la-carcel-local\/\" aria-label=\"Leer m\u00e1s sobre La Federaci\u00f3n de Abogados recorri\u00f3 la c\u00e1rcel local\">Leer m\u00e1s<\/a><\/p>\n","protected":false},"author":1,"featured_media":51252,"comment_status":"open","ping_status":"open","sticky":false,"template":"","format":"standard","meta":{"_monsterinsights_skip_tracking":false,"_monsterinsights_sitenote_active":false,"_monsterinsights_sitenote_note":"","_monsterinsights_sitenote_category":0,"jetpack_post_was_ever_published":false,"_jetpack_newsletter_access":"","_jetpack_dont_email_post_to_subs":false,"_jetpack_newsletter_tier_id":0,"_jetpack_memberships_contains_paywalled_content":false,"_jetpack_memberships_contains_paid_content":false,"footnotes":"","jetpack_publicize_message":"","jetpack_publicize_feature_enabled":true,"jetpack_social_post_already_shared":true,"jetpack_social_options":{"image_generator_settings":{"template":"highway","default_image_id":0,"font":"","enabled":false},"version":2},"_wpas_customize_per_network":false},"categories":[8],"tags":[9475,1011],"class_list":["post-51251","post","type-post","status-publish","format-standard","has-post-thumbnail","hentry","category-sociedad","tag-abogados","tag-carcel","generate-columns","tablet-grid-50","mobile-grid-100","grid-parent","grid-50"],"jetpack_publicize_connections":[],"jetpack_featured_media_url":"https:\/\/www.hoymercedes.com.ar\/principal\/wp-content\/uploads\/2016\/06\/13-FACA-carcel.jpg","wps_subtitle":"Encuentro con su director","jetpack_sharing_enabled":true,"_links":{"self":[{"href":"https:\/\/www.hoymercedes.com.ar\/principal\/wp-json\/wp\/v2\/posts\/51251","targetHints":{"allow":["GET"]}}],"collection":[{"href":"https:\/\/www.hoymercedes.com.ar\/principal\/wp-json\/wp\/v2\/posts"}],"about":[{"href":"https:\/\/www.hoymercedes.com.ar\/principal\/wp-json\/wp\/v2\/types\/post"}],"author":[{"embeddable":true,"href":"https:\/\/www.hoymercedes.com.ar\/principal\/wp-json\/wp\/v2\/users\/1"}],"replies":[{"embeddable":true,"href":"https:\/\/www.hoymercedes.com.ar\/principal\/wp-json\/wp\/v2\/comments?post=51251"}],"version-history":[{"count":0,"href":"https:\/\/www.hoymercedes.com.ar\/principal\/wp-json\/wp\/v2\/posts\/51251\/revisions"}],"wp:featuredmedia":[{"embeddable":true,"href":"https:\/\/www.hoymercedes.com.ar\/principal\/wp-json\/wp\/v2\/media\/51252"}],"wp:attachment":[{"href":"https:\/\/www.hoymercedes.com.ar\/principal\/wp-json\/wp\/v2\/media?parent=51251"}],"wp:term":[{"taxonomy":"category","embeddable":true,"href":"https:\/\/www.hoymercedes.com.ar\/principal\/wp-json\/wp\/v2\/categories?post=51251"},{"taxonomy":"post_tag","embeddable":true,"href":"https:\/\/www.hoymercedes.com.ar\/principal\/wp-json\/wp\/v2\/tags?post=51251"}],"curies":[{"name":"wp","href":"https:\/\/api.w.org\/{rel}","templated":true}]}}