{"id":51275,"date":"2016-06-14T10:30:20","date_gmt":"2016-06-14T13:30:20","guid":{"rendered":"http:\/\/www.hoymercedes.com.ar\/principal\/?p=51275"},"modified":"2016-06-14T09:51:54","modified_gmt":"2016-06-14T12:51:54","slug":"la-pelea-esta-en-las-zonas-a-y-c","status":"publish","type":"post","link":"https:\/\/www.hoymercedes.com.ar\/principal\/2016\/06\/14\/la-pelea-esta-en-las-zonas-a-y-c\/","title":{"rendered":"La pelea est\u00e1 en las Zonas A y C"},"content":{"rendered":"<p>Por Ariel Musante<\/p>\n<p>Trocha volvi\u00f3 a ganar y parece que nadie le quitar\u00e1 el primer lugar de la Zona B. Sin embargo, con los resultados que se dieron, entre Comunicaciones, San Marcos y Estudiantes saldr\u00e1 el ganador de la A, mientras que Ateneo, V\u00e9lez y Quilmes se disputan la C.<\/p>\n<p>El certamen de Reserva de la Liga Mercedina de F\u00fatbol tiene a un equipo pr\u00e1cticamente clasificado a semifinales y es Trocha. Si bien matem\u00e1ticamente no lo est\u00e1, su andar invicto y sin sobresaltos hace pensar que es imposible que no quede entre los cuatro mejores del campeonato y la historia en ese grupo pasar\u00e1 por Mercedes y El Front\u00f3n, para ver qui\u00e9n quedar\u00e1 como el segundo y que posiblemente sea el cuarto clasificado.<\/p>\n<p>Las otras zonas tienen equipos que han perdido algunos puntos en el campeonato y entonces la pelea por el mejor lugar empieza a ser interesante de cara a las pr\u00f3ximas fechas. En la Zona A, Comunicaciones perdi\u00f3 con V\u00e9lez y le dio vida a San Marcos, que empat\u00f3 con Pabell\u00f3n y a Estudiantes, que derrot\u00f3 a Mercedes. En cuanto al conjunto del barrio El Molino, ahora qued\u00f3 en la segunda colocaci\u00f3n superando a Quilmes, y buscar\u00e1 arrebatarle el primer lugar a Ateneo.<\/p>\n<p>&nbsp;<\/p>\n<p>S\u00edntesis<\/p>\n<p>Palometas 1: Juan Cruz Contardi<\/p>\n<p>Ateneo 2: Alejandro Cardozo (2)<\/p>\n<p>&nbsp;<\/p>\n<p>El Front\u00f3n 4: Mat\u00edas C\u00e1ceres, Alfonso Yacoy, Federico Dinardi, Jos\u00e9 Mansilla<\/p>\n<p>Costa Brava 2: Alejandro Amaya y Emmanuel Latorre<\/p>\n<p>&nbsp;<\/p>\n<p>Mercedes 0<\/p>\n<p>Estudiantes 1: Agust\u00edn Luna<\/p>\n<p>&nbsp;<\/p>\n<p>Torcha 3: Mauro Sigona (3)<\/p>\n<p>Quilmes 1: Nahuel Lecouna<\/p>\n<p>&nbsp;<\/p>\n<p>Juventud 1<\/p>\n<p>El Tim\u00f3n 0<\/p>\n<p>&nbsp;<\/p>\n<p>V\u00e9lez 1: Marcos Carabajal<\/p>\n<p>Uni\u00f3n 0<\/p>\n<p>&nbsp;<\/p>\n<p>Pabell\u00f3n 2<\/p>\n<p>San Marcos 2<\/p>\n<p>&nbsp;<\/p>\n<p>Pr\u00f3xima fecha \u2013 10\u00b0<\/p>\n<p>Viernes 17 de junio, cancha Ateneo<\/p>\n<p>13:00 hs. Comunicaciones Vs. El Front\u00f3n<\/p>\n<p>15:00 hs. Ateneo Vs. Pabell\u00f3n Argentino<\/p>\n<p>Viernes 17 de junio, cancha Estudiantes<\/p>\n<p>13:00 hs. Estudiantes Vs. Trocha<\/p>\n<p>Viernes 17 de junio, cancha Quilmes<\/p>\n<p>13:30 hs. El Tim\u00f3n Vs. Uni\u00f3n<\/p>\n<p>15:30 hs. Quilmes Vs. Juventud<\/p>\n<p>Viernes 17 de junio, cancha Costa Brava<\/p>\n<p>13:00 hs. Costa Brava VS. Los Palometas<\/p>\n<p>Viernes 17 de junio, cancha San Marcos FC<\/p>\n<p>13:00 hs. San Marcos VS. Mercedes<\/p>\n<p>&nbsp;<\/p>\n<p>Fecha 11\u00b0<\/p>\n<p>Lunes 20 de Junio, cancha Ateneo<\/p>\n<p>11:00 hs. Mercedes Vs. Ateneo<\/p>\n<p>12:45 hs. Trocha Vs. San Marcos<\/p>\n<p>15:30 hs. V\u00e9lez Vs. El Tim\u00f3n<\/p>\n<p>Lunes 20 de Junio, cancha Pabell\u00f3n Argentino<\/p>\n<p>15:00 hs. Pabell\u00f3n Argentino VS. Costa Brava<\/p>\n<p>A Confirmar Estudiantes \u2013 Juventud<\/p>\n<p>A Confirmar Los Palometas \u2013 Comunicaciones<\/p>\n<p><img loading=\"lazy\" decoding=\"async\" data-attachment-id=\"51276\" data-permalink=\"https:\/\/www.hoymercedes.com.ar\/principal\/2016\/06\/14\/la-pelea-esta-en-las-zonas-a-y-c\/goles-reserva\/#main\" data-orig-file=\"https:\/\/www.hoymercedes.com.ar\/principal\/wp-content\/uploads\/2016\/06\/Goles-Reserva.png\" data-orig-size=\"454,515\" data-comments-opened=\"1\" data-image-meta=\"{&quot;aperture&quot;:&quot;0&quot;,&quot;credit&quot;:&quot;&quot;,&quot;camera&quot;:&quot;&quot;,&quot;caption&quot;:&quot;&quot;,&quot;created_timestamp&quot;:&quot;0&quot;,&quot;copyright&quot;:&quot;&quot;,&quot;focal_length&quot;:&quot;0&quot;,&quot;iso&quot;:&quot;0&quot;,&quot;shutter_speed&quot;:&quot;0&quot;,&quot;title&quot;:&quot;&quot;,&quot;orientation&quot;:&quot;0&quot;}\" data-image-title=\"Goles Reserva\" data-image-description=\"\" data-image-caption=\"\" data-large-file=\"https:\/\/www.hoymercedes.com.ar\/principal\/wp-content\/uploads\/2016\/06\/Goles-Reserva.png\" class=\"aligncenter size-full wp-image-51276\" src=\"https:\/\/www.hoymercedes.com.ar\/principal\/wp-content\/uploads\/2016\/06\/Goles-Reserva.png\" alt=\"Goles Reserva\" width=\"454\" height=\"515\" srcset=\"https:\/\/www.hoymercedes.com.ar\/principal\/wp-content\/uploads\/2016\/06\/Goles-Reserva.png 454w, https:\/\/www.hoymercedes.com.ar\/principal\/wp-content\/uploads\/2016\/06\/Goles-Reserva-132x150.png 132w\" sizes=\"auto, (max-width: 454px) 100vw, 454px\" \/><\/p>\n","protected":false},"excerpt":{"rendered":"<p>Por Ariel Musante Trocha volvi\u00f3 a ganar y parece que nadie le quitar\u00e1 el primer lugar de la Zona B. &#8230; <a title=\"La pelea est\u00e1 en las Zonas A y C\" class=\"read-more\" href=\"https:\/\/www.hoymercedes.com.ar\/principal\/2016\/06\/14\/la-pelea-esta-en-las-zonas-a-y-c\/\" aria-label=\"Leer m\u00e1s sobre La pelea est\u00e1 en las Zonas A y C\">Leer m\u00e1s<\/a><\/p>\n","protected":false},"author":1,"featured_media":51276,"comment_status":"open","ping_status":"open","sticky":false,"template":"","format":"standard","meta":{"_monsterinsights_skip_tracking":false,"_monsterinsights_sitenote_active":false,"_monsterinsights_sitenote_note":"","_monsterinsights_sitenote_category":0,"jetpack_post_was_ever_published":false,"_jetpack_newsletter_access":"","_jetpack_dont_email_post_to_subs":false,"_jetpack_newsletter_tier_id":0,"_jetpack_memberships_contains_paywalled_content":false,"_jetpack_memberships_contains_paid_content":false,"footnotes":"","jetpack_publicize_message":"","jetpack_publicize_feature_enabled":true,"jetpack_social_post_already_shared":true,"jetpack_social_options":{"image_generator_settings":{"template":"highway","default_image_id":0,"font":"","enabled":false},"version":2},"_wpas_customize_per_network":false},"categories":[21],"tags":[1003,8775],"class_list":["post-51275","post","type-post","status-publish","format-standard","has-post-thumbnail","hentry","category-deportes","tag-futbol","tag-reserva","generate-columns","tablet-grid-50","mobile-grid-100","grid-parent","grid-50"],"jetpack_publicize_connections":[],"jetpack_featured_media_url":"https:\/\/www.hoymercedes.com.ar\/principal\/wp-content\/uploads\/2016\/06\/Goles-Reserva.png","wps_subtitle":"Torneo de Reserva","jetpack_sharing_enabled":true,"_links":{"self":[{"href":"https:\/\/www.hoymercedes.com.ar\/principal\/wp-json\/wp\/v2\/posts\/51275","targetHints":{"allow":["GET"]}}],"collection":[{"href":"https:\/\/www.hoymercedes.com.ar\/principal\/wp-json\/wp\/v2\/posts"}],"about":[{"href":"https:\/\/www.hoymercedes.com.ar\/principal\/wp-json\/wp\/v2\/types\/post"}],"author":[{"embeddable":true,"href":"https:\/\/www.hoymercedes.com.ar\/principal\/wp-json\/wp\/v2\/users\/1"}],"replies":[{"embeddable":true,"href":"https:\/\/www.hoymercedes.com.ar\/principal\/wp-json\/wp\/v2\/comments?post=51275"}],"version-history":[{"count":0,"href":"https:\/\/www.hoymercedes.com.ar\/principal\/wp-json\/wp\/v2\/posts\/51275\/revisions"}],"wp:featuredmedia":[{"embeddable":true,"href":"https:\/\/www.hoymercedes.com.ar\/principal\/wp-json\/wp\/v2\/media\/51276"}],"wp:attachment":[{"href":"https:\/\/www.hoymercedes.com.ar\/principal\/wp-json\/wp\/v2\/media?parent=51275"}],"wp:term":[{"taxonomy":"category","embeddable":true,"href":"https:\/\/www.hoymercedes.com.ar\/principal\/wp-json\/wp\/v2\/categories?post=51275"},{"taxonomy":"post_tag","embeddable":true,"href":"https:\/\/www.hoymercedes.com.ar\/principal\/wp-json\/wp\/v2\/tags?post=51275"}],"curies":[{"name":"wp","href":"https:\/\/api.w.org\/{rel}","templated":true}]}}