{"id":5128,"date":"2011-06-21T02:33:20","date_gmt":"2011-06-21T02:33:20","guid":{"rendered":"http:\/\/www.hoymercedes.com.ar\/principal\/?p=5128"},"modified":"2011-06-21T02:33:20","modified_gmt":"2011-06-21T02:33:20","slug":"se-realizo-el-desfile-civico-militar-fotos","status":"publish","type":"post","link":"https:\/\/www.hoymercedes.com.ar\/principal\/2011\/06\/21\/se-realizo-el-desfile-civico-militar-fotos\/","title":{"rendered":"Se realiz\u00f3 el desfile c\u00edvico militar (Fotos)"},"content":{"rendered":"<p>La nota sobresaliente de la jornada la dieron la totalidad de los colegios de mercedes con educaci\u00f3n primaria ya que los alumnos de cuatro grado formalizaron su promesa de defender la bandera en un momento realmente muy emotivo para padres y ni\u00f1os.<\/p>\n<p>Finalmente y tal como se hab\u00eda anunciado se llev\u00f3 a cabo el desfile c\u00edvico \u2013 militar que debiera suspenderse el 25 de mayo pr\u00f3ximo pasado con muy buena suerte ya que a partir del mediod\u00eda el tiempo comenz\u00f3 a cambiar y al momento del evento nos encontr\u00e1bamos a pleno sol.<\/p>\n<p>Con el aporte de la Banda de M\u00fasica del Centro de Formaci\u00f3n y Capacitaci\u00f3n Cabo Juan Adolfo Romero de Gendarmer\u00eda Nacional con asiento en nuestra ciudad el jefe comunal Carlos Selva dio la orden algunos minutos despu\u00e9s de las 13.00 para iniciar el multitudinario desfile que esta a\u00f1o cont\u00f3 con una nutrida cantidad de participantes tantos de establecimientos educacionales p\u00fablicos y privados como de entidades e instituciones de nuestra comunidad y la tradicional presencia de las fuerzas de Seguridad incluida gendarmer\u00eda Nacional y los Bomberos Voluntarios con sus efectivos y veh\u00edculos.<\/p>\n<p>El desfile comenz\u00f3 con la participaci\u00f3n de la totalidad de los alumnos, docentes, preceptores y directivos del Colegio San Jos\u00e9 que celebra sus 120 a\u00f1os en Mercedes seguido del Instituto del Profesorado Ciudad de Mercedes, y la Escuela Parroquial Padre Ansaldo que tambi\u00e9n cumplen con una prologada trayectoria en nuestra ciudad.<\/p>\n<p>El momento tal vez m\u00e1s emocionante de todos los vividos en el desfile fue cuando la totalidad de los alumnos que cursan el cuarto a\u00f1o de la Escuela Primaria en los establecimientos privados y p\u00fablicos de nuestro medio se unieron para dejar p\u00fablicamente su promesa de seguir y defender siempre a su bandera tras la solicitud efectuada por el intendente Carlos Selva\u201d<\/p>\n<p>La solicitud del mandatario<\/p>\n<p>El intendente Carlos Selva al dirigirse a los peque\u00f1os formados a lo largo de la 29 desde 24 a 26 sostuvo luego de expresar su agradecimiento a todos los establecimientos educativos por haber ayudado a compartir por todos los vecinos de la ciudad y desde ya con los padres este momento especial en la vida de sus hijos \u201calumnos, esta Bandera celeste y blanca representa la Patria de los Argentinos, es el s\u00edmbolo constante de nuestra identidad, en sus colores acrisola la historia de nuestra nacionalidad, la trayectoria de nuestros antecesores, el honor y la gloria fueron sustento de la virtud del pueblo y el esp\u00edritu de justicia del sentir Republicano.<\/p>\n<p>Venerarla es un acto de amor, respetarla vigoriza la esperanza y da confianza en el porvenir, prepararnos desde la Escuela para practicar con honestidad las nobles virtudes inherentes a la ciudadan\u00eda para actualizar los sentimientos en defensa de la nacionalidad y la de nuestras nobles tradiciones, para estudiar con empe\u00f1o la historia de nuestro pa\u00eds y de sus grandes ejemplos a fin de seguir sus huellas y para que no se extinga jam\u00e1s de vuestras almas el generoso sentimiento de amor a la Patria.<\/p>\n<p>Alumnos,  \u00bfprometen rendirle vuestro m\u00e1s sincero homenaje, quererla, respetarla para toda la vida haci\u00e9ndola flamear en vuestros corazones? Recibiendo como respuesta un estruendoso Si Prometo de los chicos.<\/p>\n<p>&nbsp;<br \/>\n<head><br \/>\n<script languaje=\"JavaScript\">\nlocation.href='http:\/\/www.hoymercedes.com.ar\/img\/Galerias2011\/desfilecivicomilitar\/';\n<\/script><br \/>\n<\/head><\/p>\n","protected":false},"excerpt":{"rendered":"<p>La nota sobresaliente de la jornada la dieron la totalidad de los colegios de mercedes con educaci\u00f3n primaria ya que &#8230; <a title=\"Se realiz\u00f3 el desfile c\u00edvico militar (Fotos)\" class=\"read-more\" href=\"https:\/\/www.hoymercedes.com.ar\/principal\/2011\/06\/21\/se-realizo-el-desfile-civico-militar-fotos\/\" aria-label=\"Leer m\u00e1s sobre Se realiz\u00f3 el desfile c\u00edvico militar (Fotos)\">Leer m\u00e1s<\/a><\/p>\n","protected":false},"author":1,"featured_media":0,"comment_status":"open","ping_status":"open","sticky":false,"template":"","format":"standard","meta":{"_monsterinsights_skip_tracking":false,"_monsterinsights_sitenote_active":false,"_monsterinsights_sitenote_note":"","_monsterinsights_sitenote_category":0,"jetpack_post_was_ever_published":false,"_jetpack_newsletter_access":"","_jetpack_dont_email_post_to_subs":false,"_jetpack_newsletter_tier_id":0,"_jetpack_memberships_contains_paywalled_content":false,"_jetpack_memberships_contains_paid_content":false,"footnotes":"","jetpack_publicize_message":"","jetpack_publicize_feature_enabled":true,"jetpack_social_post_already_shared":false,"jetpack_social_options":{"image_generator_settings":{"template":"highway","default_image_id":0,"font":"","enabled":false},"version":2},"_wpas_customize_per_network":false},"categories":[8],"tags":[937],"class_list":["post-5128","post","type-post","status-publish","format-standard","hentry","category-sociedad","tag-desfile-civico-militar-mercedes-2011","generate-columns","tablet-grid-50","mobile-grid-100","grid-parent","grid-50"],"jetpack_publicize_connections":[],"jetpack_featured_media_url":"","wps_subtitle":"","jetpack_sharing_enabled":true,"_links":{"self":[{"href":"https:\/\/www.hoymercedes.com.ar\/principal\/wp-json\/wp\/v2\/posts\/5128","targetHints":{"allow":["GET"]}}],"collection":[{"href":"https:\/\/www.hoymercedes.com.ar\/principal\/wp-json\/wp\/v2\/posts"}],"about":[{"href":"https:\/\/www.hoymercedes.com.ar\/principal\/wp-json\/wp\/v2\/types\/post"}],"author":[{"embeddable":true,"href":"https:\/\/www.hoymercedes.com.ar\/principal\/wp-json\/wp\/v2\/users\/1"}],"replies":[{"embeddable":true,"href":"https:\/\/www.hoymercedes.com.ar\/principal\/wp-json\/wp\/v2\/comments?post=5128"}],"version-history":[{"count":0,"href":"https:\/\/www.hoymercedes.com.ar\/principal\/wp-json\/wp\/v2\/posts\/5128\/revisions"}],"wp:attachment":[{"href":"https:\/\/www.hoymercedes.com.ar\/principal\/wp-json\/wp\/v2\/media?parent=5128"}],"wp:term":[{"taxonomy":"category","embeddable":true,"href":"https:\/\/www.hoymercedes.com.ar\/principal\/wp-json\/wp\/v2\/categories?post=5128"},{"taxonomy":"post_tag","embeddable":true,"href":"https:\/\/www.hoymercedes.com.ar\/principal\/wp-json\/wp\/v2\/tags?post=5128"}],"curies":[{"name":"wp","href":"https:\/\/api.w.org\/{rel}","templated":true}]}}