{"id":51282,"date":"2016-06-14T16:52:00","date_gmt":"2016-06-14T19:52:00","guid":{"rendered":"http:\/\/www.hoymercedes.com.ar\/principal\/?p=51282"},"modified":"2016-06-14T16:52:00","modified_gmt":"2016-06-14T19:52:00","slug":"treinta-y-seis-artistas-seleccionados-para-el-salon-de-pintura-de-mercedes","status":"publish","type":"post","link":"https:\/\/www.hoymercedes.com.ar\/principal\/2016\/06\/14\/treinta-y-seis-artistas-seleccionados-para-el-salon-de-pintura-de-mercedes\/","title":{"rendered":"Treinta y seis artistas seleccionados para el Sal\u00f3n de Pintura de Mercedes"},"content":{"rendered":"<p>El jurado actu\u00f3 el lunes pasado y seleccion\u00f3 entre casi 200 pinturas presentadas, las obras que integran el Sal\u00f3n. S\u00e1bado 18 de junio, 18:30 horas, en el Museo de Arte se har\u00e1 la inauguraci\u00f3n.\u00a0De acuerdo a la informaci\u00f3n brindada los seleccionados son:<\/p>\n<p><img loading=\"lazy\" decoding=\"async\" data-attachment-id=\"51284\" data-permalink=\"https:\/\/www.hoymercedes.com.ar\/principal\/2016\/06\/14\/treinta-y-seis-artistas-seleccionados-para-el-salon-de-pintura-de-mercedes\/kodak-digital-still-camera-3\/#main\" data-orig-file=\"https:\/\/www.hoymercedes.com.ar\/principal\/wp-content\/uploads\/2016\/06\/14-salon-2.jpg\" data-orig-size=\"448,336\" data-comments-opened=\"1\" data-image-meta=\"{&quot;aperture&quot;:&quot;2.9&quot;,&quot;credit&quot;:&quot;&quot;,&quot;camera&quot;:&quot;PIXPRO AZ361&quot;,&quot;caption&quot;:&quot;KODAK Digital Still Camera&quot;,&quot;created_timestamp&quot;:&quot;1465819439&quot;,&quot;copyright&quot;:&quot;&quot;,&quot;focal_length&quot;:&quot;4.3&quot;,&quot;iso&quot;:&quot;200&quot;,&quot;shutter_speed&quot;:&quot;0.033333333333333&quot;,&quot;title&quot;:&quot;KODAK Digital Still Camera&quot;,&quot;orientation&quot;:&quot;1&quot;}\" data-image-title=\"KODAK Digital Still Camera\" data-image-description=\"\" data-image-caption=\"\" data-large-file=\"https:\/\/www.hoymercedes.com.ar\/principal\/wp-content\/uploads\/2016\/06\/14-salon-2.jpg\" class=\"aligncenter size-full wp-image-51284\" src=\"https:\/\/www.hoymercedes.com.ar\/principal\/wp-content\/uploads\/2016\/06\/14-salon-2.jpg\" alt=\"KODAK Digital Still Camera\" width=\"448\" height=\"336\" srcset=\"https:\/\/www.hoymercedes.com.ar\/principal\/wp-content\/uploads\/2016\/06\/14-salon-2.jpg 448w, https:\/\/www.hoymercedes.com.ar\/principal\/wp-content\/uploads\/2016\/06\/14-salon-2-150x113.jpg 150w\" sizes=\"auto, (max-width: 448px) 100vw, 448px\" \/><\/p>\n<p>&#8211;\u00a0\u00a0\u00a0\u00a0\u00a0\u00a0\u00a0\u00a0\u00a0 Juan Carlos Leotta (Boulogne) \u201cAl Costado del Mundo\u201d<\/p>\n<p>&#8211;\u00a0\u00a0\u00a0\u00a0\u00a0\u00a0\u00a0\u00a0\u00a0 Juan Carlos Leotta (Boulogne) \u201cCaser\u00edo\u201d<\/p>\n<p>&#8211;\u00a0\u00a0\u00a0\u00a0\u00a0\u00a0\u00a0\u00a0\u00a0 Gast\u00f3n Bejarano (San Antonio Pauda) \u201cHab\u00eda una Vez\u201d.<\/p>\n<p>&#8211;\u00a0\u00a0\u00a0\u00a0\u00a0\u00a0\u00a0\u00a0\u00a0 Mariana Invernizzi (Mercedes) \u201cLa llave de la Topilla\u201d<\/p>\n<p>&#8211;\u00a0\u00a0\u00a0\u00a0\u00a0\u00a0\u00a0\u00a0\u00a0 Mabel Mart\u00ednez (Haedo) \u201cS\/T\u201d<\/p>\n<p>&#8211;\u00a0\u00a0\u00a0\u00a0\u00a0\u00a0\u00a0\u00a0\u00a0 Pablo Russo (Mercedes) \u201cTD500&#8243; de la serie: El lugar de la mirada<\/p>\n<p>&#8211;\u00a0\u00a0\u00a0\u00a0\u00a0\u00a0\u00a0\u00a0\u00a0 Mar\u00eda Eugenia Scioli (Mercedes) \u00abMirada Urbana\u00bb<\/p>\n<p>&#8211;\u00a0\u00a0\u00a0\u00a0\u00a0\u00a0\u00a0\u00a0\u00a0 Juan Carlos Brambilla (Luj\u00e1n) \u201cBosque Invernal\u201d<\/p>\n<p>&#8211;\u00a0\u00a0\u00a0\u00a0\u00a0\u00a0\u00a0\u00a0\u00a0 Marcela Cueto (Mercedes) \u201cEl Deseo\u201d.<\/p>\n<p>&#8211;\u00a0\u00a0\u00a0\u00a0\u00a0\u00a0\u00a0\u00a0\u00a0 Juan Carlos Manchiola (La Plata) \u201cS\/T\u201d<\/p>\n<p>&#8211;\u00a0\u00a0\u00a0\u00a0\u00a0\u00a0\u00a0\u00a0\u00a0 H\u00e9ctor Ra\u00fal Romero (CABA) \u201cEl Trapecio Azul\u201d<\/p>\n<p>&#8211;\u00a0\u00a0\u00a0\u00a0\u00a0\u00a0\u00a0\u00a0\u00a0 Stella De Marchi (Ituzaing\u00f3) \u201c8\u00ba Serie XV\u201d<\/p>\n<p>&#8211;\u00a0\u00a0\u00a0\u00a0\u00a0\u00a0\u00a0\u00a0\u00a0 Hugo Dinzelbacher (CABA) \u201cSentido Qubrado\u201d<\/p>\n<p>&#8211;\u00a0\u00a0\u00a0\u00a0\u00a0\u00a0\u00a0\u00a0\u00a0 Pastor Ra\u00fal Ramos (Florida) \u201cA\u00f1o Nuevo Chino\u201d<\/p>\n<p>&#8211;\u00a0\u00a0\u00a0\u00a0\u00a0\u00a0\u00a0\u00a0\u00a0 Mirta Narosky (CABA) \u201cErupci\u00f3n\u201d<\/p>\n<p>&#8211;\u00a0\u00a0\u00a0\u00a0\u00a0\u00a0\u00a0\u00a0\u00a0 Jimena Pereyra (Mor\u00f3n) \u201cDuba\u201d<\/p>\n<p>&#8211;\u00a0\u00a0\u00a0\u00a0\u00a0\u00a0\u00a0\u00a0\u00a0 Jorge De Lorenzo (Castelar) \u201cColisi\u00f3n\u201d<\/p>\n<p>&#8211;\u00a0\u00a0\u00a0\u00a0\u00a0\u00a0\u00a0\u00a0\u00a0 Daniel Jorge Castro (CABA) \u201cAcontecimientos\u201d<\/p>\n<p>&#8211;\u00a0\u00a0\u00a0\u00a0\u00a0\u00a0\u00a0\u00a0\u00a0 Mar\u00eda Ang\u00e9lica Mart\u00ednez (CABA) \u201cCacerolazo II\u201d<\/p>\n<p>&#8211;\u00a0\u00a0\u00a0\u00a0\u00a0\u00a0\u00a0\u00a0\u00a0 Mario Calvo (CABA) \u201cLa Campera\u201d<\/p>\n<p>&#8211;\u00a0\u00a0\u00a0\u00a0\u00a0\u00a0\u00a0\u00a0\u00a0 Fabio Lemme (CABA) \u201cEntre Gallos y Media Noches\u201d<\/p>\n<p>&#8211;\u00a0\u00a0\u00a0\u00a0\u00a0\u00a0\u00a0\u00a0\u00a0 Patricia Urez (CABA) \u201cEnigma de la Cruz\u201d<\/p>\n<p>&#8211;\u00a0\u00a0\u00a0\u00a0\u00a0\u00a0\u00a0\u00a0\u00a0 Francisco Freixas (CABA) \u201cRetrato de Familia\u201d<\/p>\n<p>&#8211;\u00a0\u00a0\u00a0\u00a0\u00a0\u00a0\u00a0\u00a0\u00a0 Jos\u00e9 Luis G\u00f3mez Catoira (CABA) \u201cRecreo\u201d<\/p>\n<p>&#8211;\u00a0\u00a0\u00a0\u00a0\u00a0\u00a0\u00a0\u00a0\u00a0 Virginia Gonz\u00e1lez (CABA) \u201cLaberintos XXI\u201d<\/p>\n<p>&#8211;\u00a0\u00a0\u00a0\u00a0\u00a0\u00a0\u00a0\u00a0\u00a0 Cecilia Gomeriuka (Tigre) \u201cMitos XV\u201d<\/p>\n<p>&#8211;\u00a0\u00a0\u00a0\u00a0\u00a0\u00a0\u00a0\u00a0\u00a0 Mar\u00eda del Carmen Cruzado (CABA) \u201cCaf\u00e9 en La Boca\u201d<\/p>\n<p>&#8211;\u00a0\u00a0\u00a0\u00a0\u00a0\u00a0\u00a0\u00a0\u00a0 Carina Pellegrini (Berazategui) \u201cCiudades invisibles\u201d<\/p>\n<p>&#8211;\u00a0\u00a0\u00a0\u00a0\u00a0\u00a0\u00a0\u00a0\u00a0 Mart\u00edn Stuprik (CABA) \u201cFicci\u00f3n III\u201d<\/p>\n<p>&#8211;\u00a0\u00a0\u00a0\u00a0\u00a0\u00a0\u00a0\u00a0\u00a0 Fabi\u00e1n Sanz (Berazategui) \u201cEl bandoneonista II\u201d<\/p>\n<p>&#8211;\u00a0\u00a0\u00a0\u00a0\u00a0\u00a0\u00a0\u00a0\u00a0 Mariana Paradiso (Mercedes) \u201c\u2026 de amor y de sombras\u2026\u201d<\/p>\n<p>&#8211;\u00a0\u00a0\u00a0\u00a0\u00a0\u00a0\u00a0\u00a0\u00a0 Claudia \u00c1lvarez (Mercedes) \u201cS\/T\u201d<\/p>\n<p>&#8211;\u00a0\u00a0\u00a0\u00a0\u00a0\u00a0\u00a0\u00a0\u00a0 Sergio Mehaudy\u00a0 (Mercedes) \u201cMasai\u201d<\/p>\n<p>&#8211;\u00a0\u00a0\u00a0\u00a0\u00a0\u00a0\u00a0\u00a0\u00a0 Julieta Frutal (Luj\u00e1n) \u201cCautiverio\u201d<\/p>\n<p>&#8211;\u00a0\u00a0\u00a0\u00a0\u00a0\u00a0\u00a0\u00a0\u00a0 Jorge Blanco (Mercedes) \u201cBa\u00f1o del Sol\u201d<\/p>\n<p>&#8211;\u00a0\u00a0\u00a0\u00a0\u00a0\u00a0\u00a0\u00a0\u00a0 Alicia Rapaport (Avellaneda) \u201cMarcha por las Moda\u201d.<\/p>\n<p><img loading=\"lazy\" decoding=\"async\" data-attachment-id=\"51283\" data-permalink=\"https:\/\/www.hoymercedes.com.ar\/principal\/2016\/06\/14\/treinta-y-seis-artistas-seleccionados-para-el-salon-de-pintura-de-mercedes\/kodak-digital-still-camera-2\/#main\" data-orig-file=\"https:\/\/www.hoymercedes.com.ar\/principal\/wp-content\/uploads\/2016\/06\/14-salon-1.jpg\" data-orig-size=\"448,336\" data-comments-opened=\"1\" data-image-meta=\"{&quot;aperture&quot;:&quot;2.9&quot;,&quot;credit&quot;:&quot;&quot;,&quot;camera&quot;:&quot;PIXPRO AZ361&quot;,&quot;caption&quot;:&quot;KODAK Digital Still Camera&quot;,&quot;created_timestamp&quot;:&quot;1465819616&quot;,&quot;copyright&quot;:&quot;&quot;,&quot;focal_length&quot;:&quot;4.3&quot;,&quot;iso&quot;:&quot;326&quot;,&quot;shutter_speed&quot;:&quot;0.033333333333333&quot;,&quot;title&quot;:&quot;KODAK Digital Still Camera&quot;,&quot;orientation&quot;:&quot;1&quot;}\" data-image-title=\"14 salon 1\" data-image-description=\"\" data-image-caption=\"\" data-large-file=\"https:\/\/www.hoymercedes.com.ar\/principal\/wp-content\/uploads\/2016\/06\/14-salon-1.jpg\" class=\"aligncenter size-full wp-image-51283\" src=\"https:\/\/www.hoymercedes.com.ar\/principal\/wp-content\/uploads\/2016\/06\/14-salon-1.jpg\" alt=\"14 salon 1\" width=\"448\" height=\"336\" srcset=\"https:\/\/www.hoymercedes.com.ar\/principal\/wp-content\/uploads\/2016\/06\/14-salon-1.jpg 448w, https:\/\/www.hoymercedes.com.ar\/principal\/wp-content\/uploads\/2016\/06\/14-salon-1-150x113.jpg 150w\" sizes=\"auto, (max-width: 448px) 100vw, 448px\" \/><\/p>\n<p>&nbsp;<\/p>\n","protected":false},"excerpt":{"rendered":"<p>El jurado actu\u00f3 el lunes pasado y seleccion\u00f3 entre casi 200 pinturas presentadas, las obras que integran el Sal\u00f3n. S\u00e1bado &#8230; <a title=\"Treinta y seis artistas seleccionados para el Sal\u00f3n de Pintura de Mercedes\" class=\"read-more\" href=\"https:\/\/www.hoymercedes.com.ar\/principal\/2016\/06\/14\/treinta-y-seis-artistas-seleccionados-para-el-salon-de-pintura-de-mercedes\/\" aria-label=\"Leer m\u00e1s sobre Treinta y seis artistas seleccionados para el Sal\u00f3n de Pintura de Mercedes\">Leer m\u00e1s<\/a><\/p>\n","protected":false},"author":1,"featured_media":51284,"comment_status":"open","ping_status":"open","sticky":false,"template":"","format":"standard","meta":{"_monsterinsights_skip_tracking":false,"_monsterinsights_sitenote_active":false,"_monsterinsights_sitenote_note":"","_monsterinsights_sitenote_category":0,"jetpack_post_was_ever_published":false,"_jetpack_newsletter_access":"","_jetpack_dont_email_post_to_subs":false,"_jetpack_newsletter_tier_id":0,"_jetpack_memberships_contains_paywalled_content":false,"_jetpack_memberships_contains_paid_content":false,"footnotes":"","jetpack_publicize_message":"","jetpack_publicize_feature_enabled":true,"jetpack_social_post_already_shared":true,"jetpack_social_options":{"image_generator_settings":{"template":"highway","default_image_id":0,"font":"","enabled":false},"version":2},"_wpas_customize_per_network":false},"categories":[104],"tags":[7805,970,9484],"class_list":["post-51282","post","type-post","status-publish","format-standard","has-post-thumbnail","hentry","category-cultura","tag-cultura","tag-salon-de-pintura","tag-seleccionados","generate-columns","tablet-grid-50","mobile-grid-100","grid-parent","grid-50"],"jetpack_publicize_connections":[],"jetpack_featured_media_url":"https:\/\/www.hoymercedes.com.ar\/principal\/wp-content\/uploads\/2016\/06\/14-salon-2.jpg","wps_subtitle":"Los ganadores se conocer\u00e1n el s\u00e1bado","jetpack_sharing_enabled":true,"_links":{"self":[{"href":"https:\/\/www.hoymercedes.com.ar\/principal\/wp-json\/wp\/v2\/posts\/51282","targetHints":{"allow":["GET"]}}],"collection":[{"href":"https:\/\/www.hoymercedes.com.ar\/principal\/wp-json\/wp\/v2\/posts"}],"about":[{"href":"https:\/\/www.hoymercedes.com.ar\/principal\/wp-json\/wp\/v2\/types\/post"}],"author":[{"embeddable":true,"href":"https:\/\/www.hoymercedes.com.ar\/principal\/wp-json\/wp\/v2\/users\/1"}],"replies":[{"embeddable":true,"href":"https:\/\/www.hoymercedes.com.ar\/principal\/wp-json\/wp\/v2\/comments?post=51282"}],"version-history":[{"count":0,"href":"https:\/\/www.hoymercedes.com.ar\/principal\/wp-json\/wp\/v2\/posts\/51282\/revisions"}],"wp:featuredmedia":[{"embeddable":true,"href":"https:\/\/www.hoymercedes.com.ar\/principal\/wp-json\/wp\/v2\/media\/51284"}],"wp:attachment":[{"href":"https:\/\/www.hoymercedes.com.ar\/principal\/wp-json\/wp\/v2\/media?parent=51282"}],"wp:term":[{"taxonomy":"category","embeddable":true,"href":"https:\/\/www.hoymercedes.com.ar\/principal\/wp-json\/wp\/v2\/categories?post=51282"},{"taxonomy":"post_tag","embeddable":true,"href":"https:\/\/www.hoymercedes.com.ar\/principal\/wp-json\/wp\/v2\/tags?post=51282"}],"curies":[{"name":"wp","href":"https:\/\/api.w.org\/{rel}","templated":true}]}}