{"id":51314,"date":"2016-06-15T16:48:06","date_gmt":"2016-06-15T19:48:06","guid":{"rendered":"http:\/\/www.hoymercedes.com.ar\/principal\/?p=51314"},"modified":"2016-06-15T14:55:24","modified_gmt":"2016-06-15T17:55:24","slug":"continuan-los-diferentes-trabajos-en-la-ciudad","status":"publish","type":"post","link":"https:\/\/www.hoymercedes.com.ar\/principal\/2016\/06\/15\/continuan-los-diferentes-trabajos-en-la-ciudad\/","title":{"rendered":"Contin\u00faan los diferentes trabajos en la ciudad"},"content":{"rendered":"<p>Por Prensa Municipal \/ Los equipos de Barrido Manual Urbano, est\u00e1n trabajando en calles 12, 14, 16, 18 y 20 de Av. 29 a calle 37; cumpliendo tareas tambi\u00e9n por las calles 37, 39 y 41 de calle 12 a Av. 30 y calle 35\u00a0 de Av. 2 a calle 110.<\/p>\n<p><img loading=\"lazy\" decoding=\"async\" data-attachment-id=\"51315\" data-permalink=\"https:\/\/www.hoymercedes.com.ar\/principal\/2016\/06\/15\/continuan-los-diferentes-trabajos-en-la-ciudad\/15-servicios\/#main\" data-orig-file=\"https:\/\/www.hoymercedes.com.ar\/principal\/wp-content\/uploads\/2016\/06\/15-servicios.jpg\" data-orig-size=\"448,252\" data-comments-opened=\"1\" data-image-meta=\"{&quot;aperture&quot;:&quot;0&quot;,&quot;credit&quot;:&quot;&quot;,&quot;camera&quot;:&quot;&quot;,&quot;caption&quot;:&quot;&quot;,&quot;created_timestamp&quot;:&quot;0&quot;,&quot;copyright&quot;:&quot;&quot;,&quot;focal_length&quot;:&quot;0&quot;,&quot;iso&quot;:&quot;0&quot;,&quot;shutter_speed&quot;:&quot;0&quot;,&quot;title&quot;:&quot;&quot;,&quot;orientation&quot;:&quot;0&quot;}\" data-image-title=\"15 servicios\" data-image-description=\"\" data-image-caption=\"\" data-large-file=\"https:\/\/www.hoymercedes.com.ar\/principal\/wp-content\/uploads\/2016\/06\/15-servicios.jpg\" class=\"aligncenter size-full wp-image-51315\" src=\"https:\/\/www.hoymercedes.com.ar\/principal\/wp-content\/uploads\/2016\/06\/15-servicios.jpg\" alt=\"15 servicios\" width=\"448\" height=\"252\" srcset=\"https:\/\/www.hoymercedes.com.ar\/principal\/wp-content\/uploads\/2016\/06\/15-servicios.jpg 448w, https:\/\/www.hoymercedes.com.ar\/principal\/wp-content\/uploads\/2016\/06\/15-servicios-150x84.jpg 150w\" sizes=\"auto, (max-width: 448px) 100vw, 448px\" \/><\/p>\n<p>En lo que se refiere a Limpieza y Mantenimiento Urbano, distintas cuadrillas \u00a0se encuentran realizando tareas referidas a levantar bolsas de hojas, ramas, escombros con el apoyo de palas mec\u00e1nicas y camiones en Av. 2 y calle 4 de calle 43 a calle 61, en el barrio Obrero, en la plaza de la Estaci\u00f3n y microcentro, y contin\u00faan realizando la misma tarea en las avenidas 1, 2, 40 y 47.<\/p>\n<p>Dos equipos se encuentran realizando la recolecci\u00f3n de residuos en acceso sur, camino a escuela 14, en el barrio San Francisco, en el barrio San Jorge y el microcentro con el apoyo de compactadoras.<\/p>\n<p>El equipo vial cumple \u00a0tareas de reparaci\u00f3n de calle en zona de Garc\u00eda y se encuentran reparando calles con la provisi\u00f3n de tosca en prolongaci\u00f3n calle 43 a vivero carpanetto. Otro equipo se encuentra realizando zanjeo y dos cruces de calles con la provisi\u00f3n de 8 ca\u00f1os en el barrio Blandengue. Otros grupos se encuentran realizando tareas de zanjeo en Km. 108 ruta 5, en zonas aleda\u00f1as al cementerio local y en el barrio Obrero. Adem\u00e1s hay personal que\u00a0 se encuentra realizando la tarea de desmonte en\u00a0 zonas rurales. Tambi\u00e9n hay que destacar que se esta viajando a Lujan en b\u00fasqueda de tosca para continuar realizando los trabajos del equipo vial en periferia urbana y caminos rurales.<\/p>\n<p><img loading=\"lazy\" decoding=\"async\" data-attachment-id=\"51316\" data-permalink=\"https:\/\/www.hoymercedes.com.ar\/principal\/2016\/06\/15\/continuan-los-diferentes-trabajos-en-la-ciudad\/15-servicios-2\/#main\" data-orig-file=\"https:\/\/www.hoymercedes.com.ar\/principal\/wp-content\/uploads\/2016\/06\/15-servicios-2.jpg\" data-orig-size=\"448,299\" data-comments-opened=\"1\" data-image-meta=\"{&quot;aperture&quot;:&quot;0&quot;,&quot;credit&quot;:&quot;&quot;,&quot;camera&quot;:&quot;&quot;,&quot;caption&quot;:&quot;&quot;,&quot;created_timestamp&quot;:&quot;0&quot;,&quot;copyright&quot;:&quot;&quot;,&quot;focal_length&quot;:&quot;0&quot;,&quot;iso&quot;:&quot;0&quot;,&quot;shutter_speed&quot;:&quot;0&quot;,&quot;title&quot;:&quot;&quot;,&quot;orientation&quot;:&quot;0&quot;}\" data-image-title=\"15 servicios 2\" data-image-description=\"\" data-image-caption=\"\" data-large-file=\"https:\/\/www.hoymercedes.com.ar\/principal\/wp-content\/uploads\/2016\/06\/15-servicios-2.jpg\" class=\"aligncenter size-medium wp-image-51316\" src=\"https:\/\/www.hoymercedes.com.ar\/principal\/wp-content\/uploads\/2016\/06\/15-servicios-2.jpg\" alt=\"15 servicios 2\" width=\"448\" height=\"299\" srcset=\"https:\/\/www.hoymercedes.com.ar\/principal\/wp-content\/uploads\/2016\/06\/15-servicios-2.jpg 448w, https:\/\/www.hoymercedes.com.ar\/principal\/wp-content\/uploads\/2016\/06\/15-servicios-2-150x100.jpg 150w, https:\/\/www.hoymercedes.com.ar\/principal\/wp-content\/uploads\/2016\/06\/15-servicios-2-300x200.jpg 300w\" sizes=\"auto, (max-width: 448px) 100vw, 448px\" \/><\/p>\n<p>Los integrantes del Departamento de Servicio El\u00e9ctrico, contin\u00faan realizando iluminaciones nuevas en calle 53 e\/ 110 y cortada, adem\u00e1s de brindar respuestas a los reclamos realizados al servicio telef\u00f3nico 147, como lo hacen tambi\u00e9n las cuadrillas de Corte de Pastos y el personal de Obras Sanitarias.<\/p>\n<p><img loading=\"lazy\" decoding=\"async\" data-attachment-id=\"51317\" data-permalink=\"https:\/\/www.hoymercedes.com.ar\/principal\/2016\/06\/15\/continuan-los-diferentes-trabajos-en-la-ciudad\/15-servicios-3\/#main\" data-orig-file=\"https:\/\/www.hoymercedes.com.ar\/principal\/wp-content\/uploads\/2016\/06\/15-servicios-3.jpg\" data-orig-size=\"448,299\" data-comments-opened=\"1\" data-image-meta=\"{&quot;aperture&quot;:&quot;0&quot;,&quot;credit&quot;:&quot;&quot;,&quot;camera&quot;:&quot;&quot;,&quot;caption&quot;:&quot;&quot;,&quot;created_timestamp&quot;:&quot;0&quot;,&quot;copyright&quot;:&quot;&quot;,&quot;focal_length&quot;:&quot;0&quot;,&quot;iso&quot;:&quot;0&quot;,&quot;shutter_speed&quot;:&quot;0&quot;,&quot;title&quot;:&quot;&quot;,&quot;orientation&quot;:&quot;0&quot;}\" data-image-title=\"15 servicios 3\" data-image-description=\"\" data-image-caption=\"\" data-large-file=\"https:\/\/www.hoymercedes.com.ar\/principal\/wp-content\/uploads\/2016\/06\/15-servicios-3.jpg\" class=\"aligncenter size-full wp-image-51317\" src=\"https:\/\/www.hoymercedes.com.ar\/principal\/wp-content\/uploads\/2016\/06\/15-servicios-3.jpg\" alt=\"15 servicios 3\" width=\"448\" height=\"299\" srcset=\"https:\/\/www.hoymercedes.com.ar\/principal\/wp-content\/uploads\/2016\/06\/15-servicios-3.jpg 448w, https:\/\/www.hoymercedes.com.ar\/principal\/wp-content\/uploads\/2016\/06\/15-servicios-3-150x100.jpg 150w, https:\/\/www.hoymercedes.com.ar\/principal\/wp-content\/uploads\/2016\/06\/15-servicios-3-300x200.jpg 300w\" sizes=\"auto, (max-width: 448px) 100vw, 448px\" \/><\/p>\n","protected":false},"excerpt":{"rendered":"<p>Por Prensa Municipal \/ Los equipos de Barrido Manual Urbano, est\u00e1n trabajando en calles 12, 14, 16, 18 y 20 &#8230; <a title=\"Contin\u00faan los diferentes trabajos en la ciudad\" class=\"read-more\" href=\"https:\/\/www.hoymercedes.com.ar\/principal\/2016\/06\/15\/continuan-los-diferentes-trabajos-en-la-ciudad\/\" aria-label=\"Leer m\u00e1s sobre Contin\u00faan los diferentes trabajos en la ciudad\">Leer m\u00e1s<\/a><\/p>\n","protected":false},"author":1,"featured_media":51315,"comment_status":"open","ping_status":"open","sticky":false,"template":"","format":"standard","meta":{"_monsterinsights_skip_tracking":false,"_monsterinsights_sitenote_active":false,"_monsterinsights_sitenote_note":"","_monsterinsights_sitenote_category":0,"jetpack_post_was_ever_published":false,"_jetpack_newsletter_access":"","_jetpack_dont_email_post_to_subs":false,"_jetpack_newsletter_tier_id":0,"_jetpack_memberships_contains_paywalled_content":false,"_jetpack_memberships_contains_paid_content":false,"footnotes":"","jetpack_publicize_message":"","jetpack_publicize_feature_enabled":true,"jetpack_social_post_already_shared":true,"jetpack_social_options":{"image_generator_settings":{"template":"highway","default_image_id":0,"font":"","enabled":false},"version":2},"_wpas_customize_per_network":false},"categories":[30],"tags":[244,8628],"class_list":["post-51314","post","type-post","status-publish","format-standard","has-post-thumbnail","hentry","category-municipio","tag-municipio-2","tag-servicios-publicos","generate-columns","tablet-grid-50","mobile-grid-100","grid-parent","grid-50"],"jetpack_publicize_connections":[],"jetpack_featured_media_url":"https:\/\/www.hoymercedes.com.ar\/principal\/wp-content\/uploads\/2016\/06\/15-servicios.jpg","wps_subtitle":"Servicios P\u00fablicos","jetpack_sharing_enabled":true,"_links":{"self":[{"href":"https:\/\/www.hoymercedes.com.ar\/principal\/wp-json\/wp\/v2\/posts\/51314","targetHints":{"allow":["GET"]}}],"collection":[{"href":"https:\/\/www.hoymercedes.com.ar\/principal\/wp-json\/wp\/v2\/posts"}],"about":[{"href":"https:\/\/www.hoymercedes.com.ar\/principal\/wp-json\/wp\/v2\/types\/post"}],"author":[{"embeddable":true,"href":"https:\/\/www.hoymercedes.com.ar\/principal\/wp-json\/wp\/v2\/users\/1"}],"replies":[{"embeddable":true,"href":"https:\/\/www.hoymercedes.com.ar\/principal\/wp-json\/wp\/v2\/comments?post=51314"}],"version-history":[{"count":0,"href":"https:\/\/www.hoymercedes.com.ar\/principal\/wp-json\/wp\/v2\/posts\/51314\/revisions"}],"wp:featuredmedia":[{"embeddable":true,"href":"https:\/\/www.hoymercedes.com.ar\/principal\/wp-json\/wp\/v2\/media\/51315"}],"wp:attachment":[{"href":"https:\/\/www.hoymercedes.com.ar\/principal\/wp-json\/wp\/v2\/media?parent=51314"}],"wp:term":[{"taxonomy":"category","embeddable":true,"href":"https:\/\/www.hoymercedes.com.ar\/principal\/wp-json\/wp\/v2\/categories?post=51314"},{"taxonomy":"post_tag","embeddable":true,"href":"https:\/\/www.hoymercedes.com.ar\/principal\/wp-json\/wp\/v2\/tags?post=51314"}],"curies":[{"name":"wp","href":"https:\/\/api.w.org\/{rel}","templated":true}]}}