{"id":51343,"date":"2016-06-16T11:30:32","date_gmt":"2016-06-16T14:30:32","guid":{"rendered":"http:\/\/www.hoymercedes.com.ar\/principal\/?p=51343"},"modified":"2016-06-16T09:41:56","modified_gmt":"2016-06-16T12:41:56","slug":"santiago-malano-sera-jugador-de-valletta-fc-de-malta","status":"publish","type":"post","link":"https:\/\/www.hoymercedes.com.ar\/principal\/2016\/06\/16\/santiago-malano-sera-jugador-de-valletta-fc-de-malta\/","title":{"rendered":"Santiago Malano ser\u00e1 jugador de Valletta FC de Malta"},"content":{"rendered":"<p><strong><em>Por Ariel Musante \/ El delantero surgido en Racing dej\u00f3 el Rangers de Talca chileno, donde pele\u00f3 por el ascenso a Primera en la \u00faltima temporada y ahora ser\u00e1 jugador del conjunto europeo y en el que juegan otros tres argentinos.<\/em><\/strong><\/p>\n<p><img loading=\"lazy\" decoding=\"async\" data-attachment-id=\"51344\" data-permalink=\"https:\/\/www.hoymercedes.com.ar\/principal\/2016\/06\/16\/santiago-malano-sera-jugador-de-valletta-fc-de-malta\/16-santiago-malano-vs-santiago-morning\/#main\" data-orig-file=\"https:\/\/www.hoymercedes.com.ar\/principal\/wp-content\/uploads\/2016\/06\/16-Santiago-Malano-Vs-Santiago-Morning.jpg\" data-orig-size=\"448,298\" data-comments-opened=\"1\" data-image-meta=\"{&quot;aperture&quot;:&quot;5.6&quot;,&quot;credit&quot;:&quot;&quot;,&quot;camera&quot;:&quot;Canon EOS 60D&quot;,&quot;caption&quot;:&quot;&quot;,&quot;created_timestamp&quot;:&quot;1380470787&quot;,&quot;copyright&quot;:&quot;&quot;,&quot;focal_length&quot;:&quot;125&quot;,&quot;iso&quot;:&quot;100&quot;,&quot;shutter_speed&quot;:&quot;0.0015625&quot;,&quot;title&quot;:&quot;&quot;,&quot;orientation&quot;:&quot;1&quot;}\" data-image-title=\"16 Santiago-Malano-Vs-Santiago-Morning\" data-image-description=\"\" data-image-caption=\"\" data-large-file=\"https:\/\/www.hoymercedes.com.ar\/principal\/wp-content\/uploads\/2016\/06\/16-Santiago-Malano-Vs-Santiago-Morning.jpg\" class=\"aligncenter size-full wp-image-51344\" src=\"https:\/\/www.hoymercedes.com.ar\/principal\/wp-content\/uploads\/2016\/06\/16-Santiago-Malano-Vs-Santiago-Morning.jpg\" alt=\"16 Santiago-Malano-Vs-Santiago-Morning\" width=\"448\" height=\"298\" srcset=\"https:\/\/www.hoymercedes.com.ar\/principal\/wp-content\/uploads\/2016\/06\/16-Santiago-Malano-Vs-Santiago-Morning.jpg 448w, https:\/\/www.hoymercedes.com.ar\/principal\/wp-content\/uploads\/2016\/06\/16-Santiago-Malano-Vs-Santiago-Morning-150x100.jpg 150w, https:\/\/www.hoymercedes.com.ar\/principal\/wp-content\/uploads\/2016\/06\/16-Santiago-Malano-Vs-Santiago-Morning-300x200.jpg 300w\" sizes=\"auto, (max-width: 448px) 100vw, 448px\" \/><\/p>\n<p>La incursi\u00f3n en Chile termin\u00f3 para Santiago Malano, quien hac\u00eda cinco a\u00f1os se encontraba en el pa\u00eds vecino y quien tuvo un buen desempe\u00f1o en los clubes en los que estuvo. Ahora, har\u00e1 las valijas para mudarse a Malta, un pa\u00eds europeo en el que jugar\u00e1 en el Valletta FC<\/p>\n<p>La \u00faltima temporada del delantero mercedino fue en Rangers de Talca, equipo de la Segunda Divisi\u00f3n de Chile, en el que fue titular en todos los partidos que jug\u00f3 y con el que lleg\u00f3 a disputar la semifinal del campeonato pero al perderla no pudo lograr el ascenso a Primera Divisi\u00f3n.<\/p>\n<p>Anteriorimente jug\u00f3 en Deportes Temuco y Audax Italiano de ese pa\u00eds y su primera incursi\u00f3n en el exterior fue en Colombia, donde tuvo un breve paso por el Deportivo C\u00facuta. Malano se inici\u00f3 en Racing, donde jug\u00f3 varios partidos en Primera Divisi\u00f3n y luego se fue a pr\u00e9stamo Atl\u00e9tico de Rafaela, jugando en el Nacional B.<\/p>\n<p>El Valletta FC es uno de los clubes m\u00e1s populares de la isla de Malta y es uno de los equipos que m\u00e1s t\u00edtulos han ganado con buenas rachas en las d\u00e9cadas de 1960 y 1970. Desde 1996 hasta 1999 Valletta logr\u00f3 3 t\u00edtulos de liga consecutivos, con un doblete de Copa y Liga en la campa\u00f1a 1998-99. En la 2000-01 consiguieron un hist\u00f3rico triplete al vencer en Liga, Copa y Supercopa maltesas.<\/p>\n<p>Tendr\u00e1 como compa\u00f1eros a tres argentinos, Leandro Aguirre (ex Boca y Aldosivi), Federico Falcone (Ex Newells) y Juan Cruz Gill (ex Talleres de C\u00f3rdoba).<\/p>\n","protected":false},"excerpt":{"rendered":"<p>Por Ariel Musante \/ El delantero surgido en Racing dej\u00f3 el Rangers de Talca chileno, donde pele\u00f3 por el ascenso &#8230; <a title=\"Santiago Malano ser\u00e1 jugador de Valletta FC de Malta\" class=\"read-more\" href=\"https:\/\/www.hoymercedes.com.ar\/principal\/2016\/06\/16\/santiago-malano-sera-jugador-de-valletta-fc-de-malta\/\" aria-label=\"Leer m\u00e1s sobre Santiago Malano ser\u00e1 jugador de Valletta FC de Malta\">Leer m\u00e1s<\/a><\/p>\n","protected":false},"author":1,"featured_media":51344,"comment_status":"open","ping_status":"open","sticky":false,"template":"","format":"standard","meta":{"_monsterinsights_skip_tracking":false,"_monsterinsights_sitenote_active":false,"_monsterinsights_sitenote_note":"","_monsterinsights_sitenote_category":0,"jetpack_post_was_ever_published":false,"_jetpack_newsletter_access":"","_jetpack_dont_email_post_to_subs":false,"_jetpack_newsletter_tier_id":0,"_jetpack_memberships_contains_paywalled_content":false,"_jetpack_memberships_contains_paid_content":false,"footnotes":"","jetpack_publicize_message":"","jetpack_publicize_feature_enabled":true,"jetpack_social_post_already_shared":true,"jetpack_social_options":{"image_generator_settings":{"template":"highway","default_image_id":0,"font":"","enabled":false},"version":2},"_wpas_customize_per_network":false},"categories":[21],"tags":[204,1003,9494,8733],"class_list":["post-51343","post","type-post","status-publish","format-standard","has-post-thumbnail","hentry","category-deportes","tag-deportes-2","tag-futbol","tag-malano","tag-musante","generate-columns","tablet-grid-50","mobile-grid-100","grid-parent","grid-50"],"jetpack_publicize_connections":[],"jetpack_featured_media_url":"https:\/\/www.hoymercedes.com.ar\/principal\/wp-content\/uploads\/2016\/06\/16-Santiago-Malano-Vs-Santiago-Morning.jpg","wps_subtitle":"S\u00e9ptimo club en su carrera","jetpack_sharing_enabled":true,"_links":{"self":[{"href":"https:\/\/www.hoymercedes.com.ar\/principal\/wp-json\/wp\/v2\/posts\/51343","targetHints":{"allow":["GET"]}}],"collection":[{"href":"https:\/\/www.hoymercedes.com.ar\/principal\/wp-json\/wp\/v2\/posts"}],"about":[{"href":"https:\/\/www.hoymercedes.com.ar\/principal\/wp-json\/wp\/v2\/types\/post"}],"author":[{"embeddable":true,"href":"https:\/\/www.hoymercedes.com.ar\/principal\/wp-json\/wp\/v2\/users\/1"}],"replies":[{"embeddable":true,"href":"https:\/\/www.hoymercedes.com.ar\/principal\/wp-json\/wp\/v2\/comments?post=51343"}],"version-history":[{"count":0,"href":"https:\/\/www.hoymercedes.com.ar\/principal\/wp-json\/wp\/v2\/posts\/51343\/revisions"}],"wp:featuredmedia":[{"embeddable":true,"href":"https:\/\/www.hoymercedes.com.ar\/principal\/wp-json\/wp\/v2\/media\/51344"}],"wp:attachment":[{"href":"https:\/\/www.hoymercedes.com.ar\/principal\/wp-json\/wp\/v2\/media?parent=51343"}],"wp:term":[{"taxonomy":"category","embeddable":true,"href":"https:\/\/www.hoymercedes.com.ar\/principal\/wp-json\/wp\/v2\/categories?post=51343"},{"taxonomy":"post_tag","embeddable":true,"href":"https:\/\/www.hoymercedes.com.ar\/principal\/wp-json\/wp\/v2\/tags?post=51343"}],"curies":[{"name":"wp","href":"https:\/\/api.w.org\/{rel}","templated":true}]}}