{"id":5137,"date":"2011-06-21T03:22:35","date_gmt":"2011-06-21T03:22:35","guid":{"rendered":"http:\/\/www.hoymercedes.com.ar\/principal\/?p=5137"},"modified":"2011-06-21T03:30:04","modified_gmt":"2011-06-21T03:30:04","slug":"joven-de-20-anos-muere-tras-recibir-puntazo-de-arma-blanca","status":"publish","type":"post","link":"https:\/\/www.hoymercedes.com.ar\/principal\/2011\/06\/21\/joven-de-20-anos-muere-tras-recibir-puntazo-de-arma-blanca\/","title":{"rendered":"Joven de 20 a\u00f1os muere tras recibir puntazo de arma blanca"},"content":{"rendered":"<figure id=\"attachment_1978\" aria-describedby=\"caption-attachment-1978\" style=\"width: 290px\" class=\"wp-caption alignleft\"><a href=\"https:\/\/www.hoymercedes.com.ar\/principal\/wp-content\/uploads\/2011\/02\/fabioflores.jpg\"><img loading=\"lazy\" decoding=\"async\" data-attachment-id=\"1978\" data-permalink=\"https:\/\/www.hoymercedes.com.ar\/principal\/2011\/02\/03\/el-comisario-flores-se-refirio-a-operativos-en-la-ciudad\/fabioflores\/#main\" data-orig-file=\"https:\/\/www.hoymercedes.com.ar\/principal\/wp-content\/uploads\/2011\/02\/fabioflores.jpg\" data-orig-size=\"300,225\" data-comments-opened=\"1\" data-image-meta=\"{&quot;aperture&quot;:&quot;5.2&quot;,&quot;credit&quot;:&quot;&quot;,&quot;camera&quot;:&quot;COOLPIX L10&quot;,&quot;caption&quot;:&quot;&quot;,&quot;created_timestamp&quot;:&quot;1280900553&quot;,&quot;copyright&quot;:&quot;Copyright 2006&quot;,&quot;focal_length&quot;:&quot;18.6&quot;,&quot;iso&quot;:&quot;400&quot;,&quot;shutter_speed&quot;:&quot;0.016666666666667&quot;,&quot;title&quot;:&quot;&quot;}\" data-image-title=\"fabioflores\" data-image-description=\"&lt;p&gt;Fabio Flores&lt;\/p&gt;\n\" data-image-caption=\"&lt;p&gt;Fabio Flores&lt;\/p&gt;\n\" data-large-file=\"https:\/\/www.hoymercedes.com.ar\/principal\/wp-content\/uploads\/2011\/02\/fabioflores.jpg\" class=\"size-full wp-image-1978\" title=\"fabioflores\" src=\"https:\/\/www.hoymercedes.com.ar\/principal\/wp-content\/uploads\/2011\/02\/fabioflores.jpg\" alt=\"\" width=\"300\" height=\"225\" \/><\/a><figcaption id=\"caption-attachment-1978\" class=\"wp-caption-text\">Fabio Flores<\/figcaption><\/figure>\n<p>Nuevamente una pelea callejera termino con un  hecho de sangre que se registr\u00f3 este fin de semana. El resultado fue la muerte de un joven de 20 a\u00f1os qui\u00e9n recibi\u00f3 un puntazo con un arma blanca en su pecho a la altura del coraz\u00f3n.<\/p>\n<p>El titular de la Estaci\u00f3n Comunal Mercedes de Polic\u00eda, Comisario Fabio Flores sostuvo al ser consultado por los medios locales que: <em>\u201ceste lamentable episodio ocurri\u00f3 en la noche de viernes, madrugada del s\u00e1bado, cuando por  la esquina de 36 y 43 alrededor de las 12.30 de la noche pasaron dos j\u00f3venes que protagonizaron un incidente verbal con alrededor de seis personas que se encontraban conversando en la casa ubicada en dicha esquina llegando dicha discusi\u00f3n a los golpes de manos pero en ese momento todo eso termin\u00f3 s\u00f3lo con  la agresi\u00f3n y nada m\u00e1s.\u00a0Pero una hora y media m\u00e1s tarde uno de esos j\u00f3venes, el que en definitiva perdi\u00f3 la vida, volvi\u00f3 a pasar por el lugar con su amigo, pero ahora acompa\u00f1ado por el hermano de este y se encontraron con que el progenitor de una de las personas con quienes antes hab\u00edan discutido, sin mediar palabra alguna, se tir\u00f3  sobre el joven de 20 a\u00f1os identificado como  Esteban M\u00e9ndez aplic\u00e1ndole un puntazo en el pecho a la altura del coraz\u00f3n.\u00bb<\/em><\/p>\n<p>Los compa\u00f1eros del apu\u00f1alado detuvieron un veh\u00edculo que ocasionalmente transitaba por el lugar y procedieron a llevarlo a la guardia del Hospital Blas L Dubarry. \u00a0Lamentablemente al ingresar a dicho servicio ya hab\u00eda fallecido v\u00edctima de la tremenda gravedad de la herida sufrida.<\/p>\n<p><em>\u00abLos vecinos dada la situaci\u00f3n hab\u00edan alertado a la Polic\u00eda que ya se encontraba pr\u00f3xima al lugar con lo cual r\u00e1pidamente pudo detener al autor del hecho que result\u00f3 ser Rolando Pereyra de cincuenta y ocho a\u00f1os de edad\u201d<\/em>, afirm\u00f3 Flores.<\/p>\n<p>El Comisario Flores no supo decir cuales pudieron ser los motivos que originaron la discusi\u00f3n que culmin\u00f3 con la tr\u00e1gica muerte del joven M\u00e9ndez pero aclar\u00f3:\u00a0<em>\u201cen principio de acuerdo a los datos que manejo la mayor\u00eda de las personas que intervinieron en este lamentable episodio que una vez m\u00e1s ti\u00f1e de sangre la ciudad se encontraban bajos los efectos del alcohol as\u00ed que de ninguna manera descartamos que este incidente haya sido producto de anteriores problemas que estas dos personas habr\u00edan tenido, pero por el momento desconocemos de manera concreta porque el ataque con el arma blanca\u201d<\/em><\/p>\n","protected":false},"excerpt":{"rendered":"<p>Nuevamente una pelea callejera termino con un hecho de sangre que se registr\u00f3 este fin de semana. El resultado fue &#8230; <a title=\"Joven de 20 a\u00f1os muere tras recibir puntazo de arma blanca\" class=\"read-more\" href=\"https:\/\/www.hoymercedes.com.ar\/principal\/2011\/06\/21\/joven-de-20-anos-muere-tras-recibir-puntazo-de-arma-blanca\/\" aria-label=\"Leer m\u00e1s sobre Joven de 20 a\u00f1os muere tras recibir puntazo de arma blanca\">Leer m\u00e1s<\/a><\/p>\n","protected":false},"author":1,"featured_media":0,"comment_status":"open","ping_status":"open","sticky":false,"template":"","format":"standard","meta":{"_monsterinsights_skip_tracking":false,"_monsterinsights_sitenote_active":false,"_monsterinsights_sitenote_note":"","_monsterinsights_sitenote_category":0,"jetpack_post_was_ever_published":false,"_jetpack_newsletter_access":"","_jetpack_dont_email_post_to_subs":false,"_jetpack_newsletter_tier_id":0,"_jetpack_memberships_contains_paywalled_content":false,"_jetpack_memberships_contains_paid_content":false,"footnotes":"","jetpack_publicize_message":"","jetpack_publicize_feature_enabled":true,"jetpack_social_post_already_shared":false,"jetpack_social_options":{"image_generator_settings":{"template":"highway","default_image_id":0,"font":"","enabled":false},"version":2},"_wpas_customize_per_network":false},"categories":[85],"tags":[940,746,939],"class_list":["post-5137","post","type-post","status-publish","format-standard","hentry","category-policial","tag-comisario-fabio-flores","tag-departamental-mercedes","tag-muere-joven-apunalado","generate-columns","tablet-grid-50","mobile-grid-100","grid-parent","grid-50"],"jetpack_publicize_connections":[],"jetpack_featured_media_url":"","wps_subtitle":"","jetpack_sharing_enabled":true,"_links":{"self":[{"href":"https:\/\/www.hoymercedes.com.ar\/principal\/wp-json\/wp\/v2\/posts\/5137","targetHints":{"allow":["GET"]}}],"collection":[{"href":"https:\/\/www.hoymercedes.com.ar\/principal\/wp-json\/wp\/v2\/posts"}],"about":[{"href":"https:\/\/www.hoymercedes.com.ar\/principal\/wp-json\/wp\/v2\/types\/post"}],"author":[{"embeddable":true,"href":"https:\/\/www.hoymercedes.com.ar\/principal\/wp-json\/wp\/v2\/users\/1"}],"replies":[{"embeddable":true,"href":"https:\/\/www.hoymercedes.com.ar\/principal\/wp-json\/wp\/v2\/comments?post=5137"}],"version-history":[{"count":0,"href":"https:\/\/www.hoymercedes.com.ar\/principal\/wp-json\/wp\/v2\/posts\/5137\/revisions"}],"wp:attachment":[{"href":"https:\/\/www.hoymercedes.com.ar\/principal\/wp-json\/wp\/v2\/media?parent=5137"}],"wp:term":[{"taxonomy":"category","embeddable":true,"href":"https:\/\/www.hoymercedes.com.ar\/principal\/wp-json\/wp\/v2\/categories?post=5137"},{"taxonomy":"post_tag","embeddable":true,"href":"https:\/\/www.hoymercedes.com.ar\/principal\/wp-json\/wp\/v2\/tags?post=5137"}],"curies":[{"name":"wp","href":"https:\/\/api.w.org\/{rel}","templated":true}]}}