{"id":51384,"date":"2016-06-20T11:08:59","date_gmt":"2016-06-20T14:08:59","guid":{"rendered":"http:\/\/www.hoymercedes.com.ar\/principal\/?p=51384"},"modified":"2016-06-17T15:54:05","modified_gmt":"2016-06-17T18:54:05","slug":"festejos-por-el-primer-ano-del-mamm","status":"publish","type":"post","link":"https:\/\/www.hoymercedes.com.ar\/principal\/2016\/06\/20\/festejos-por-el-primer-ano-del-mamm\/","title":{"rendered":"Festejos por el primer a\u00f1o del MAMM"},"content":{"rendered":"<p>El pr\u00f3ximo 26 de junio se celebra el Primer Aniversario del Museo de Arte \u00abMunicipalidad de Mercedes\u00bb (MAMM). Para esto, el espacio cultural de la comuna llevar\u00e1 adelante un espect\u00e1culo \u00abmuy especial\u00bb.<\/p>\n<p><img loading=\"lazy\" decoding=\"async\" data-attachment-id=\"51363\" data-permalink=\"https:\/\/www.hoymercedes.com.ar\/principal\/2016\/06\/17\/sergio-gomez-habia-que-faltarle-el-respeto-a-los-grandes\/20-mamm-aniversario\/#main\" data-orig-file=\"https:\/\/www.hoymercedes.com.ar\/principal\/wp-content\/uploads\/2016\/06\/20-MAMM-aniversario.jpg\" data-orig-size=\"448,336\" data-comments-opened=\"1\" data-image-meta=\"{&quot;aperture&quot;:&quot;0&quot;,&quot;credit&quot;:&quot;&quot;,&quot;camera&quot;:&quot;&quot;,&quot;caption&quot;:&quot;&quot;,&quot;created_timestamp&quot;:&quot;0&quot;,&quot;copyright&quot;:&quot;&quot;,&quot;focal_length&quot;:&quot;0&quot;,&quot;iso&quot;:&quot;0&quot;,&quot;shutter_speed&quot;:&quot;0&quot;,&quot;title&quot;:&quot;&quot;,&quot;orientation&quot;:&quot;0&quot;}\" data-image-title=\"20 MAMM aniversario\" data-image-description=\"\" data-image-caption=\"\" data-large-file=\"https:\/\/www.hoymercedes.com.ar\/principal\/wp-content\/uploads\/2016\/06\/20-MAMM-aniversario.jpg\" class=\"aligncenter size-full wp-image-51363\" src=\"https:\/\/www.hoymercedes.com.ar\/principal\/wp-content\/uploads\/2016\/06\/20-MAMM-aniversario.jpg\" alt=\"20 MAMM aniversario\" width=\"448\" height=\"336\" srcset=\"https:\/\/www.hoymercedes.com.ar\/principal\/wp-content\/uploads\/2016\/06\/20-MAMM-aniversario.jpg 448w, https:\/\/www.hoymercedes.com.ar\/principal\/wp-content\/uploads\/2016\/06\/20-MAMM-aniversario-150x113.jpg 150w\" sizes=\"auto, (max-width: 448px) 100vw, 448px\" \/><\/p>\n<p>Denominado \u00abUn Sentir y Un Cantar Desde El Alma Mercedina\u00bb, rindiendo homenaje a la ciudad de Mercedes en su 264\u00ba aniversario, actuar\u00e1n Virginia Altube (voz), Rodrigo Acttis (guitarra y arm\u00f3nica), Dami\u00e1n Tessore (guitarra y arreglos) y Juan L\u00f3pez Courtade (en percusi\u00f3n).<\/p>\n<p>A trav\u00e9s de un repertorio de autores y compositores mercedinos, entre los que se encuentran Mar\u00eda Elena Rapela de Bustos Berrondo, Juan Carlos D\u00edaz, Mauricio Capaccio, Argentino Valenzuela, Tito Sanguinetti, Walter perruolo, Marilina Erramuspe y otros, que expresan el sentir del pueblo a trav\u00e9s de su arte. En\u00a0las canciones de estas reconocidas figuras locales y las historias contenidas en ellas,\u00a0se centrar\u00e1 el espect\u00e1culo.<\/p>\n<p>El festejo ser\u00e1 el domingo 26 de junio, 18 horas, en el Museo de Arte Municipalidad de Mercedes de calle 23 entre 16 y 18.<\/p>\n","protected":false},"excerpt":{"rendered":"<p>El pr\u00f3ximo 26 de junio se celebra el Primer Aniversario del Museo de Arte \u00abMunicipalidad de Mercedes\u00bb (MAMM). Para esto, &#8230; <a title=\"Festejos por el primer a\u00f1o del MAMM\" class=\"read-more\" href=\"https:\/\/www.hoymercedes.com.ar\/principal\/2016\/06\/20\/festejos-por-el-primer-ano-del-mamm\/\" aria-label=\"Leer m\u00e1s sobre Festejos por el primer a\u00f1o del MAMM\">Leer m\u00e1s<\/a><\/p>\n","protected":false},"author":1,"featured_media":51363,"comment_status":"open","ping_status":"open","sticky":false,"template":"","format":"standard","meta":{"_monsterinsights_skip_tracking":false,"_monsterinsights_sitenote_active":false,"_monsterinsights_sitenote_note":"","_monsterinsights_sitenote_category":0,"jetpack_post_was_ever_published":false,"_jetpack_newsletter_access":"","_jetpack_dont_email_post_to_subs":false,"_jetpack_newsletter_tier_id":0,"_jetpack_memberships_contains_paywalled_content":false,"_jetpack_memberships_contains_paid_content":false,"footnotes":"","jetpack_publicize_message":"","jetpack_publicize_feature_enabled":true,"jetpack_social_post_already_shared":true,"jetpack_social_options":{"image_generator_settings":{"template":"highway","default_image_id":0,"font":"","enabled":false},"version":2},"_wpas_customize_per_network":false},"categories":[104],"tags":[8829,7805,8674],"class_list":["post-51384","post","type-post","status-publish","format-standard","has-post-thumbnail","hentry","category-cultura","tag-aniversario","tag-cultura","tag-mamm","generate-columns","tablet-grid-50","mobile-grid-100","grid-parent","grid-50"],"jetpack_publicize_connections":[],"jetpack_featured_media_url":"https:\/\/www.hoymercedes.com.ar\/principal\/wp-content\/uploads\/2016\/06\/20-MAMM-aniversario.jpg","wps_subtitle":"La cultura local de fiesta","jetpack_sharing_enabled":true,"_links":{"self":[{"href":"https:\/\/www.hoymercedes.com.ar\/principal\/wp-json\/wp\/v2\/posts\/51384","targetHints":{"allow":["GET"]}}],"collection":[{"href":"https:\/\/www.hoymercedes.com.ar\/principal\/wp-json\/wp\/v2\/posts"}],"about":[{"href":"https:\/\/www.hoymercedes.com.ar\/principal\/wp-json\/wp\/v2\/types\/post"}],"author":[{"embeddable":true,"href":"https:\/\/www.hoymercedes.com.ar\/principal\/wp-json\/wp\/v2\/users\/1"}],"replies":[{"embeddable":true,"href":"https:\/\/www.hoymercedes.com.ar\/principal\/wp-json\/wp\/v2\/comments?post=51384"}],"version-history":[{"count":0,"href":"https:\/\/www.hoymercedes.com.ar\/principal\/wp-json\/wp\/v2\/posts\/51384\/revisions"}],"wp:featuredmedia":[{"embeddable":true,"href":"https:\/\/www.hoymercedes.com.ar\/principal\/wp-json\/wp\/v2\/media\/51363"}],"wp:attachment":[{"href":"https:\/\/www.hoymercedes.com.ar\/principal\/wp-json\/wp\/v2\/media?parent=51384"}],"wp:term":[{"taxonomy":"category","embeddable":true,"href":"https:\/\/www.hoymercedes.com.ar\/principal\/wp-json\/wp\/v2\/categories?post=51384"},{"taxonomy":"post_tag","embeddable":true,"href":"https:\/\/www.hoymercedes.com.ar\/principal\/wp-json\/wp\/v2\/tags?post=51384"}],"curies":[{"name":"wp","href":"https:\/\/api.w.org\/{rel}","templated":true}]}}