{"id":51399,"date":"2016-06-17T23:38:36","date_gmt":"2016-06-18T02:38:36","guid":{"rendered":"http:\/\/www.hoymercedes.com.ar\/principal\/?p=51399"},"modified":"2016-06-17T23:38:36","modified_gmt":"2016-06-18T02:38:36","slug":"proyecto-de-separacion-de-residuos-en-la-unidad-5","status":"publish","type":"post","link":"https:\/\/www.hoymercedes.com.ar\/principal\/2016\/06\/17\/proyecto-de-separacion-de-residuos-en-la-unidad-5\/","title":{"rendered":"Proyecto de separaci\u00f3n de residuos en la Unidad 5"},"content":{"rendered":"<p><img loading=\"lazy\" decoding=\"async\" data-attachment-id=\"51400\" data-permalink=\"https:\/\/www.hoymercedes.com.ar\/principal\/2016\/06\/17\/proyecto-de-separacion-de-residuos-en-la-unidad-5\/u5\/#main\" data-orig-file=\"https:\/\/www.hoymercedes.com.ar\/principal\/wp-content\/uploads\/2016\/06\/u5.jpg\" data-orig-size=\"600,450\" data-comments-opened=\"1\" data-image-meta=\"{&quot;aperture&quot;:&quot;4.8&quot;,&quot;credit&quot;:&quot;&quot;,&quot;camera&quot;:&quot;KODAK EASYSHARE V1003 ZOOM DIGITAL CAMERA&quot;,&quot;caption&quot;:&quot;&quot;,&quot;created_timestamp&quot;:&quot;1418144376&quot;,&quot;copyright&quot;:&quot;&quot;,&quot;focal_length&quot;:&quot;7.5&quot;,&quot;iso&quot;:&quot;80&quot;,&quot;shutter_speed&quot;:&quot;0.00125&quot;,&quot;title&quot;:&quot;&quot;,&quot;orientation&quot;:&quot;1&quot;}\" data-image-title=\"u5\" data-image-description=\"\" data-image-caption=\"\" data-large-file=\"https:\/\/www.hoymercedes.com.ar\/principal\/wp-content\/uploads\/2016\/06\/u5.jpg\" class=\"aligncenter size-full wp-image-51400\" src=\"https:\/\/www.hoymercedes.com.ar\/principal\/wp-content\/uploads\/2016\/06\/u5.jpg\" alt=\"u5\" width=\"600\" height=\"450\" srcset=\"https:\/\/www.hoymercedes.com.ar\/principal\/wp-content\/uploads\/2016\/06\/u5.jpg 600w, https:\/\/www.hoymercedes.com.ar\/principal\/wp-content\/uploads\/2016\/06\/u5-150x113.jpg 150w\" sizes=\"auto, (max-width: 600px) 100vw, 600px\" \/>El d\u00eda jueves 16 se llev\u00f3 adelante una reuni\u00f3n entre el Juez de Ejecuci\u00f3n N\u00b0 2 Dr. Ricardo Oliveira Bucarini, representantes de la ONG, \u00abNosotros te Acompa\u00f1amos\u00bb que conduce Walter Flores y la Hermana Estela Buet, el Ingeniero Carlos Mayon de Eco Park, y el Director de la Unidad Adolfo Cers\u00f3simo, para ultimar detalles del proyecto\u00a0 presentado para separar los residuos que se generan dentro de la c\u00e1rcel, y esto es apoyado institucionalmente por el Subdirector General de Trabajo Penitenciario Miguel Magdalena.<\/p>\n<p>Se vieron los posibles lugares para destinarse a la separaci\u00f3n de residuos, donde se pueden ubicar los bultos una vez realizados (deben estar bajo techo), se recorri\u00f3 la cocina y la huerta para ver la posibilidad de generar compost, etc.<\/p>\n<p>El proyecto cuenta con la capacitaci\u00f3n y gu\u00eda a los internos que se dedicaran a trabajar en la separaci\u00f3n, por el In. Carlos Mayon, que vendr\u00e1 todos los d\u00edas lunes durante 4 horas a explicar y ver si se est\u00e1 haciendo de manera correcta y la continuidad del mismo.<\/p>\n<p>El asesoramiento se brindar\u00e1 en la correcta separaci\u00f3n en origen, la clasificaci\u00f3n de los mismos, estrategias de ubicaci\u00f3n, adem\u00e1s de empezar a crear se\u00f1alectica y concientizaci\u00f3n en otros sectores de la unidad, con acciones de comunicaci\u00f3n e informaci\u00f3n a los usuarios sobre los beneficios de hacerlo.<\/p>\n<p>El proyecto incluye la viabilidad de una fuente de ingresos laborales, ya que Mayon les ir\u00e1 explicando el circuito comercial del mismo, y la ONG, \u201cNosotros te Acompa\u00f1amos\u201d que brinda apoyo cuando recuperan su libertad lo acerc\u00f3 a la Unidad con esa perspectiva, una posibilidad m\u00e1s de trabajo.<\/p>\n<p>&nbsp;<\/p>\n","protected":false},"excerpt":{"rendered":"<p>El d\u00eda jueves 16 se llev\u00f3 adelante una reuni\u00f3n entre el Juez de Ejecuci\u00f3n N\u00b0 2 Dr. Ricardo Oliveira Bucarini, &#8230; <a title=\"Proyecto de separaci\u00f3n de residuos en la Unidad 5\" class=\"read-more\" href=\"https:\/\/www.hoymercedes.com.ar\/principal\/2016\/06\/17\/proyecto-de-separacion-de-residuos-en-la-unidad-5\/\" aria-label=\"Leer m\u00e1s sobre Proyecto de separaci\u00f3n de residuos en la Unidad 5\">Leer m\u00e1s<\/a><\/p>\n","protected":false},"author":1,"featured_media":51400,"comment_status":"open","ping_status":"open","sticky":false,"template":"","format":"standard","meta":{"_monsterinsights_skip_tracking":false,"_monsterinsights_sitenote_active":false,"_monsterinsights_sitenote_note":"","_monsterinsights_sitenote_category":0,"jetpack_post_was_ever_published":false,"_jetpack_newsletter_access":"","_jetpack_dont_email_post_to_subs":false,"_jetpack_newsletter_tier_id":0,"_jetpack_memberships_contains_paywalled_content":false,"_jetpack_memberships_contains_paid_content":false,"footnotes":"","jetpack_publicize_message":"","jetpack_publicize_feature_enabled":true,"jetpack_social_post_already_shared":true,"jetpack_social_options":{"image_generator_settings":{"template":"highway","default_image_id":0,"font":"","enabled":false},"version":2},"_wpas_customize_per_network":false},"categories":[8],"tags":[2905,113],"class_list":["post-51399","post","type-post","status-publish","format-standard","has-post-thumbnail","hentry","category-sociedad","tag-separacion-de-residuos","tag-unidad-5","generate-columns","tablet-grid-50","mobile-grid-100","grid-parent","grid-50"],"jetpack_publicize_connections":[],"jetpack_featured_media_url":"https:\/\/www.hoymercedes.com.ar\/principal\/wp-content\/uploads\/2016\/06\/u5.jpg","wps_subtitle":"Ofrece salida laboral para los internos","jetpack_sharing_enabled":true,"_links":{"self":[{"href":"https:\/\/www.hoymercedes.com.ar\/principal\/wp-json\/wp\/v2\/posts\/51399","targetHints":{"allow":["GET"]}}],"collection":[{"href":"https:\/\/www.hoymercedes.com.ar\/principal\/wp-json\/wp\/v2\/posts"}],"about":[{"href":"https:\/\/www.hoymercedes.com.ar\/principal\/wp-json\/wp\/v2\/types\/post"}],"author":[{"embeddable":true,"href":"https:\/\/www.hoymercedes.com.ar\/principal\/wp-json\/wp\/v2\/users\/1"}],"replies":[{"embeddable":true,"href":"https:\/\/www.hoymercedes.com.ar\/principal\/wp-json\/wp\/v2\/comments?post=51399"}],"version-history":[{"count":0,"href":"https:\/\/www.hoymercedes.com.ar\/principal\/wp-json\/wp\/v2\/posts\/51399\/revisions"}],"wp:featuredmedia":[{"embeddable":true,"href":"https:\/\/www.hoymercedes.com.ar\/principal\/wp-json\/wp\/v2\/media\/51400"}],"wp:attachment":[{"href":"https:\/\/www.hoymercedes.com.ar\/principal\/wp-json\/wp\/v2\/media?parent=51399"}],"wp:term":[{"taxonomy":"category","embeddable":true,"href":"https:\/\/www.hoymercedes.com.ar\/principal\/wp-json\/wp\/v2\/categories?post=51399"},{"taxonomy":"post_tag","embeddable":true,"href":"https:\/\/www.hoymercedes.com.ar\/principal\/wp-json\/wp\/v2\/tags?post=51399"}],"curies":[{"name":"wp","href":"https:\/\/api.w.org\/{rel}","templated":true}]}}