{"id":51402,"date":"2016-06-17T23:41:16","date_gmt":"2016-06-18T02:41:16","guid":{"rendered":"http:\/\/www.hoymercedes.com.ar\/principal\/?p=51402"},"modified":"2016-06-17T23:41:16","modified_gmt":"2016-06-18T02:41:16","slug":"trocha-goleo-a-estudiantes-y-ahora-manda","status":"publish","type":"post","link":"https:\/\/www.hoymercedes.com.ar\/principal\/2016\/06\/17\/trocha-goleo-a-estudiantes-y-ahora-manda\/","title":{"rendered":"Trocha gole\u00f3 a Estudiantes y ahora manda"},"content":{"rendered":"<p><img loading=\"lazy\" decoding=\"async\" data-attachment-id=\"46317\" data-permalink=\"https:\/\/www.hoymercedes.com.ar\/principal\/2015\/12\/08\/por-penales-trocha-gano-el-clausura\/musante-ariel-2\/#main\" data-orig-file=\"https:\/\/www.hoymercedes.com.ar\/principal\/wp-content\/uploads\/2015\/12\/musante-ariel.png\" data-orig-size=\"630,100\" data-comments-opened=\"1\" data-image-meta=\"{&quot;aperture&quot;:&quot;0&quot;,&quot;credit&quot;:&quot;&quot;,&quot;camera&quot;:&quot;&quot;,&quot;caption&quot;:&quot;&quot;,&quot;created_timestamp&quot;:&quot;0&quot;,&quot;copyright&quot;:&quot;&quot;,&quot;focal_length&quot;:&quot;0&quot;,&quot;iso&quot;:&quot;0&quot;,&quot;shutter_speed&quot;:&quot;0&quot;,&quot;title&quot;:&quot;&quot;,&quot;orientation&quot;:&quot;0&quot;}\" data-image-title=\"musante-ariel\" data-image-description=\"\" data-image-caption=\"\" data-large-file=\"https:\/\/www.hoymercedes.com.ar\/principal\/wp-content\/uploads\/2015\/12\/musante-ariel.png\" class=\"aligncenter size-medium wp-image-46317\" src=\"https:\/\/www.hoymercedes.com.ar\/principal\/wp-content\/uploads\/2015\/12\/musante-ariel-630x100.png\" alt=\"musante-ariel\" width=\"630\" height=\"100\" srcset=\"https:\/\/www.hoymercedes.com.ar\/principal\/wp-content\/uploads\/2015\/12\/musante-ariel.png 630w, https:\/\/www.hoymercedes.com.ar\/principal\/wp-content\/uploads\/2015\/12\/musante-ariel-150x24.png 150w\" sizes=\"auto, (max-width: 630px) 100vw, 630px\" \/><\/p>\n<p><strong>Por Ariel Musante \/ La Carbonilla venci\u00f3 5 a 0 a un deslucido Pincha que sigue en ca\u00edda libre, y aprovech\u00f3 el empate de El Front\u00f3n ante Comunicaciones para quedar como el nuevo puntero del Apertura. Juventud derrot\u00f3 a Quilmes, Ateneo a Pabell\u00f3n, Palometas a Costa Brava y tambi\u00e9n empat\u00f3 Mercedes en Marcos Paz.<\/strong><\/p>\n<p>El feriado del viernes se aprovech\u00f3 para que el Apertura de la Liga Mercedina pueda adelantar al menos una semana, teniendo en cuenta que tuvo muchas suspensiones entre abril y marzo y entonces en estos cuadro d\u00edas habr\u00e1 doble jornada de f\u00fatbol. La primera de ellas, dej\u00f3 a Trocha como \u00fanico l\u00edder del campeonato, porque el cuadro de M\u00f3dolo gole\u00f3 5 a 0 a un Estudiantes que volvi\u00f3 a perder en forma abultada y empieza a perder terreno de cara a ingresar a la Liguilla.<\/p>\n<p>Trocha, tras vencer, se qued\u00f3 esperando el partido siguiente, en el que El Front\u00f3n visitaba a Comunicaciones en un partido muy complicado para los de Germ\u00e1n Stopiello, quienes de movida sab\u00edan que el Cartero era un rival complicado y en el transcurso del partido le jug\u00f3 de igual a igual, en el que el conjunto mercedino nunca se vio superado por los de Giles. Tras un error en la salida, a los diez minutos del segundo tiempo la visita se puso 1 a 0 con gol de Medina, quien le rob\u00f3 la pelota Silva y se meti\u00f3 en el \u00e1rea para rematar en forma violenta ante un arquero que qued\u00f3 mal parado. Minutos despu\u00e9s, Enzo Medina gambete\u00f3 a dos defensores en el v\u00e9rtice del \u00e1rea izquierda de Roncoroni, y cuando se estaba cayendo remat\u00f3 al arco, poniendo la pelota en el \u00e1ngulo superior contrario.<\/p>\n<p>En el inicio de la jornada, Ateneo y Pabell\u00f3n de Marcos Paz jugaron un partido t\u00edpico de dos equipos con defensas endebles y terminaron 4 a 3, con tres goles de Alejandro Cardozo para los de Ariel Pil\u00eda. En el segundo turno, Juventud le gan\u00f3 3 a 1 a un Quilmes que deber\u00e1 buscar r\u00e1pido la recuperaci\u00f3n para no peligrar su ingreso a la Liguilla. Tras estar 2 a 0 abajo y jugando mal, en el segundo tiempo mejor\u00f3, lleg\u00f3 el descuento de Lucas Montero y despu\u00e9s el Lechero lo termin\u00f3 de rematar.<\/p>\n<p>Fuera de la ciudad, Mercedes ganaba 1 a 0 a San Marcos, que sobre el final se lo empat\u00f3, mientras que Palometas super\u00f3 por la m\u00ednima a Costa Brava con gol de Mart\u00edn Pastor. El pr\u00f3ximo lunes continuar\u00e1 el campeonato con la fecha 11 de un torneo que tiene 15.<\/p>\n<p>&nbsp;<\/p>\n<p>S\u00edntesis de la fecha 10<\/p>\n<p>&nbsp;<\/p>\n<p>Ateneo 4: Angel Pucheta y Angel Cardozo (3)<\/p>\n<p>Pabell\u00f3n 3: Victor Santana, Braian G\u00f3mez, Tom\u00e1s Gagliardi<\/p>\n<p>&nbsp;<\/p>\n<p>Quilmes 1: Lucas Montero<\/p>\n<p>Juventud 3: Joaqu\u00edn Sosa (2) y Daniel Mu\u00f1oz<\/p>\n<p>&nbsp;<\/p>\n<p>Trocha 5: Arias (2), Gonz\u00e1lez, Sigona y Salinas<\/p>\n<p>Estudiantes 0<\/p>\n<p>&nbsp;<\/p>\n<p>Costa Brava 0<\/p>\n<p>Palometas 1: Mart\u00edn Pastor<\/p>\n<p>&nbsp;<\/p>\n<p>San Marcos 1: Francisco Ver\u00f3n<\/p>\n<p>Mercedes 1: Solano Espil<\/p>\n<p>&nbsp;<\/p>\n<p>Comunicaciones 1: Enzo Mendoza<\/p>\n<p>El Front\u00f3n 1: Laureano Medina<\/p>\n<p>&nbsp;<\/p>\n<p>Pr\u00f3xima fecha<\/p>\n<p>Lunes 20<\/p>\n<p>Cancha: Liga Mercedina.<\/p>\n<p>A las 11 V\u00e9lez Sarsfield vs. El Tim\u00f3n.<\/p>\n<p>A las 13 Los Palometas vs. Comunicaciones.<\/p>\n<p>A las 15 Estudiantes vs. Juventud.<\/p>\n<p>A las 17 Trocha vs. San Marcos.<\/p>\n<p>&nbsp;<\/p>\n<p>Cancha: Pabell\u00f3n Argentino.<\/p>\n<p>A las 15 Pabell\u00f3n Argentino vs. Costa Brava.<\/p>\n<p>&nbsp;<\/p>\n<p>Martes 21<\/p>\n<p>Cancha: Liga Mercedina.<\/p>\n<p>A las 20 Mercedes vs. Ateneo<\/p>\n","protected":false},"excerpt":{"rendered":"<p>Por Ariel Musante \/ La Carbonilla venci\u00f3 5 a 0 a un deslucido Pincha que sigue en ca\u00edda libre, y &#8230; <a title=\"Trocha gole\u00f3 a Estudiantes y ahora manda\" class=\"read-more\" href=\"https:\/\/www.hoymercedes.com.ar\/principal\/2016\/06\/17\/trocha-goleo-a-estudiantes-y-ahora-manda\/\" aria-label=\"Leer m\u00e1s sobre Trocha gole\u00f3 a Estudiantes y ahora manda\">Leer m\u00e1s<\/a><\/p>\n","protected":false},"author":1,"featured_media":49718,"comment_status":"open","ping_status":"open","sticky":false,"template":"","format":"standard","meta":{"_monsterinsights_skip_tracking":false,"_monsterinsights_sitenote_active":false,"_monsterinsights_sitenote_note":"","_monsterinsights_sitenote_category":0,"jetpack_post_was_ever_published":false,"_jetpack_newsletter_access":"","_jetpack_dont_email_post_to_subs":false,"_jetpack_newsletter_tier_id":0,"_jetpack_memberships_contains_paywalled_content":false,"_jetpack_memberships_contains_paid_content":false,"footnotes":"","jetpack_publicize_message":"","jetpack_publicize_feature_enabled":true,"jetpack_social_post_already_shared":true,"jetpack_social_options":{"image_generator_settings":{"template":"highway","default_image_id":0,"font":"","enabled":false},"version":2},"_wpas_customize_per_network":false},"categories":[21],"tags":[1866],"class_list":["post-51402","post","type-post","status-publish","format-standard","has-post-thumbnail","hentry","category-deportes","tag-club-trocha","generate-columns","tablet-grid-50","mobile-grid-100","grid-parent","grid-50"],"jetpack_publicize_connections":[],"jetpack_featured_media_url":"https:\/\/www.hoymercedes.com.ar\/principal\/wp-content\/uploads\/2016\/05\/liga.jpg","wps_subtitle":"Cambio de punta en La Liga","jetpack_sharing_enabled":true,"_links":{"self":[{"href":"https:\/\/www.hoymercedes.com.ar\/principal\/wp-json\/wp\/v2\/posts\/51402","targetHints":{"allow":["GET"]}}],"collection":[{"href":"https:\/\/www.hoymercedes.com.ar\/principal\/wp-json\/wp\/v2\/posts"}],"about":[{"href":"https:\/\/www.hoymercedes.com.ar\/principal\/wp-json\/wp\/v2\/types\/post"}],"author":[{"embeddable":true,"href":"https:\/\/www.hoymercedes.com.ar\/principal\/wp-json\/wp\/v2\/users\/1"}],"replies":[{"embeddable":true,"href":"https:\/\/www.hoymercedes.com.ar\/principal\/wp-json\/wp\/v2\/comments?post=51402"}],"version-history":[{"count":0,"href":"https:\/\/www.hoymercedes.com.ar\/principal\/wp-json\/wp\/v2\/posts\/51402\/revisions"}],"wp:featuredmedia":[{"embeddable":true,"href":"https:\/\/www.hoymercedes.com.ar\/principal\/wp-json\/wp\/v2\/media\/49718"}],"wp:attachment":[{"href":"https:\/\/www.hoymercedes.com.ar\/principal\/wp-json\/wp\/v2\/media?parent=51402"}],"wp:term":[{"taxonomy":"category","embeddable":true,"href":"https:\/\/www.hoymercedes.com.ar\/principal\/wp-json\/wp\/v2\/categories?post=51402"},{"taxonomy":"post_tag","embeddable":true,"href":"https:\/\/www.hoymercedes.com.ar\/principal\/wp-json\/wp\/v2\/tags?post=51402"}],"curies":[{"name":"wp","href":"https:\/\/api.w.org\/{rel}","templated":true}]}}