{"id":51403,"date":"2016-06-18T11:40:13","date_gmt":"2016-06-18T14:40:13","guid":{"rendered":"http:\/\/www.hoymercedes.com.ar\/principal\/?p=51403"},"modified":"2016-06-17T23:42:38","modified_gmt":"2016-06-18T02:42:38","slug":"danzas-folckloricas-para-las-internas","status":"publish","type":"post","link":"https:\/\/www.hoymercedes.com.ar\/principal\/2016\/06\/18\/danzas-folckloricas-para-las-internas\/","title":{"rendered":"Danzas folckl\u00f3ricas para las internas"},"content":{"rendered":"<p><img loading=\"lazy\" decoding=\"async\" data-attachment-id=\"51405\" data-permalink=\"https:\/\/www.hoymercedes.com.ar\/principal\/2016\/06\/18\/danzas-folckloricas-para-las-internas\/uj5\/#main\" data-orig-file=\"https:\/\/www.hoymercedes.com.ar\/principal\/wp-content\/uploads\/2016\/06\/uj5.jpg\" data-orig-size=\"600,450\" data-comments-opened=\"1\" data-image-meta=\"{&quot;aperture&quot;:&quot;2.8&quot;,&quot;credit&quot;:&quot;&quot;,&quot;camera&quot;:&quot;KODAK EASYSHARE V1003 ZOOM DIGITAL CAMERA&quot;,&quot;caption&quot;:&quot;&quot;,&quot;created_timestamp&quot;:&quot;1418079963&quot;,&quot;copyright&quot;:&quot;&quot;,&quot;focal_length&quot;:&quot;7.5&quot;,&quot;iso&quot;:&quot;160&quot;,&quot;shutter_speed&quot;:&quot;0.016666666666667&quot;,&quot;title&quot;:&quot;&quot;,&quot;orientation&quot;:&quot;1&quot;}\" data-image-title=\"uj5\" data-image-description=\"\" data-image-caption=\"\" data-large-file=\"https:\/\/www.hoymercedes.com.ar\/principal\/wp-content\/uploads\/2016\/06\/uj5.jpg\" class=\"aligncenter size-full wp-image-51405\" src=\"https:\/\/www.hoymercedes.com.ar\/principal\/wp-content\/uploads\/2016\/06\/uj5.jpg\" alt=\"uj5\" width=\"600\" height=\"450\" srcset=\"https:\/\/www.hoymercedes.com.ar\/principal\/wp-content\/uploads\/2016\/06\/uj5.jpg 600w, https:\/\/www.hoymercedes.com.ar\/principal\/wp-content\/uploads\/2016\/06\/uj5-150x113.jpg 150w\" sizes=\"auto, (max-width: 600px) 100vw, 600px\" \/>En el marco de las Conmemoraciones\u00a0 de los feriados Nacionales, el fallecimiento de Mart\u00edn Miguel de G\u00fcemes, pr\u00f3cer de la independencia argentina, Salte\u00f1o y la muerte del General Belgrano, celebr\u00e1ndose el 20 de Junio el D\u00eda de la Bandera Nacional, las internas del Anexo femenino que funciona dentro de la Unidad 5, el d\u00eda mi\u00e9rcoles 15, recibieron a\u00a0 la Directora de la Escuela de Danzas Folkl\u00f3ricas Municipal y parte de sus alumnos para recordar las fechas y revivir parte de nuestra historia.<\/p>\n<p>El encuentro que se llevo a lo largo de dos horas, se dieron diferentes momentos, muestra de baile, una clase abierta con participaci\u00f3n de las detenidas, donde aprendieron unos de los ritmos tradicionales \u201cel gato\u201d, elegido tambi\u00e9n por la Profesora por ser muy popular en Salta y la primer danza Argentina.<\/p>\n<p>La Directora y Profesora Stella \u201c Tet\u00e9\u201d\u00a0 Betancour, les cont\u00f3 su experiencias en las escuelas donde da clases, su propia trayectoria, como estudi\u00f3 y como trabaj\u00f3 para llegar a recibirse; tambi\u00e9n las actividades que realizan como Ballet, como presentaciones en las Fiestas de Mercedes (del Salame Quintero, del Durazno y la Torta Frita), en las de localidades vecinas, etc.<\/p>\n<p>Destac\u00f3 Tete,\u00a0 que el Padrino del Ballet es el Chaque\u00f1o Palavecino, y realiz\u00f3 un recorrido hist\u00f3rico sobre\u00a0 la m\u00fasica tradicional. Explic\u00f3, por ejemplo, que en fechas conmemorativas (aniversarios de fallecimientos) no se puede bailar, solo si se explica que se va a representar un sal\u00f3n de la \u00e9poca,\u00a0 tambi\u00e9n dijo que los vestidos de la \u00e9poca eran corte imperio, (busto resaltado y luego cae la tela), ya que el miri\u00f1aque (corset y una gran pollera) lleg\u00f3 en el a\u00f1o 1840, pero los dibujos de representativos siempre lo ponen de esa manera.<\/p>\n<p>De \u00e9sta manera, el grupo dio una muy linda experiencia pasando por el baile, la historia, y la participaci\u00f3n de las internas, dejando muy buena impresi\u00f3n en los visitantes, que comentaron que se sintieron muy c\u00f3modos y que deseaban volver en otra oportunidad. Ellos fueron Nicolas Crema, Agust\u00edn Maraio, Miriam Bianco, Camila Celis, y la Profesora Stella Betancour.<\/p>\n<p>El Director de la Unidad Adolfo Cersosimo y el Subdirector de Asistencia y Tratamiento Fernando Gonz\u00e1lez G\u00fcemes agradecieron a los presentes por venir a bailar, charlar y aportar en cambiar la rutina de las internas y acompa\u00f1aron la actividad que fue coordinada por la responsable de la Oficina de Pre Egreso del Patronato de Liberados Celeste Burone<\/p>\n","protected":false},"excerpt":{"rendered":"<p>En el marco de las Conmemoraciones\u00a0 de los feriados Nacionales, el fallecimiento de Mart\u00edn Miguel de G\u00fcemes, pr\u00f3cer de la &#8230; <a title=\"Danzas folckl\u00f3ricas para las internas\" class=\"read-more\" href=\"https:\/\/www.hoymercedes.com.ar\/principal\/2016\/06\/18\/danzas-folckloricas-para-las-internas\/\" aria-label=\"Leer m\u00e1s sobre Danzas folckl\u00f3ricas para las internas\">Leer m\u00e1s<\/a><\/p>\n","protected":false},"author":1,"featured_media":51405,"comment_status":"open","ping_status":"open","sticky":false,"template":"","format":"standard","meta":{"_monsterinsights_skip_tracking":false,"_monsterinsights_sitenote_active":false,"_monsterinsights_sitenote_note":"","_monsterinsights_sitenote_category":0,"jetpack_post_was_ever_published":false,"_jetpack_newsletter_access":"","_jetpack_dont_email_post_to_subs":false,"_jetpack_newsletter_tier_id":0,"_jetpack_memberships_contains_paywalled_content":false,"_jetpack_memberships_contains_paid_content":false,"footnotes":"","jetpack_publicize_message":"","jetpack_publicize_feature_enabled":true,"jetpack_social_post_already_shared":true,"jetpack_social_options":{"image_generator_settings":{"template":"highway","default_image_id":0,"font":"","enabled":false},"version":2},"_wpas_customize_per_network":false},"categories":[8],"tags":[9502,113],"class_list":["post-51403","post","type-post","status-publish","format-standard","has-post-thumbnail","hentry","category-sociedad","tag-folclore","tag-unidad-5","generate-columns","tablet-grid-50","mobile-grid-100","grid-parent","grid-50"],"jetpack_publicize_connections":[],"jetpack_featured_media_url":"https:\/\/www.hoymercedes.com.ar\/principal\/wp-content\/uploads\/2016\/06\/uj5.jpg","wps_subtitle":"De la unidad 5","jetpack_sharing_enabled":true,"_links":{"self":[{"href":"https:\/\/www.hoymercedes.com.ar\/principal\/wp-json\/wp\/v2\/posts\/51403","targetHints":{"allow":["GET"]}}],"collection":[{"href":"https:\/\/www.hoymercedes.com.ar\/principal\/wp-json\/wp\/v2\/posts"}],"about":[{"href":"https:\/\/www.hoymercedes.com.ar\/principal\/wp-json\/wp\/v2\/types\/post"}],"author":[{"embeddable":true,"href":"https:\/\/www.hoymercedes.com.ar\/principal\/wp-json\/wp\/v2\/users\/1"}],"replies":[{"embeddable":true,"href":"https:\/\/www.hoymercedes.com.ar\/principal\/wp-json\/wp\/v2\/comments?post=51403"}],"version-history":[{"count":0,"href":"https:\/\/www.hoymercedes.com.ar\/principal\/wp-json\/wp\/v2\/posts\/51403\/revisions"}],"wp:featuredmedia":[{"embeddable":true,"href":"https:\/\/www.hoymercedes.com.ar\/principal\/wp-json\/wp\/v2\/media\/51405"}],"wp:attachment":[{"href":"https:\/\/www.hoymercedes.com.ar\/principal\/wp-json\/wp\/v2\/media?parent=51403"}],"wp:term":[{"taxonomy":"category","embeddable":true,"href":"https:\/\/www.hoymercedes.com.ar\/principal\/wp-json\/wp\/v2\/categories?post=51403"},{"taxonomy":"post_tag","embeddable":true,"href":"https:\/\/www.hoymercedes.com.ar\/principal\/wp-json\/wp\/v2\/tags?post=51403"}],"curies":[{"name":"wp","href":"https:\/\/api.w.org\/{rel}","templated":true}]}}